{"id":10901,"date":"2023-05-28T20:59:09","date_gmt":"2023-05-29T01:59:09","guid":{"rendered":"https:\/\/informebajio.com.mx\/?p=10901"},"modified":"2023-05-28T20:59:09","modified_gmt":"2023-05-29T01:59:09","slug":"conforman-comite-y-consejo-de-michoacan-primero","status":"publish","type":"post","link":"https:\/\/informebajio.com.mx\/?p=10901","title":{"rendered":"Conforman comit\u00e9 y consejo de Michoac\u00e1n Primero"},"content":{"rendered":"<div id=\"content-body-225-10135546\">\n<p>Morelia, Michoac\u00e1n (OEM-Infomex).- Un total de<b> 32 hombres y mujeres<\/b> rindieron protesta como integrantes del<b> Consejo Pol\u00edtico Estatal y Comit\u00e9 Ejecutivo de Michoac\u00e1n Primero<\/b>, el nuevo partido pol\u00edtico local que este fin de semana celebr\u00f3 su primera <b>Asamblea Estatal<\/b>.<\/p>\n<p>Encabezados por <b>Jos\u00e9 Antonio Plaza Urbina<\/b>, presidente estatal, <b>Miriam Alarc\u00f3n Ramos<\/b>, secretaria general, este instituto pol\u00edtico tiene como objetivo \u201c<b>hacer de la entidad una tierra de paz y prosperidad<\/b>\u201d.<\/p>\n<p>\u201cHoy, 28 de mayo, damos nuestros primeros pasos reafirmando nuestros ideales, mejorando nuestras normas y dando rostro y manos a esta tarea. Tenemos una meta y una ruta: este partido pol\u00edtico nace para hacer de <b>Michoac\u00e1n una tierra de paz y prosperidad<\/b>&#8220;, expres\u00f3 el dirigente.<\/p>\n<p>As\u00ed, en votaci\u00f3n, el Consejo Pol\u00edtico Estatal qued\u00f3 conformado por: Mar\u00eda de Jes\u00fas Hinojosa, de Par\u00e1cuaro; Beatriz Alzate Cruz, de Senguio; Mar\u00eda Margarita Ju\u00e1rez Yeo, de Tlalpujahua; Petra Barajas L\u00f3pez, de Tepalcatepec; Araceli Pineda Salazar, de Morelia; Lorena Santiba\u00f1ez Pineda, de Morelia; Raquel Mej\u00eda Campos, de Penjamillo; Angela Villanueva Figueroa, de Tingambato; Brenda Farf\u00e1n Ju\u00e1rez, de Coeneo, y Antonina Gonz\u00e1lez Leandro, de Tzintzuntzan.<\/p>\n<p>Le siguieron V\u00edctor Manuel Tinoco Tinoco, de Charo; Ricardo Alarc\u00f3n Ramos, de Morelia; C\u00e9sar Fabi\u00e1n Morales Estrada, de Nahuatzen; Jorge Leonardo Efra\u00edn Barajas, de Brise\u00f1as; Rogelio Adbincola Cuadros, de Sixto Verduzco; Jos\u00e9 Efra\u00edn Garc\u00eda Ch\u00e1vez, de Morelia; Vicente Aparicio Baltazar, de Chilchota; Jos\u00e9 Luis Luna de Panind\u00edcuaro; Heliberto Carrillo Castillo, de Huaniqueo; y Jorge Gerardo Z\u00e1rate Magdaleno, de Zamora. <\/p>\n<p>En lo que respecta al Comit\u00e9 Ejecutivo Estatal, forman parte Mar\u00eda Concepci\u00f3n Arreola Villase\u00f1or, Isela Vega Coria, Rosa Martha Garc\u00eda Loeza, Sarah\u00ed Nayeli Alarc\u00f3n Cervantes, Cecilia Guadalupe Chagoll\u00e1n Iba\u00f1ez, \u00c1ngel Iv\u00e1n Ayala Ramos, Ad\u00e1n Cruz Casta\u00f1eda, Roberto Cruz Rodriguez, Jos\u00e9 Maciel Guerrero y Mart\u00edn Ch\u00e1vez Gonz\u00e1lez.<\/p>\n<p>Dentro de la asamblea, y en apego a los lineamientos de <b>Instituto Electoral de Michoac\u00e1n<\/b>, se modificaron los <b>Estatutos Generales, Declaraci\u00f3n de Principios y Programa de Acci\u00f3n<\/b>, a fin de garantizar el derecho a la igualdad entre hombres y mujeres dentro del partido. <\/p>\n<p>Michoac\u00e1n Primero entrar\u00e1 en funciones como partido pol\u00edtico local a partir del primero de julio, al contar con m\u00e1s de <b>11 mil militantes<\/b> reconocidos por el \u00f3rgano electoral.<\/p>\n<\/div>\n<p><script>(function(d, s, id) {\nvar js, fjs = d.getElementsByTagName(s)[0];\nif (d.getElementById(id)) return;\njs = d.createElement(s); js.id = id;\njs.src = 'https:\/\/connect.facebook.net\/es_LA\/sdk.js#xfbml=1&version=v3.2&appId=2304818722879035&autoLogAppEvents=1';\nfjs.parentNode.insertBefore(js, fjs);\n}(document, 'script', 'facebook-jssdk'));\n<\/script><\/p>\n","protected":false},"excerpt":{"rendered":"<p>Morelia, Michoac\u00e1n (OEM-Infomex).- Un total de 32 hombres y mujeres rindieron protesta como integrantes del Consejo Pol\u00edtico Estatal y Comit\u00e9 Ejecutivo de Michoac\u00e1n Primero, el nuevo partido pol\u00edtico local que este fin de semana celebr\u00f3 su primera Asamblea Estatal. Encabezados por Jos\u00e9 Antonio Plaza Urbina, presidente estatal, Miriam Alarc\u00f3n Ramos, secretaria general, este instituto pol\u00edtico [&hellip;]<\/p>\n","protected":false},"author":2,"featured_media":10902,"comment_status":"","ping_status":"","sticky":false,"template":"","format":"standard","meta":{"_monsterinsights_skip_tracking":false,"_monsterinsights_sitenote_active":false,"_monsterinsights_sitenote_note":"","_monsterinsights_sitenote_category":0,"footnotes":""},"categories":[7],"tags":[],"class_list":["post-10901","post","type-post","status-publish","format-standard","has-post-thumbnail","hentry","category-michoacan"],"_links":{"self":[{"href":"https:\/\/informebajio.com.mx\/index.php?rest_route=\/wp\/v2\/posts\/10901","targetHints":{"allow":["GET"]}}],"collection":[{"href":"https:\/\/informebajio.com.mx\/index.php?rest_route=\/wp\/v2\/posts"}],"about":[{"href":"https:\/\/informebajio.com.mx\/index.php?rest_route=\/wp\/v2\/types\/post"}],"author":[{"embeddable":true,"href":"https:\/\/informebajio.com.mx\/index.php?rest_route=\/wp\/v2\/users\/2"}],"replies":[{"embeddable":true,"href":"https:\/\/informebajio.com.mx\/index.php?rest_route=%2Fwp%2Fv2%2Fcomments&post=10901"}],"version-history":[{"count":0,"href":"https:\/\/informebajio.com.mx\/index.php?rest_route=\/wp\/v2\/posts\/10901\/revisions"}],"wp:featuredmedia":[{"embeddable":true,"href":"https:\/\/informebajio.com.mx\/index.php?rest_route=\/wp\/v2\/media\/10902"}],"wp:attachment":[{"href":"https:\/\/informebajio.com.mx\/index.php?rest_route=%2Fwp%2Fv2%2Fmedia&parent=10901"}],"wp:term":[{"taxonomy":"category","embeddable":true,"href":"https:\/\/informebajio.com.mx\/index.php?rest_route=%2Fwp%2Fv2%2Fcategories&post=10901"},{"taxonomy":"post_tag","embeddable":true,"href":"https:\/\/informebajio.com.mx\/index.php?rest_route=%2Fwp%2Fv2%2Ftags&post=10901"}],"curies":[{"name":"wp","href":"https:\/\/api.w.org\/{rel}","templated":true}]}}