{"id":10909,"date":"2023-05-28T23:22:14","date_gmt":"2023-05-29T04:22:14","guid":{"rendered":"https:\/\/informebajio.com.mx\/?p=10909"},"modified":"2023-05-28T23:22:14","modified_gmt":"2023-05-29T04:22:14","slug":"refrenda-cabrera-compromiso-con-adultos-mayores","status":"publish","type":"post","link":"https:\/\/informebajio.com.mx\/?p=10909","title":{"rendered":"Refrenda Cabrera compromiso con adultos mayores"},"content":{"rendered":"<div id=\"content-body-5851641-10127703\">\n<p>El presidente municipal de San Juan del R\u00edo, <b>Roberto Cabrera Valencia<\/b>, devel\u00f3 la placa conmemorativa del D\u00e9cimo Aniversario del <b>Grupo Rayitos de Luz,<\/b> evento que tuvo lugar en el Parque de Los Guzm\u00e1n, donde reconoci\u00f3 las acciones que realizan en la demarcaci\u00f3n los adultos mayores, quienes, afirm\u00f3, son motivo de inspiraci\u00f3n.<\/p>\n<p>Durante el encuentro, en el que se llevaron a cabo diferentes actividades culturales y musicales, el alcalde sanjuanense reiter\u00f3 que la <b>obra social es la m\u00e1s importante que se realiza,<\/b> toda vez que permite tener calidad de vida y un tejido social s\u00f3lido, el cual, se\u00f1al\u00f3, se consigue a partir de las actividades que tienen grupos como Rayitos de Luz.<\/p>\n<p><i>\u201cTengo el honor y la gran oportunidad de decirles: Muchas gracias por lo que hacen por nuestras familias. Son nuestro ejemplo, son motivo de inspiraci\u00f3n. Ustedes, toda su vida han puesto, y toda esta etapa de Rayitos de Luz, muy alto a San Juan. Gracias por eso y muchas felicidades\u201d, <\/i>puntualiz\u00f3.<\/p>\n<p>En el evento se entregaron reconocimientos a Alfredo Mart\u00ednez Malag\u00f3n, fundador de la agrupaci\u00f3n; Telma Vilchis Garc\u00eda, psic\u00f3loga; Juan Manuel Torres Zamora, maestro de canto; Lizbeth Le\u00f3n D\u00edaz, responsable de zumba; as\u00ed como a Mar\u00eda Victoria Salazar Medina, Mar\u00eda de Jes\u00fas Res\u00e9ndiz L\u00f3pez, Elba Margarita Jaimes Torres y Mar\u00eda Remedios Arteaga Jim\u00e9nez; todas y todos integrantes del Grupo.<\/p>\n<p><i>\u201cAqu\u00ed disfrutamos con esta familia que hemos creado, con esta familia con la cual nos hemos integrado, que es nuestra familia de coraz\u00f3n a bailar, cantar, hacer ejercicio, activaci\u00f3n f\u00edsica, caminar, convivir, eso es lo que nos mantiene vivos, nos mantiene contentos, nos mantiene con la esperanza de seguir adelante\u201d,<\/i> dijo Elba Margarita Jaimes.<\/p>\n<p><b id=\"docs-internal-guid-7986a88b-7fff-5cdb-99e3-1de4a43b908b\"><b>\u27a1\ufe0f <\/b><a href=\"https:\/\/oem.us16.list-manage.com\/subscribe?u=c04a811ee61dc85305bf7133b&amp;id=f1b85ee5bb\"><b><u>Suscr\u00edbete a nuestro Newsletter y recibe las notas m\u00e1s relevantes en tu correo<\/u><\/b><\/a><\/b><\/p>\n<p>El representante del Grupo Rayitos de Luz, Alfredo Mart\u00ednez Malag\u00f3n, refiri\u00f3 que la <b>comunidad se encuentra integrada por 72 adultos mayores<\/b>, quienes desarrollan diversas actividades, tales como pl\u00e1ticas de superaci\u00f3n personal, derechos de adultos mayores, prevenci\u00f3n de violencia, actividad f\u00edsica y baile. Agreg\u00f3 han tenido presencia en diferentes eventos municipales.<\/p>\n<\/div>\n<p><script>(function(d, s, id) {\nvar js, fjs = d.getElementsByTagName(s)[0];\nif (d.getElementById(id)) return;\njs = d.createElement(s); js.id = id;\njs.src = 'https:\/\/connect.facebook.net\/es_LA\/sdk.js#xfbml=1&version=v3.2&appId=232029482016746&autoLogAppEvents=1';\nfjs.parentNode.insertBefore(js, fjs);\n}(document, 'script', 'facebook-jssdk'));\n<\/script><\/p>\n","protected":false},"excerpt":{"rendered":"<p>El presidente municipal de San Juan del R\u00edo, Roberto Cabrera Valencia, devel\u00f3 la placa conmemorativa del D\u00e9cimo Aniversario del Grupo Rayitos de Luz, evento que tuvo lugar en el Parque de Los Guzm\u00e1n, donde reconoci\u00f3 las acciones que realizan en la demarcaci\u00f3n los adultos mayores, quienes, afirm\u00f3, son motivo de inspiraci\u00f3n. Durante el encuentro, en [&hellip;]<\/p>\n","protected":false},"author":2,"featured_media":10910,"comment_status":"","ping_status":"","sticky":false,"template":"","format":"standard","meta":{"_monsterinsights_skip_tracking":false,"_monsterinsights_sitenote_active":false,"_monsterinsights_sitenote_note":"","_monsterinsights_sitenote_category":0,"footnotes":""},"categories":[6],"tags":[],"class_list":["post-10909","post","type-post","status-publish","format-standard","has-post-thumbnail","hentry","category-san-juan-del-rio"],"_links":{"self":[{"href":"https:\/\/informebajio.com.mx\/index.php?rest_route=\/wp\/v2\/posts\/10909","targetHints":{"allow":["GET"]}}],"collection":[{"href":"https:\/\/informebajio.com.mx\/index.php?rest_route=\/wp\/v2\/posts"}],"about":[{"href":"https:\/\/informebajio.com.mx\/index.php?rest_route=\/wp\/v2\/types\/post"}],"author":[{"embeddable":true,"href":"https:\/\/informebajio.com.mx\/index.php?rest_route=\/wp\/v2\/users\/2"}],"replies":[{"embeddable":true,"href":"https:\/\/informebajio.com.mx\/index.php?rest_route=%2Fwp%2Fv2%2Fcomments&post=10909"}],"version-history":[{"count":0,"href":"https:\/\/informebajio.com.mx\/index.php?rest_route=\/wp\/v2\/posts\/10909\/revisions"}],"wp:featuredmedia":[{"embeddable":true,"href":"https:\/\/informebajio.com.mx\/index.php?rest_route=\/wp\/v2\/media\/10910"}],"wp:attachment":[{"href":"https:\/\/informebajio.com.mx\/index.php?rest_route=%2Fwp%2Fv2%2Fmedia&parent=10909"}],"wp:term":[{"taxonomy":"category","embeddable":true,"href":"https:\/\/informebajio.com.mx\/index.php?rest_route=%2Fwp%2Fv2%2Fcategories&post=10909"},{"taxonomy":"post_tag","embeddable":true,"href":"https:\/\/informebajio.com.mx\/index.php?rest_route=%2Fwp%2Fv2%2Ftags&post=10909"}],"curies":[{"name":"wp","href":"https:\/\/api.w.org\/{rel}","templated":true}]}}