{"id":10911,"date":"2023-05-28T23:34:20","date_gmt":"2023-05-29T04:34:20","guid":{"rendered":"https:\/\/informebajio.com.mx\/?p=10911"},"modified":"2023-05-28T23:34:20","modified_gmt":"2023-05-29T04:34:20","slug":"universitarios-de-la-upg-realizan-censo-de-personas-con-discapacidad","status":"publish","type":"post","link":"https:\/\/informebajio.com.mx\/?p=10911","title":{"rendered":"Universitarios de la UPG realizan censo de personas con discapacidad"},"content":{"rendered":"<div id=\"content-body-5851641-10131492\">\n<p>CELAYA, Gto.- (OEM-Informex).- Con una participaci\u00f3n de 480 alumnos de la Universidad Polit\u00e9cnica de Guanajuato (UPG), Tecnol\u00f3gico Nacional de M\u00e9xico (TecNM) Roque y la Universidad del Centro del Baj\u00edo (UNICEBA), se llev\u00f3 a cabo el censo de personas con discapacidad, el cual ser\u00e1 entregado al municipio. Hasta el momento ya terminaron la primera etapa.<\/p>\n<p>Dolores Guadalupe \u00c1lvarez Orozco, directora de Vinculaci\u00f3n de la Universidad Polit\u00e9cnica de Guanajuato (UPG), explic\u00f3 que el objetivo principal de este programa es integrado por dos puntos, el primero es poder describir las caracter\u00edsticas que tiene la poblaci\u00f3n con discapacidad y la segunda es en cuesti\u00f3n de educaci\u00f3n y de la inserci\u00f3n laboral, para saber datos m\u00e1s detallados.<\/p>\n<p>Este programa est\u00e1 integrado mediante tres fases que comenzaron el cuatrimestre pasado, como parte de unas estancias de investigaci\u00f3n entre universidades, la cual es formada por la primera etapa que es la investigaci\u00f3n, la segunda es el an\u00e1lisis de los datos y en una tercera etapa es la elaboraci\u00f3n del informe y difusi\u00f3n del mismo.<\/p>\n<p>De los primeros resultados que tuvieron en este levantamiento en cuesti\u00f3n de educaci\u00f3n, en un pre avance se puede decir que hay dos elementos que se est\u00e1n evaluando y 65 por ciento de la poblaci\u00f3n tiene un grado uno de discapacidad, es decir que todav\u00eda le permite realizar sus actividades pero solamente el 2.9 por ciento requiere de asistencia para el cuidado.<\/p>\n<p>Adem\u00e1s, el 12 por ciento de la poblaci\u00f3n encuestada no tiene acceso a la educaci\u00f3n, asimismo, un 20 por ciento lleg\u00f3 a primaria; el 21 por ciento curs\u00f3 secundaria; la preparatoria es cursada por el 19 por ciento, universidad llegaron el 20 por ciento y de educaci\u00f3n especial s\u00f3lo tuvo acceso 11.5 por ciento. <\/p>\n<p>De total de alumnos encuestados, el 33 por ciento tiene un familiar con discapacidad, y de \u00e9stos el 19 por ciento es visual, 10 por ciento es auditiva, el 1 por ciento es de mudez, del trastorno de d\u00e9ficit de atenci\u00f3n pertenece al 3.4 por ciento, 1.9 por ciento es de autismo, de problemas de ansiedad es el 10.92 por ciento, de bipolaridad es de 3.27 por ciento, de esquizofrenia pertenece 0.5 por ciento, demencia senil es el 1 por ciento, familiares con Down 1.52 por ciento; con retraso mental 0.65 por ciento; alzh\u00e9imer el 0.87 por ciento, limitaciones del movimiento el 6.34 por ciento; la p\u00e9rdida de fuerza muscular 6.55 por ciento; cara necia de miembros el 1.31 por ciento, Parkinson 1.09 por ciento son datos que forman parte del previo de este estudio. <\/p>\n<p>Finalmente, las escuelas contin\u00faan en las etapas restantes para que en pr\u00f3ximas fechas entreguen los resultados a las autoridades municipales.<\/p>\n<\/div>\n<p><script>(function(d, s, id) {\nvar js, fjs = d.getElementsByTagName(s)[0];\nif (d.getElementById(id)) return;\njs = d.createElement(s); js.id = id;\njs.src = 'https:\/\/connect.facebook.net\/es_LA\/sdk.js#xfbml=1&version=v3.2&appId=899106460676237&autoLogAppEvents=1';\nfjs.parentNode.insertBefore(js, fjs);\n}(document, 'script', 'facebook-jssdk'));\n<\/script><\/p>\n","protected":false},"excerpt":{"rendered":"<p>CELAYA, Gto.- (OEM-Informex).- Con una participaci\u00f3n de 480 alumnos de la Universidad Polit\u00e9cnica de Guanajuato (UPG), Tecnol\u00f3gico Nacional de M\u00e9xico (TecNM) Roque y la Universidad del Centro del Baj\u00edo (UNICEBA), se llev\u00f3 a cabo el censo de personas con discapacidad, el cual ser\u00e1 entregado al municipio. Hasta el momento ya terminaron la primera etapa. Dolores [&hellip;]<\/p>\n","protected":false},"author":2,"featured_media":10912,"comment_status":"","ping_status":"","sticky":false,"template":"","format":"standard","meta":{"_monsterinsights_skip_tracking":false,"_monsterinsights_sitenote_active":false,"_monsterinsights_sitenote_note":"","_monsterinsights_sitenote_category":0,"footnotes":""},"categories":[8],"tags":[],"class_list":["post-10911","post","type-post","status-publish","format-standard","has-post-thumbnail","hentry","category-guanajuato"],"_links":{"self":[{"href":"https:\/\/informebajio.com.mx\/index.php?rest_route=\/wp\/v2\/posts\/10911","targetHints":{"allow":["GET"]}}],"collection":[{"href":"https:\/\/informebajio.com.mx\/index.php?rest_route=\/wp\/v2\/posts"}],"about":[{"href":"https:\/\/informebajio.com.mx\/index.php?rest_route=\/wp\/v2\/types\/post"}],"author":[{"embeddable":true,"href":"https:\/\/informebajio.com.mx\/index.php?rest_route=\/wp\/v2\/users\/2"}],"replies":[{"embeddable":true,"href":"https:\/\/informebajio.com.mx\/index.php?rest_route=%2Fwp%2Fv2%2Fcomments&post=10911"}],"version-history":[{"count":0,"href":"https:\/\/informebajio.com.mx\/index.php?rest_route=\/wp\/v2\/posts\/10911\/revisions"}],"wp:featuredmedia":[{"embeddable":true,"href":"https:\/\/informebajio.com.mx\/index.php?rest_route=\/wp\/v2\/media\/10912"}],"wp:attachment":[{"href":"https:\/\/informebajio.com.mx\/index.php?rest_route=%2Fwp%2Fv2%2Fmedia&parent=10911"}],"wp:term":[{"taxonomy":"category","embeddable":true,"href":"https:\/\/informebajio.com.mx\/index.php?rest_route=%2Fwp%2Fv2%2Fcategories&post=10911"},{"taxonomy":"post_tag","embeddable":true,"href":"https:\/\/informebajio.com.mx\/index.php?rest_route=%2Fwp%2Fv2%2Ftags&post=10911"}],"curies":[{"name":"wp","href":"https:\/\/api.w.org\/{rel}","templated":true}]}}