{"id":10929,"date":"2023-05-29T05:24:52","date_gmt":"2023-05-29T10:24:52","guid":{"rendered":"https:\/\/informebajio.com.mx\/?p=10929"},"modified":"2023-05-29T05:24:52","modified_gmt":"2023-05-29T10:24:52","slug":"alistan-fiestas-patronales-de-san-pedro-ahuacatlan","status":"publish","type":"post","link":"https:\/\/informebajio.com.mx\/?p=10929","title":{"rendered":"Alistan fiestas patronales de San Pedro Ahuacatl\u00e1n"},"content":{"rendered":"<div id=\"content-body-5851641-10133560\">\n<p>Del 28 junio al 2 de julio se realizar\u00e1n las<b> fiestas patronales<\/b> la comunidad de <b>San Pedro Ahuacatl\u00e1n,<\/b> en San Juan del R\u00edo, por lo que el comit\u00e9 organizar se encuentra afinando los detalles para ofrecer a los habitantes unas celebraciones llenas de tradici\u00f3n y ambiente familiar, dio a conocer el delegado municipal de este sitio, Alberto \u00c1vila Hern\u00e1ndez.<\/p>\n<p>Afirm\u00f3 que las festividades llevadas a cabo en esta localidad son de las m\u00e1s antiguas del municipio, esto debido a que San Pedro Ahuacatl\u00e1n fue uno de los primeros poblados que se fundaron en la regi\u00f3n de San Juan del R\u00edo. De acuerdo con registros hist\u00f3ricos,<b> la fundaci\u00f3n del poblado se dio alrededor del a\u00f1o 1525. <\/b><\/p>\n<p><i>\u201cAhorita estamos un poquito m\u00e1s enfocados con la feria, vamos a tratar de hacer lo m\u00e1s bonito que se pueda. Vamos a tener cinco d\u00edas de feria, arrancamos el 28 de junio y terminamos el d\u00eda 2 de julio. Entonces, ahorita nos estamos centrando en el trabajo de las fiestas de la comunidad; que bueno, sobra decir que las consideramos de las m\u00e1s importantes y m\u00e1s antiguas de todo San Juan del R\u00edo\u201d,<\/i> coment\u00f3. <\/p>\n<p>Indic\u00f3 que algunas de las actividades que se tienen previstas son de car\u00e1cter religioso, cultural y de esparcimiento, entre ellas el tradicional recorrido que se hace por la comunidad de los <b>personajes conocidos como \u201cshitases\u201d. <\/b><\/p>\n<p>Agreg\u00f3 que para los eventos religiosos se est\u00e1 trabajando de la mano los encargados de la Parroquia de San Pedro Ahuacatl\u00e1n para realizar una organizaci\u00f3n adecuada de todas las actividades que se tienen programadas durante los <b>cinco d\u00edas de fiesta<\/b>. <\/p>\n<p><i>\u201cEl d\u00eda 29 de junio es cuando se celebra lo que es santo patrono de la comunidad, que es San Pedro Ap\u00f3stol. Ese d\u00eda va a ser la misa solemne, va a ser a partir de las 5:00 de la tarde, que es lo que el padre ya nos inform\u00f3. De hecho, estamos trabajando ahorita muy cercanos con el padre. Estamos trabajando en conjunto para no encimarnos en algunos horarios con las actividades tradicionales y culturales que como delegaci\u00f3n estamos organizando\u201d,<\/i> apunt\u00f3. <\/p>\n<p>Asimismo, destac\u00f3 que, de acuerdo a relatos que han pasado de generaci\u00f3n en generaci\u00f3n, en su fundaci\u00f3n los nativos nombraron al pueblo como Ahuacatl\u00e1n, lo que significa \u201clugar de aguacates\u201d, esto debido a los \u00e1rboles de este fruto que abundaban en la zona. No obstante, dijo, ante la llegada de los espa\u00f1oles el lugar fue renombrado como San Pedro Ansoni. <\/p>\n<p><b id=\"docs-internal-guid-58ee31c6-7fff-786f-63ef-ef668adec52f\"><b>\u27a1\ufe0f <\/b><a href=\"https:\/\/oem.us16.list-manage.com\/subscribe?u=c04a811ee61dc85305bf7133b&amp;id=f1b85ee5bb\"><b><u>Suscr\u00edbete a nuestro Newsletter y recibe las notas m\u00e1s relevantes en tu correo<\/u><\/b><\/a><\/b><\/p>\n<p>Agreg\u00f3 que al pasar de los a\u00f1os, los lugare\u00f1os llamaron al sitio finalmente como San Pedro Ahuacatl\u00e1n, conservando de esta manera el origen de aquel pueblo ind\u00edgena que se estableci\u00f3 a las orillas del R\u00edo San Juan. <\/p>\n<\/div>\n<p><script>(function(d, s, id) {\nvar js, fjs = d.getElementsByTagName(s)[0];\nif (d.getElementById(id)) return;\njs = d.createElement(s); js.id = id;\njs.src = 'https:\/\/connect.facebook.net\/es_LA\/sdk.js#xfbml=1&version=v3.2&appId=232029482016746&autoLogAppEvents=1';\nfjs.parentNode.insertBefore(js, fjs);\n}(document, 'script', 'facebook-jssdk'));\n<\/script><\/p>\n","protected":false},"excerpt":{"rendered":"<p>Del 28 junio al 2 de julio se realizar\u00e1n las fiestas patronales la comunidad de San Pedro Ahuacatl\u00e1n, en San Juan del R\u00edo, por lo que el comit\u00e9 organizar se encuentra afinando los detalles para ofrecer a los habitantes unas celebraciones llenas de tradici\u00f3n y ambiente familiar, dio a conocer el delegado municipal de este [&hellip;]<\/p>\n","protected":false},"author":2,"featured_media":10930,"comment_status":"","ping_status":"","sticky":false,"template":"","format":"standard","meta":{"_monsterinsights_skip_tracking":false,"_monsterinsights_sitenote_active":false,"_monsterinsights_sitenote_note":"","_monsterinsights_sitenote_category":0,"footnotes":""},"categories":[6],"tags":[],"class_list":["post-10929","post","type-post","status-publish","format-standard","has-post-thumbnail","hentry","category-san-juan-del-rio"],"_links":{"self":[{"href":"https:\/\/informebajio.com.mx\/index.php?rest_route=\/wp\/v2\/posts\/10929","targetHints":{"allow":["GET"]}}],"collection":[{"href":"https:\/\/informebajio.com.mx\/index.php?rest_route=\/wp\/v2\/posts"}],"about":[{"href":"https:\/\/informebajio.com.mx\/index.php?rest_route=\/wp\/v2\/types\/post"}],"author":[{"embeddable":true,"href":"https:\/\/informebajio.com.mx\/index.php?rest_route=\/wp\/v2\/users\/2"}],"replies":[{"embeddable":true,"href":"https:\/\/informebajio.com.mx\/index.php?rest_route=%2Fwp%2Fv2%2Fcomments&post=10929"}],"version-history":[{"count":0,"href":"https:\/\/informebajio.com.mx\/index.php?rest_route=\/wp\/v2\/posts\/10929\/revisions"}],"wp:featuredmedia":[{"embeddable":true,"href":"https:\/\/informebajio.com.mx\/index.php?rest_route=\/wp\/v2\/media\/10930"}],"wp:attachment":[{"href":"https:\/\/informebajio.com.mx\/index.php?rest_route=%2Fwp%2Fv2%2Fmedia&parent=10929"}],"wp:term":[{"taxonomy":"category","embeddable":true,"href":"https:\/\/informebajio.com.mx\/index.php?rest_route=%2Fwp%2Fv2%2Fcategories&post=10929"},{"taxonomy":"post_tag","embeddable":true,"href":"https:\/\/informebajio.com.mx\/index.php?rest_route=%2Fwp%2Fv2%2Ftags&post=10929"}],"curies":[{"name":"wp","href":"https:\/\/api.w.org\/{rel}","templated":true}]}}