{"id":10947,"date":"2023-05-29T11:25:33","date_gmt":"2023-05-29T16:25:33","guid":{"rendered":"https:\/\/informebajio.com.mx\/?p=10947"},"modified":"2023-05-29T11:25:33","modified_gmt":"2023-05-29T16:25:33","slug":"buscara-la-uaq-tirar-en-la-corte-ley-de-ciencias","status":"publish","type":"post","link":"https:\/\/informebajio.com.mx\/?p=10947","title":{"rendered":"Buscar\u00e1 la UAQ tirar en la Corte Ley de Ciencias"},"content":{"rendered":"<div id=\"content-body-5851641-10122074\">\n<p>Por vicios de forma, fondo, falta de respeto al compromiso de parlamento abierto, la Universidad Aut\u00f3noma de Quer\u00e9taro (UAQ) trabaja en una propuesta de una <b>demanda de amparo para reclamar la inconstitucionalidad<\/b> del decreto por el que se expide la Ley General de Humanidades, Ciencias y Tecnolog\u00edas e Innovaci\u00f3n (LGHCTI).<\/p>\n<p>La ley aprobada el pasado 8 de mayo<b> limita la libertad de investigaci\u00f3n y la supedita a las consideraciones de la administraci\u00f3n federal,<\/b> adem\u00e1s de que se suprimen los derechos de autor\u00eda de los investigadores y las universidades, para pasar a t\u00edtulo del Consejo Nacional de Ciencia, Humanidades y Tecnolog\u00edas.<\/p>\n<p>El art\u00edculo sobre la suficiencia presupuestal tambi\u00e9n pone en peligro el cumplimiento de la asignaci\u00f3n del 1% del Producto Interno Bruto (PIB) para educaci\u00f3n superior, puesto que \u00fanicamente se establece que el presupuesto no ser\u00e1 menor al a\u00f1o anterior. El abogado general de la UAQ consider\u00f3 que la ley aprobada deja las decisiones a discrecionalidad de organismos pol\u00edticos y no a la comunidad cient\u00edfica.<\/p>\n<p>Teresa Garc\u00eda Gasca, rectora de la UAQ, refiri\u00f3 que, de manera general se han identificado <b>agravios tanto de forma como de fondo<\/b> a las leyes de la carta magna, por lo que se buscar\u00e1 la intervenci\u00f3n de la Corte para que se declare como inconstitucional.<\/p>\n<p><i>\u201cNos parece importante que la universidad identifique claramente y pueda presentar aquellos puntos que est\u00e1n relacionados con esta ley y con nuestro quehacer en ciencia y tecnolog\u00eda\u201d.<\/i><\/p>\n<p>El abogado general Gonzalo Mart\u00ednez explic\u00f3 que la demanda de amparo tendr\u00e1 como fecha l\u00edmite el 20 de junio pr\u00f3ximo para presentar un amparo. Entre los argumentos de inconstitucionalidad que se han trabajado hasta ahora, se encuentran la situaci\u00f3n de la <b>libertad de c\u00e1tedra<\/b>.<\/p>\n<p><i>\u201cHay vicios de forma, vicios en la expedici\u00f3n de la ley y hay vicios de fondo. Una ley debe seguir su procedimiento legislativo con toda pulcritud (\u2026) esta ley se aprob\u00f3, como se dice cotidianamente al cuarto para las doce: en menos de cinco horas se aprobaron m\u00e1s de 20 reformas a diferentes leyes, a esta ley se le dedic\u00f3 media hora\u201d. <\/i><\/p>\n<p>La ley fue aprobada el pasado 8 de mayo en una sesi\u00f3n en la que no se encontraron presentes los senadores de oposici\u00f3n al partido que actualmente gobierna la federaci\u00f3n y que tiene mayor\u00eda en ambas c\u00e1maras, Morena. <\/p>\n<p>Garc\u00eda Gasca especific\u00f3 que la <b>propuesta a\u00fan se encuentra en construcci\u00f3n <\/b>y que ha sido elaborada en conjunto con el Colegio de Directores de la UAQ, por lo que, hasta que ese organismo la apruebe, es que se presentar\u00e1 de manera formal ante las instancias correspondientes. <\/p>\n<h2><b>EN CORTO<\/b><\/h2>\n<ul>\n<li>9 de mayo entr\u00f3 en vigor la LGHCTI<\/li>\n<li>30 d\u00edas es el plazo para presentar amparo desde que entr\u00f3 en vigor la ley<\/li>\n<li>20 de junio es el plazo m\u00e1ximo para interponer amparo<\/li>\n<\/ul>\n<\/div>\n<p><script>(function(d, s, id) {\nvar js, fjs = d.getElementsByTagName(s)[0];\nif (d.getElementById(id)) return;\njs = d.createElement(s); js.id = id;\njs.src = 'https:\/\/connect.facebook.net\/es_LA\/sdk.js#xfbml=1&version=v3.2&appId=232029482016746&autoLogAppEvents=1';\nfjs.parentNode.insertBefore(js, fjs);\n}(document, 'script', 'facebook-jssdk'));\n<\/script><\/p>\n","protected":false},"excerpt":{"rendered":"<p>Por vicios de forma, fondo, falta de respeto al compromiso de parlamento abierto, la Universidad Aut\u00f3noma de Quer\u00e9taro (UAQ) trabaja en una propuesta de una demanda de amparo para reclamar la inconstitucionalidad del decreto por el que se expide la Ley General de Humanidades, Ciencias y Tecnolog\u00edas e Innovaci\u00f3n (LGHCTI). La ley aprobada el pasado [&hellip;]<\/p>\n","protected":false},"author":2,"featured_media":10948,"comment_status":"","ping_status":"","sticky":false,"template":"","format":"standard","meta":{"_monsterinsights_skip_tracking":false,"_monsterinsights_sitenote_active":false,"_monsterinsights_sitenote_note":"","_monsterinsights_sitenote_category":0,"footnotes":""},"categories":[6],"tags":[],"class_list":["post-10947","post","type-post","status-publish","format-standard","has-post-thumbnail","hentry","category-san-juan-del-rio"],"_links":{"self":[{"href":"https:\/\/informebajio.com.mx\/index.php?rest_route=\/wp\/v2\/posts\/10947","targetHints":{"allow":["GET"]}}],"collection":[{"href":"https:\/\/informebajio.com.mx\/index.php?rest_route=\/wp\/v2\/posts"}],"about":[{"href":"https:\/\/informebajio.com.mx\/index.php?rest_route=\/wp\/v2\/types\/post"}],"author":[{"embeddable":true,"href":"https:\/\/informebajio.com.mx\/index.php?rest_route=\/wp\/v2\/users\/2"}],"replies":[{"embeddable":true,"href":"https:\/\/informebajio.com.mx\/index.php?rest_route=%2Fwp%2Fv2%2Fcomments&post=10947"}],"version-history":[{"count":0,"href":"https:\/\/informebajio.com.mx\/index.php?rest_route=\/wp\/v2\/posts\/10947\/revisions"}],"wp:featuredmedia":[{"embeddable":true,"href":"https:\/\/informebajio.com.mx\/index.php?rest_route=\/wp\/v2\/media\/10948"}],"wp:attachment":[{"href":"https:\/\/informebajio.com.mx\/index.php?rest_route=%2Fwp%2Fv2%2Fmedia&parent=10947"}],"wp:term":[{"taxonomy":"category","embeddable":true,"href":"https:\/\/informebajio.com.mx\/index.php?rest_route=%2Fwp%2Fv2%2Fcategories&post=10947"},{"taxonomy":"post_tag","embeddable":true,"href":"https:\/\/informebajio.com.mx\/index.php?rest_route=%2Fwp%2Fv2%2Ftags&post=10947"}],"curies":[{"name":"wp","href":"https:\/\/api.w.org\/{rel}","templated":true}]}}