{"id":10955,"date":"2023-05-29T15:57:53","date_gmt":"2023-05-29T20:57:53","guid":{"rendered":"https:\/\/informebajio.com.mx\/?p=10955"},"modified":"2023-05-29T15:57:53","modified_gmt":"2023-05-29T20:57:53","slug":"exitoso-duatlon-queretaro-2023","status":"publish","type":"post","link":"https:\/\/informebajio.com.mx\/?p=10955","title":{"rendered":"Exitoso Duatl\u00f3n Quer\u00e9taro 2023"},"content":{"rendered":"<div>\n<p><strong>Noticias<\/strong><\/p>\n<p>\u00c9xito total fue el que tuvo la 1era edici\u00f3n del Duatl\u00f3n Quer\u00e9taro 2023, primero del serial denominado Ciudades Capitales, que se realiz\u00f3 este domingo con la participaci\u00f3n de m\u00e1s de 600 atletas divididos en diferentes modalidades de ambas ramas.<\/p>\n<p>El evento se desarroll\u00f3 en Santa Rosa J\u00e1uregui, teniendo como punto de salida y meta en el Parque Bicentenario, reuniedo a centenares de participantes, quienes corrieron y rodaron en bicicleta en modalidad individual o de relevos en las distancias: corta (5km-30km-5km) y sprint (5km-20km-2.5km)<\/p>\n<p><!-- Composite Start --><\/p>\n<p><!-- Composite End --><\/p>\n<p>El Duatl\u00f3n Quer\u00e9taro fue organizado por el Municipio de Quer\u00e9taro, con el objetivo de fomentar esta actividad deportiva entre los queretanos e invitados de otras entidades, por lo que el alcalde Luis Nava, quien encabez\u00f3 la ceremonia de premiaci\u00f3n a los triunfadores, agradeci\u00f3 y felicit\u00f3 a todos los participantes.<\/p>\n<p>As\u00ed, despu\u00e9s de cumplir con este gran reto atl\u00e9tico, en la categor\u00eda de Distancia Corta los m\u00e1ximos honores fueron para David N\u00fa\u00f1ez G\u00f3mez, con tiempo de 1 hora, 19 minutos y 27 segundos (1:19.27); seguido de Eduardo N\u00fa\u00f1ez con 1:19.54, ambos de la CDMX y en tercero arrib\u00f3 a la l\u00ednea de meta Diego Montes, de Jalisco con 1:23.21.<\/p>\n<p>En la rama femenil, primer lugar para Renata Autrique, de Quer\u00e9taro con tiempo de 1:39.05; seguida de A\u00edda Barnard Garc\u00eda, tambi\u00e9n queretana con 1:42.44 e Itzel Amairani Gervacio, de Puebla con 1:44.09.<\/p>\n<p>Mientras tanto en la Distancia Sprint varonil, el ganador fue Ledbek S\u00e1nchez, de la CDMX, con tiempo de 59 minutos y 41 segundos (59.41); le siguieron Eduardo Vald\u00e9s, de Tlaxcala, con 1:00.31 y en tercero lleg\u00f3 a la meta Jacob Z\u00e1rate, del Estado de M\u00e9xico con tiempo de 1:03.35.<\/p>\n<p>En la rama femenil, el primer lugar fue Andrea Hurtado, de la CDMX con 1:08.50; segundo Zenea Fuentes, de Michoac\u00e1n, con cron\u00f3metro de 1:16.50 y tercero Daniela Salgado, de la CDMX con tiempo de 1:17.50.<\/p>\n<p><img loading=\"lazy\" decoding=\"async\" class=\"alignnone wp-image-601343 size-full\" src=\"https:\/\/cdn.noticiasdequeretaro.com.mx\/wp-content\/uploads\/2023\/05\/29125552\/En-la-rama-femenil.jpg\" alt=\"\" width=\"1024\" height=\"683\" srcset=\"https:\/\/cdn.noticiasdequeretaro.com.mx\/wp-content\/uploads\/2023\/05\/29125552\/En-la-rama-femenil.jpg 1024w, https:\/\/cdn.noticiasdequeretaro.com.mx\/wp-content\/uploads\/2023\/05\/29125552\/En-la-rama-femenil-600x400.jpg 600w, https:\/\/cdn.noticiasdequeretaro.com.mx\/wp-content\/uploads\/2023\/05\/29125552\/En-la-rama-femenil-300x200.jpg 300w, https:\/\/cdn.noticiasdequeretaro.com.mx\/wp-content\/uploads\/2023\/05\/29125552\/En-la-rama-femenil-768x512.jpg 768w\" sizes=\"auto, (max-width: 1024px) 100vw, 1024px\"\/> <img loading=\"lazy\" decoding=\"async\" class=\"alignnone wp-image-601344 size-full\" src=\"https:\/\/cdn.noticiasdequeretaro.com.mx\/wp-content\/uploads\/2023\/05\/29125609\/Atletas.jpg\" alt=\"\" width=\"1024\" height=\"683\" srcset=\"https:\/\/cdn.noticiasdequeretaro.com.mx\/wp-content\/uploads\/2023\/05\/29125609\/Atletas.jpg 1024w, https:\/\/cdn.noticiasdequeretaro.com.mx\/wp-content\/uploads\/2023\/05\/29125609\/Atletas-600x400.jpg 600w, https:\/\/cdn.noticiasdequeretaro.com.mx\/wp-content\/uploads\/2023\/05\/29125609\/Atletas-300x200.jpg 300w, https:\/\/cdn.noticiasdequeretaro.com.mx\/wp-content\/uploads\/2023\/05\/29125609\/Atletas-768x512.jpg 768w\" sizes=\"auto, (max-width: 1024px) 100vw, 1024px\"\/><\/p>\n<\/div>\n<p><\/p>\n","protected":false},"excerpt":{"rendered":"<p>Noticias \u00c9xito total fue el que tuvo la 1era edici\u00f3n del Duatl\u00f3n Quer\u00e9taro 2023, primero del serial denominado Ciudades Capitales, que se realiz\u00f3 este domingo con la participaci\u00f3n de m\u00e1s de 600 atletas divididos en diferentes modalidades de ambas ramas. El evento se desarroll\u00f3 en Santa Rosa J\u00e1uregui, teniendo como punto de salida y meta [&hellip;]<\/p>\n","protected":false},"author":2,"featured_media":10956,"comment_status":"","ping_status":"","sticky":false,"template":"","format":"standard","meta":{"_monsterinsights_skip_tracking":false,"_monsterinsights_sitenote_active":false,"_monsterinsights_sitenote_note":"","_monsterinsights_sitenote_category":0,"footnotes":""},"categories":[4],"tags":[],"class_list":["post-10955","post","type-post","status-publish","format-standard","has-post-thumbnail","hentry","category-queretaro"],"_links":{"self":[{"href":"https:\/\/informebajio.com.mx\/index.php?rest_route=\/wp\/v2\/posts\/10955","targetHints":{"allow":["GET"]}}],"collection":[{"href":"https:\/\/informebajio.com.mx\/index.php?rest_route=\/wp\/v2\/posts"}],"about":[{"href":"https:\/\/informebajio.com.mx\/index.php?rest_route=\/wp\/v2\/types\/post"}],"author":[{"embeddable":true,"href":"https:\/\/informebajio.com.mx\/index.php?rest_route=\/wp\/v2\/users\/2"}],"replies":[{"embeddable":true,"href":"https:\/\/informebajio.com.mx\/index.php?rest_route=%2Fwp%2Fv2%2Fcomments&post=10955"}],"version-history":[{"count":0,"href":"https:\/\/informebajio.com.mx\/index.php?rest_route=\/wp\/v2\/posts\/10955\/revisions"}],"wp:featuredmedia":[{"embeddable":true,"href":"https:\/\/informebajio.com.mx\/index.php?rest_route=\/wp\/v2\/media\/10956"}],"wp:attachment":[{"href":"https:\/\/informebajio.com.mx\/index.php?rest_route=%2Fwp%2Fv2%2Fmedia&parent=10955"}],"wp:term":[{"taxonomy":"category","embeddable":true,"href":"https:\/\/informebajio.com.mx\/index.php?rest_route=%2Fwp%2Fv2%2Fcategories&post=10955"},{"taxonomy":"post_tag","embeddable":true,"href":"https:\/\/informebajio.com.mx\/index.php?rest_route=%2Fwp%2Fv2%2Ftags&post=10955"}],"curies":[{"name":"wp","href":"https:\/\/api.w.org\/{rel}","templated":true}]}}