{"id":10957,"date":"2023-05-29T17:28:54","date_gmt":"2023-05-29T22:28:54","guid":{"rendered":"https:\/\/informebajio.com.mx\/?p=10957"},"modified":"2023-05-29T17:28:54","modified_gmt":"2023-05-29T22:28:54","slug":"cabrera-compromete-inversion-con-preescolar","status":"publish","type":"post","link":"https:\/\/informebajio.com.mx\/?p=10957","title":{"rendered":"Cabrera compromete inversi\u00f3n con preescolar"},"content":{"rendered":"<div id=\"content-body-5851641-10139026\">\n<p>Con la finalidad de<b> mejorar los espacios comunes <\/b>y especialmente las <b>aulas del preescolar<\/b> que se encuentra en la entrada a la Colonia La Floresta <b>\u201cGuadalupe Ballesteros\u201d, <\/b>el presidente municipal<b> Roberto Carlos Cabrera Valencia<\/b>, se comprometi\u00f3 a generar una serie de acciones en lo inmediato para este lugar.<\/p>\n<p>Recalc\u00f3 que, <b>las intervenciones ser\u00e1n especialmente para la renovaci\u00f3n de las losetas para pisos de las aulas<\/b>, toda vez que tienen bastantes a\u00f1os y precisamente por el paso del tiempo se han visto averiadas, y los padres de familia buscan apoyo por parte del gobierno.<\/p>\n<p>Tambi\u00e9n se\u00f1al\u00f3 que por parte de <b>la Unidad de Servicios para la Educaci\u00f3n B\u00e1sica en el Estado de Quer\u00e9taro<\/b> (USEBEQ) se van a <b>destinar alrededor de 20 mil pesos <\/b>los cuales ser\u00e1n para la <b>rehabilitaci\u00f3n y mejora de los sanitarios de ni\u00f1os y ni\u00f1as,<\/b> ya que son insuficientes para la poblaci\u00f3n de menores.<\/p>\n<p><i>\u201cEs un prescolar que esta por la ma\u00f1ana y que tiene una atenci\u00f3n por la tarde, son m\u00e1s de 350 familias las que se atienden, nos llevamos de tarea entregar material para las losetas de los pisos que est\u00e1n originales a la construcci\u00f3n y es una escuela que ya tienen mucho tiempo\u201d.<\/i><\/p>\n<p>El edil a\u00f1adi\u00f3 que, otras de las peticiones fue que, los<b> maestros<\/b> de esta instituci\u00f3n <b>cuenten con su propio m\u00f3dulo de ba\u00f1os<\/b> y culminar con la cuesti\u00f3n que resta de la barda perimetral para evitar que el plantel sea v\u00edctima de robos, principalmente los fines de semana.<\/p>\n<p><b>\u27a1\ufe0f <\/b><a href=\"https:\/\/oem.us16.list-manage.com\/subscribe?u=c04a811ee61dc85305bf7133b&amp;id=f1b85ee5bb\"><b>Suscr\u00edbete a nuestro Newsletter y recibe las notas m\u00e1s relevantes en tu correo<\/b><\/a><b\/><\/p>\n<p><i>\u201cHace a\u00f1os tuvieron que hacer algunas modificaciones por un accidente que afortunadamente no fue grave de un menor y tuvieron que poner una reja, y bueno generalmente la inversi\u00f3n es f\u00edsica en las escuelas, porque lo que buscan los pap\u00e1s y maestros es que sus hijos tengan buenas condiciones\u201d,<\/i> explic\u00f3.<\/p>\n<\/div>\n<p><script>(function(d, s, id) {\nvar js, fjs = d.getElementsByTagName(s)[0];\nif (d.getElementById(id)) return;\njs = d.createElement(s); js.id = id;\njs.src = 'https:\/\/connect.facebook.net\/es_LA\/sdk.js#xfbml=1&version=v3.2&appId=232029482016746&autoLogAppEvents=1';\nfjs.parentNode.insertBefore(js, fjs);\n}(document, 'script', 'facebook-jssdk'));\n<\/script><\/p>\n","protected":false},"excerpt":{"rendered":"<p>Con la finalidad de mejorar los espacios comunes y especialmente las aulas del preescolar que se encuentra en la entrada a la Colonia La Floresta \u201cGuadalupe Ballesteros\u201d, el presidente municipal Roberto Carlos Cabrera Valencia, se comprometi\u00f3 a generar una serie de acciones en lo inmediato para este lugar. Recalc\u00f3 que, las intervenciones ser\u00e1n especialmente para [&hellip;]<\/p>\n","protected":false},"author":2,"featured_media":10958,"comment_status":"","ping_status":"","sticky":false,"template":"","format":"standard","meta":{"_monsterinsights_skip_tracking":false,"_monsterinsights_sitenote_active":false,"_monsterinsights_sitenote_note":"","_monsterinsights_sitenote_category":0,"footnotes":""},"categories":[6],"tags":[],"class_list":["post-10957","post","type-post","status-publish","format-standard","has-post-thumbnail","hentry","category-san-juan-del-rio"],"_links":{"self":[{"href":"https:\/\/informebajio.com.mx\/index.php?rest_route=\/wp\/v2\/posts\/10957","targetHints":{"allow":["GET"]}}],"collection":[{"href":"https:\/\/informebajio.com.mx\/index.php?rest_route=\/wp\/v2\/posts"}],"about":[{"href":"https:\/\/informebajio.com.mx\/index.php?rest_route=\/wp\/v2\/types\/post"}],"author":[{"embeddable":true,"href":"https:\/\/informebajio.com.mx\/index.php?rest_route=\/wp\/v2\/users\/2"}],"replies":[{"embeddable":true,"href":"https:\/\/informebajio.com.mx\/index.php?rest_route=%2Fwp%2Fv2%2Fcomments&post=10957"}],"version-history":[{"count":0,"href":"https:\/\/informebajio.com.mx\/index.php?rest_route=\/wp\/v2\/posts\/10957\/revisions"}],"wp:featuredmedia":[{"embeddable":true,"href":"https:\/\/informebajio.com.mx\/index.php?rest_route=\/wp\/v2\/media\/10958"}],"wp:attachment":[{"href":"https:\/\/informebajio.com.mx\/index.php?rest_route=%2Fwp%2Fv2%2Fmedia&parent=10957"}],"wp:term":[{"taxonomy":"category","embeddable":true,"href":"https:\/\/informebajio.com.mx\/index.php?rest_route=%2Fwp%2Fv2%2Fcategories&post=10957"},{"taxonomy":"post_tag","embeddable":true,"href":"https:\/\/informebajio.com.mx\/index.php?rest_route=%2Fwp%2Fv2%2Ftags&post=10957"}],"curies":[{"name":"wp","href":"https:\/\/api.w.org\/{rel}","templated":true}]}}