{"id":10959,"date":"2023-05-29T17:59:57","date_gmt":"2023-05-29T22:59:57","guid":{"rendered":"https:\/\/informebajio.com.mx\/?p=10959"},"modified":"2023-05-29T17:59:57","modified_gmt":"2023-05-29T22:59:57","slug":"marchan-abogados-en-defensa-de-la-suprema-corte-video-galeria","status":"publish","type":"post","link":"https:\/\/informebajio.com.mx\/?p=10959","title":{"rendered":"Marchan abogados en defensa de la Suprema Corte [Video-Galer\u00eda]"},"content":{"rendered":"<div id=\"content-body-5851641-10135270\">\n<p><b>CELAYA, Gto. (OEM-Informex).- A los gritos de: \u201cla Corte no, se toca\u201d, \u201cSuprema Corte, Celaya est\u00e1 contigo\u201d, \u201cla Corte de Justicia, no es obradorista\u201d,<\/b> el <b>Colegio de Abogados de Celaya A .C., se manifest\u00f3 en apoyo a la Suprema Corte de Justicia de la Naci\u00f3n (SCJN) y en contra de los \u201carteros ataques\u201d, <\/b>como ellos los califican, que ha sufrido.<\/p>\n<p><b><a href=\"http:\/\/oem.pressreader.com\/el-sol-de-bajio\" target=\"_self\" rel=\"Follow noopener\">\u27a1\ufe0fSuscr\u00edbete a nuestra edici\u00f3n digital<\/a><\/b><\/p>\n<p><b>V\u00edctor Garc\u00eda Barajas,<\/b> presidente nacional de la <b>Confederaci\u00f3n de Colegios de Abogados y Asociaciones de M\u00e9xico A.C,<\/b> recalc\u00f3 que la <b>SCJN<\/b> se tiene que defender de los ataques del presidente de la rep\u00fablica <b>Andr\u00e9s Manuel L\u00f3pez Obrador,<\/b> porque es el mediador entre los otros dos poderes.<\/p>\n<p><b>Garc\u00eda Barajas<\/b> dijo que los abogados tienen que ser los principales defensores de la <b>SCJN,<\/b> y ese fue todo el objetivo de la marcha.<\/p>\n<p>Los m\u00e1s de <b>200 manifestantes<\/b> comenzaron a reunirse despu\u00e9s de las nueve de la ma\u00f1ana afuera de las instalaciones del <b>Parque Fundadores 450,<\/b> donde se concentraron para caminar de manera pac\u00edfica por el boulevard <b>Adolfo L\u00f3pez Mateos hasta el jard\u00edn principal.<\/b><\/p>\n<p>Los participantes portaron playeras y mantas con la leyenda del <b>Colegio de Abogados,<\/b> algunos con la bandera de <b>M\u00e9xico,<\/b> y en su mayor\u00eda vestidos de blanco.<\/p>\n<p>Consignas como: <b>\u201cprotesta ante los arteros ataques a la SCJN\u201d, \u201clos abogados somos actores y protectores del estado de derecho de nuestro amado M\u00e9xico\u201d, \u201cla Corte no, se toca\u201d, \u201cno a la corrupci\u00f3n en nuestra Constituci\u00f3n\u201d,<\/b> entre otras. <\/p>\n<p><b>Participaron algunos servidores p\u00fablicos como: <\/b>la regidora Isabel Herrej\u00f3n Arredondo, el regidor Michel \u00c1ngel Mart\u00ednez Orlanzinni, el director de Desarrollo Social Francisco Arregu\u00edn Arregu\u00edn y el director de Movilidad, Jos\u00e9 Trinidad Mart\u00ednez Soto. Tambi\u00e9n participaron estudiantes en la materia.<\/p>\n<p>En todo momento los <b>abogados<\/b> fueron resguardados por elementos de la Polic\u00eda Municipal y Tr\u00e1nsito y Polic\u00eda Vial.<\/p>\n<p>Una vez que los manifestantes llegaron afuera de la presencia municipal<b>, gritaron sus consignas y cantaron el Himno Nacional,<\/b> para despu\u00e9s retirarse. <\/p>\n<\/div>\n<p><script>(function(d, s, id) {\nvar js, fjs = d.getElementsByTagName(s)[0];\nif (d.getElementById(id)) return;\njs = d.createElement(s); js.id = id;\njs.src = 'https:\/\/connect.facebook.net\/es_LA\/sdk.js#xfbml=1&version=v3.2&appId=899106460676237&autoLogAppEvents=1';\nfjs.parentNode.insertBefore(js, fjs);\n}(document, 'script', 'facebook-jssdk'));\n<\/script><\/p>\n","protected":false},"excerpt":{"rendered":"<p>CELAYA, Gto. (OEM-Informex).- A los gritos de: \u201cla Corte no, se toca\u201d, \u201cSuprema Corte, Celaya est\u00e1 contigo\u201d, \u201cla Corte de Justicia, no es obradorista\u201d, el Colegio de Abogados de Celaya A .C., se manifest\u00f3 en apoyo a la Suprema Corte de Justicia de la Naci\u00f3n (SCJN) y en contra de los \u201carteros ataques\u201d, como ellos [&hellip;]<\/p>\n","protected":false},"author":2,"featured_media":10960,"comment_status":"","ping_status":"","sticky":false,"template":"","format":"standard","meta":{"_monsterinsights_skip_tracking":false,"_monsterinsights_sitenote_active":false,"_monsterinsights_sitenote_note":"","_monsterinsights_sitenote_category":0,"footnotes":""},"categories":[8],"tags":[],"class_list":["post-10959","post","type-post","status-publish","format-standard","has-post-thumbnail","hentry","category-guanajuato"],"_links":{"self":[{"href":"https:\/\/informebajio.com.mx\/index.php?rest_route=\/wp\/v2\/posts\/10959","targetHints":{"allow":["GET"]}}],"collection":[{"href":"https:\/\/informebajio.com.mx\/index.php?rest_route=\/wp\/v2\/posts"}],"about":[{"href":"https:\/\/informebajio.com.mx\/index.php?rest_route=\/wp\/v2\/types\/post"}],"author":[{"embeddable":true,"href":"https:\/\/informebajio.com.mx\/index.php?rest_route=\/wp\/v2\/users\/2"}],"replies":[{"embeddable":true,"href":"https:\/\/informebajio.com.mx\/index.php?rest_route=%2Fwp%2Fv2%2Fcomments&post=10959"}],"version-history":[{"count":0,"href":"https:\/\/informebajio.com.mx\/index.php?rest_route=\/wp\/v2\/posts\/10959\/revisions"}],"wp:featuredmedia":[{"embeddable":true,"href":"https:\/\/informebajio.com.mx\/index.php?rest_route=\/wp\/v2\/media\/10960"}],"wp:attachment":[{"href":"https:\/\/informebajio.com.mx\/index.php?rest_route=%2Fwp%2Fv2%2Fmedia&parent=10959"}],"wp:term":[{"taxonomy":"category","embeddable":true,"href":"https:\/\/informebajio.com.mx\/index.php?rest_route=%2Fwp%2Fv2%2Fcategories&post=10959"},{"taxonomy":"post_tag","embeddable":true,"href":"https:\/\/informebajio.com.mx\/index.php?rest_route=%2Fwp%2Fv2%2Ftags&post=10959"}],"curies":[{"name":"wp","href":"https:\/\/api.w.org\/{rel}","templated":true}]}}