{"id":10983,"date":"2023-05-30T00:17:19","date_gmt":"2023-05-30T05:17:19","guid":{"rendered":"https:\/\/informebajio.com.mx\/?p=10983"},"modified":"2023-05-30T00:17:19","modified_gmt":"2023-05-30T05:17:19","slug":"asi-se-vive-la-feria-nacional-del-queso-y-el-vino-2023","status":"publish","type":"post","link":"https:\/\/informebajio.com.mx\/?p=10983","title":{"rendered":"As\u00ed se vive la Feria Nacional del Queso y el Vino 2023"},"content":{"rendered":"<div>\n<p>Como ya es tradici\u00f3n, se celebra en el Parque la Pila, en Tequisquiapan, Qro., la Feria del Queso y el vino. Un evento que se lleva a cabo durante 3 fines de semana consecutivos. Este 2023, del 26 de Mayo al 11 de Junio.<\/p>\n<p>Puedes adquirir tus boletos en l\u00ednea y as\u00ed evitar cola en taquilla: <strong><a href=\"https:\/\/feria-nacional-del-queso-y-el-vino-2023.boletia.com\/\" target=\"_blank\" rel=\"noreferrer noopener\">Link a compra de boletos (click aqu\u00ed)<\/a><\/strong>.<br \/>Un evento para consentir al paladar, ya que podr\u00e1s probar vinos de diversas regiones productoras de vino en M\u00e9xico como los de Baja California, Aguascalientes, Quer\u00e9taro, Guanajuato y Coahuila, todos ellos de excelente calidad. Los hay para todos los gustos incluyendo blancos, tintos, rosados y espumosos. Adem\u00e1s este a\u00f1o, se presenta Italia como pa\u00eds invitado.<\/p>\n<figure class=\"wp-block-gallery has-nested-images columns-2 is-cropped wp-block-gallery-1 is-layout-flex\">\n<figure class=\"wp-block-image size-full\"><a href=\"https:\/\/www.de-paseo.com\/queretaro\/wp-content\/uploads\/2023\/05\/feria-queso-y-vino-2023-blog-vinos1.jpg\" target=\"_blank\" rel=\"noopener\"><img loading=\"lazy\" decoding=\"async\" width=\"800\" height=\"533\" data-id=\"61052\" src=\"https:\/\/www.de-paseo.com\/queretaro\/wp-content\/uploads\/2023\/05\/feria-queso-y-vino-2023-blog-vinos1.jpg\" alt=\"\" class=\"wp-image-61052 lazyload\" srcset=\"https:\/\/www.de-paseo.com\/queretaro\/wp-content\/uploads\/2023\/05\/feria-queso-y-vino-2023-blog-vinos1.jpg 800w, https:\/\/www.de-paseo.com\/queretaro\/wp-content\/uploads\/2023\/05\/feria-queso-y-vino-2023-blog-vinos1-300x200.jpg 300w, https:\/\/www.de-paseo.com\/queretaro\/wp-content\/uploads\/2023\/05\/feria-queso-y-vino-2023-blog-vinos1-768x512.jpg 768w\" sizes=\"auto, (max-width: 800px) 100vw, 800px\"\/><noscript><img loading=\"lazy\" decoding=\"async\" width=\"800\" height=\"533\" data-id=\"61052\" src=\"https:\/\/www.de-paseo.com\/queretaro\/wp-content\/uploads\/2023\/05\/feria-queso-y-vino-2023-blog-vinos1.jpg\" alt=\"\" class=\"wp-image-61052 lazyload\" srcset=\"https:\/\/www.de-paseo.com\/queretaro\/wp-content\/uploads\/2023\/05\/feria-queso-y-vino-2023-blog-vinos1.jpg 800w, https:\/\/www.de-paseo.com\/queretaro\/wp-content\/uploads\/2023\/05\/feria-queso-y-vino-2023-blog-vinos1-300x200.jpg 300w, https:\/\/www.de-paseo.com\/queretaro\/wp-content\/uploads\/2023\/05\/feria-queso-y-vino-2023-blog-vinos1-768x512.jpg 768w\" sizes=\"auto, (max-width: 800px) 100vw, 800px\"\/><\/noscript><\/a><\/figure>\n<figure class=\"wp-block-image size-full\"><a href=\"https:\/\/www.de-paseo.com\/queretaro\/wp-content\/uploads\/2023\/05\/feria-queso-y-vino-2023-blog-vinos2.jpg\" target=\"_blank\" rel=\"noopener\"><img loading=\"lazy\" decoding=\"async\" width=\"800\" height=\"533\" data-id=\"61055\" src=\"https:\/\/www.de-paseo.com\/queretaro\/wp-content\/uploads\/2023\/05\/feria-queso-y-vino-2023-blog-vinos2.jpg\" alt=\"\" class=\"wp-image-61055 lazyload\" srcset=\"https:\/\/www.de-paseo.com\/queretaro\/wp-content\/uploads\/2023\/05\/feria-queso-y-vino-2023-blog-vinos2.jpg 800w, https:\/\/www.de-paseo.com\/queretaro\/wp-content\/uploads\/2023\/05\/feria-queso-y-vino-2023-blog-vinos2-300x200.jpg 300w, https:\/\/www.de-paseo.com\/queretaro\/wp-content\/uploads\/2023\/05\/feria-queso-y-vino-2023-blog-vinos2-768x512.jpg 768w\" sizes=\"auto, (max-width: 800px) 100vw, 800px\"\/><noscript><img loading=\"lazy\" decoding=\"async\" width=\"800\" height=\"533\" data-id=\"61055\" src=\"https:\/\/www.de-paseo.com\/queretaro\/wp-content\/uploads\/2023\/05\/feria-queso-y-vino-2023-blog-vinos2.jpg\" alt=\"\" class=\"wp-image-61055 lazyload\" srcset=\"https:\/\/www.de-paseo.com\/queretaro\/wp-content\/uploads\/2023\/05\/feria-queso-y-vino-2023-blog-vinos2.jpg 800w, https:\/\/www.de-paseo.com\/queretaro\/wp-content\/uploads\/2023\/05\/feria-queso-y-vino-2023-blog-vinos2-300x200.jpg 300w, https:\/\/www.de-paseo.com\/queretaro\/wp-content\/uploads\/2023\/05\/feria-queso-y-vino-2023-blog-vinos2-768x512.jpg 768w\" sizes=\"auto, (max-width: 800px) 100vw, 800px\"\/><\/noscript><\/a><\/figure>\n<figure class=\"wp-block-image size-full\"><a href=\"https:\/\/www.de-paseo.com\/queretaro\/wp-content\/uploads\/2023\/05\/feria-queso-y-vino-2023-blog-vinos3.jpg\" target=\"_blank\" rel=\"noopener\"><img loading=\"lazy\" decoding=\"async\" width=\"800\" height=\"533\" data-id=\"61053\" src=\"https:\/\/www.de-paseo.com\/queretaro\/wp-content\/uploads\/2023\/05\/feria-queso-y-vino-2023-blog-vinos3.jpg\" alt=\"\" class=\"wp-image-61053 lazyload\" srcset=\"https:\/\/www.de-paseo.com\/queretaro\/wp-content\/uploads\/2023\/05\/feria-queso-y-vino-2023-blog-vinos3.jpg 800w, https:\/\/www.de-paseo.com\/queretaro\/wp-content\/uploads\/2023\/05\/feria-queso-y-vino-2023-blog-vinos3-300x200.jpg 300w, https:\/\/www.de-paseo.com\/queretaro\/wp-content\/uploads\/2023\/05\/feria-queso-y-vino-2023-blog-vinos3-768x512.jpg 768w\" sizes=\"auto, (max-width: 800px) 100vw, 800px\"\/><noscript><img loading=\"lazy\" decoding=\"async\" width=\"800\" height=\"533\" data-id=\"61053\" src=\"https:\/\/www.de-paseo.com\/queretaro\/wp-content\/uploads\/2023\/05\/feria-queso-y-vino-2023-blog-vinos3.jpg\" alt=\"\" class=\"wp-image-61053 lazyload\" srcset=\"https:\/\/www.de-paseo.com\/queretaro\/wp-content\/uploads\/2023\/05\/feria-queso-y-vino-2023-blog-vinos3.jpg 800w, https:\/\/www.de-paseo.com\/queretaro\/wp-content\/uploads\/2023\/05\/feria-queso-y-vino-2023-blog-vinos3-300x200.jpg 300w, https:\/\/www.de-paseo.com\/queretaro\/wp-content\/uploads\/2023\/05\/feria-queso-y-vino-2023-blog-vinos3-768x512.jpg 768w\" sizes=\"auto, (max-width: 800px) 100vw, 800px\"\/><\/noscript><\/a><\/figure>\n<figure class=\"wp-block-image size-full\"><a href=\"https:\/\/www.de-paseo.com\/queretaro\/wp-content\/uploads\/2023\/05\/feria-queso-y-vino-2023-blog-vinos4.jpg\" target=\"_blank\" rel=\"noopener\"><img loading=\"lazy\" decoding=\"async\" width=\"800\" height=\"533\" data-id=\"61056\" src=\"https:\/\/www.de-paseo.com\/queretaro\/wp-content\/uploads\/2023\/05\/feria-queso-y-vino-2023-blog-vinos4.jpg\" alt=\"\" class=\"wp-image-61056 lazyload\" srcset=\"https:\/\/www.de-paseo.com\/queretaro\/wp-content\/uploads\/2023\/05\/feria-queso-y-vino-2023-blog-vinos4.jpg 800w, https:\/\/www.de-paseo.com\/queretaro\/wp-content\/uploads\/2023\/05\/feria-queso-y-vino-2023-blog-vinos4-300x200.jpg 300w, https:\/\/www.de-paseo.com\/queretaro\/wp-content\/uploads\/2023\/05\/feria-queso-y-vino-2023-blog-vinos4-768x512.jpg 768w\" sizes=\"auto, (max-width: 800px) 100vw, 800px\"\/><noscript><img loading=\"lazy\" decoding=\"async\" width=\"800\" height=\"533\" data-id=\"61056\" src=\"https:\/\/www.de-paseo.com\/queretaro\/wp-content\/uploads\/2023\/05\/feria-queso-y-vino-2023-blog-vinos4.jpg\" alt=\"\" class=\"wp-image-61056 lazyload\" srcset=\"https:\/\/www.de-paseo.com\/queretaro\/wp-content\/uploads\/2023\/05\/feria-queso-y-vino-2023-blog-vinos4.jpg 800w, https:\/\/www.de-paseo.com\/queretaro\/wp-content\/uploads\/2023\/05\/feria-queso-y-vino-2023-blog-vinos4-300x200.jpg 300w, https:\/\/www.de-paseo.com\/queretaro\/wp-content\/uploads\/2023\/05\/feria-queso-y-vino-2023-blog-vinos4-768x512.jpg 768w\" sizes=\"auto, (max-width: 800px) 100vw, 800px\"\/><\/noscript><\/a><\/figure>\n<figure class=\"wp-block-image size-full\"><a href=\"https:\/\/www.de-paseo.com\/queretaro\/wp-content\/uploads\/2023\/05\/feria-queso-y-vino-2023-blog-vinos5.jpg\" target=\"_blank\" rel=\"noopener\"><img loading=\"lazy\" decoding=\"async\" width=\"800\" height=\"533\" data-id=\"61057\" src=\"https:\/\/www.de-paseo.com\/queretaro\/wp-content\/uploads\/2023\/05\/feria-queso-y-vino-2023-blog-vinos5.jpg\" alt=\"\" class=\"wp-image-61057 lazyload\" srcset=\"https:\/\/www.de-paseo.com\/queretaro\/wp-content\/uploads\/2023\/05\/feria-queso-y-vino-2023-blog-vinos5.jpg 800w, https:\/\/www.de-paseo.com\/queretaro\/wp-content\/uploads\/2023\/05\/feria-queso-y-vino-2023-blog-vinos5-300x200.jpg 300w, https:\/\/www.de-paseo.com\/queretaro\/wp-content\/uploads\/2023\/05\/feria-queso-y-vino-2023-blog-vinos5-768x512.jpg 768w\" sizes=\"auto, (max-width: 800px) 100vw, 800px\"\/><noscript><img loading=\"lazy\" decoding=\"async\" width=\"800\" height=\"533\" data-id=\"61057\" src=\"https:\/\/www.de-paseo.com\/queretaro\/wp-content\/uploads\/2023\/05\/feria-queso-y-vino-2023-blog-vinos5.jpg\" alt=\"\" class=\"wp-image-61057 lazyload\" srcset=\"https:\/\/www.de-paseo.com\/queretaro\/wp-content\/uploads\/2023\/05\/feria-queso-y-vino-2023-blog-vinos5.jpg 800w, https:\/\/www.de-paseo.com\/queretaro\/wp-content\/uploads\/2023\/05\/feria-queso-y-vino-2023-blog-vinos5-300x200.jpg 300w, https:\/\/www.de-paseo.com\/queretaro\/wp-content\/uploads\/2023\/05\/feria-queso-y-vino-2023-blog-vinos5-768x512.jpg 768w\" sizes=\"auto, (max-width: 800px) 100vw, 800px\"\/><\/noscript><\/a><\/figure>\n<figure class=\"wp-block-image size-full\"><a href=\"https:\/\/www.de-paseo.com\/queretaro\/wp-content\/uploads\/2023\/05\/feria-queso-y-vino-2023-blog-vinos6.jpg\" target=\"_blank\" rel=\"noopener\"><img loading=\"lazy\" decoding=\"async\" width=\"800\" height=\"533\" data-id=\"61054\" src=\"https:\/\/www.de-paseo.com\/queretaro\/wp-content\/uploads\/2023\/05\/feria-queso-y-vino-2023-blog-vinos6.jpg\" alt=\"\" class=\"wp-image-61054 lazyload\" srcset=\"https:\/\/www.de-paseo.com\/queretaro\/wp-content\/uploads\/2023\/05\/feria-queso-y-vino-2023-blog-vinos6.jpg 800w, https:\/\/www.de-paseo.com\/queretaro\/wp-content\/uploads\/2023\/05\/feria-queso-y-vino-2023-blog-vinos6-300x200.jpg 300w, https:\/\/www.de-paseo.com\/queretaro\/wp-content\/uploads\/2023\/05\/feria-queso-y-vino-2023-blog-vinos6-768x512.jpg 768w\" sizes=\"auto, (max-width: 800px) 100vw, 800px\"\/><noscript><img loading=\"lazy\" decoding=\"async\" width=\"800\" height=\"533\" data-id=\"61054\" src=\"https:\/\/www.de-paseo.com\/queretaro\/wp-content\/uploads\/2023\/05\/feria-queso-y-vino-2023-blog-vinos6.jpg\" alt=\"\" class=\"wp-image-61054 lazyload\" srcset=\"https:\/\/www.de-paseo.com\/queretaro\/wp-content\/uploads\/2023\/05\/feria-queso-y-vino-2023-blog-vinos6.jpg 800w, https:\/\/www.de-paseo.com\/queretaro\/wp-content\/uploads\/2023\/05\/feria-queso-y-vino-2023-blog-vinos6-300x200.jpg 300w, https:\/\/www.de-paseo.com\/queretaro\/wp-content\/uploads\/2023\/05\/feria-queso-y-vino-2023-blog-vinos6-768x512.jpg 768w\" sizes=\"auto, (max-width: 800px) 100vw, 800px\"\/><\/noscript><\/a><\/figure>\n<\/figure>\n<p>Por supuesto para acompa\u00f1ar los vinos nada mejor que los tambi\u00e9n deliciosos quesos, los cuales puedes adquirir por pieza o bien platos o tablas con variedad de ellos. Y para complementar ese agasajo al paladar, tambi\u00e9n encontrar\u00e1s ricos embutidos.<\/p>\n<figure class=\"wp-block-gallery has-nested-images columns-2 wp-block-gallery-3 is-layout-flex\">\n<figure class=\"wp-block-image size-full\"><a href=\"https:\/\/www.de-paseo.com\/queretaro\/wp-content\/uploads\/2023\/05\/feria-queso-y-vino-2023-blog-comida1.jpg\" target=\"_blank\" rel=\"noopener\"><img loading=\"lazy\" decoding=\"async\" width=\"800\" height=\"533\" data-id=\"61065\" src=\"https:\/\/www.de-paseo.com\/queretaro\/wp-content\/uploads\/2023\/05\/feria-queso-y-vino-2023-blog-comida1.jpg\" alt=\"\" class=\"wp-image-61065 lazyload\" srcset=\"https:\/\/www.de-paseo.com\/queretaro\/wp-content\/uploads\/2023\/05\/feria-queso-y-vino-2023-blog-comida1.jpg 800w, https:\/\/www.de-paseo.com\/queretaro\/wp-content\/uploads\/2023\/05\/feria-queso-y-vino-2023-blog-comida1-300x200.jpg 300w, https:\/\/www.de-paseo.com\/queretaro\/wp-content\/uploads\/2023\/05\/feria-queso-y-vino-2023-blog-comida1-768x512.jpg 768w\" sizes=\"auto, (max-width: 800px) 100vw, 800px\"\/><noscript><img loading=\"lazy\" decoding=\"async\" width=\"800\" height=\"533\" data-id=\"61065\" src=\"https:\/\/www.de-paseo.com\/queretaro\/wp-content\/uploads\/2023\/05\/feria-queso-y-vino-2023-blog-comida1.jpg\" alt=\"\" class=\"wp-image-61065 lazyload\" srcset=\"https:\/\/www.de-paseo.com\/queretaro\/wp-content\/uploads\/2023\/05\/feria-queso-y-vino-2023-blog-comida1.jpg 800w, https:\/\/www.de-paseo.com\/queretaro\/wp-content\/uploads\/2023\/05\/feria-queso-y-vino-2023-blog-comida1-300x200.jpg 300w, https:\/\/www.de-paseo.com\/queretaro\/wp-content\/uploads\/2023\/05\/feria-queso-y-vino-2023-blog-comida1-768x512.jpg 768w\" sizes=\"auto, (max-width: 800px) 100vw, 800px\"\/><\/noscript><\/a><\/figure>\n<figure class=\"wp-block-image size-full\"><a href=\"https:\/\/www.de-paseo.com\/queretaro\/wp-content\/uploads\/2023\/05\/feria-queso-y-vino-2023-blog-comida2.jpg\" target=\"_blank\" rel=\"noopener\"><img loading=\"lazy\" decoding=\"async\" width=\"800\" height=\"533\" data-id=\"61071\" src=\"https:\/\/www.de-paseo.com\/queretaro\/wp-content\/uploads\/2023\/05\/feria-queso-y-vino-2023-blog-comida2.jpg\" alt=\"\" class=\"wp-image-61071 lazyload\" srcset=\"https:\/\/www.de-paseo.com\/queretaro\/wp-content\/uploads\/2023\/05\/feria-queso-y-vino-2023-blog-comida2.jpg 800w, https:\/\/www.de-paseo.com\/queretaro\/wp-content\/uploads\/2023\/05\/feria-queso-y-vino-2023-blog-comida2-300x200.jpg 300w, https:\/\/www.de-paseo.com\/queretaro\/wp-content\/uploads\/2023\/05\/feria-queso-y-vino-2023-blog-comida2-768x512.jpg 768w\" sizes=\"auto, (max-width: 800px) 100vw, 800px\"\/><noscript><img loading=\"lazy\" decoding=\"async\" width=\"800\" height=\"533\" data-id=\"61071\" src=\"https:\/\/www.de-paseo.com\/queretaro\/wp-content\/uploads\/2023\/05\/feria-queso-y-vino-2023-blog-comida2.jpg\" alt=\"\" class=\"wp-image-61071 lazyload\" srcset=\"https:\/\/www.de-paseo.com\/queretaro\/wp-content\/uploads\/2023\/05\/feria-queso-y-vino-2023-blog-comida2.jpg 800w, https:\/\/www.de-paseo.com\/queretaro\/wp-content\/uploads\/2023\/05\/feria-queso-y-vino-2023-blog-comida2-300x200.jpg 300w, https:\/\/www.de-paseo.com\/queretaro\/wp-content\/uploads\/2023\/05\/feria-queso-y-vino-2023-blog-comida2-768x512.jpg 768w\" sizes=\"auto, (max-width: 800px) 100vw, 800px\"\/><\/noscript><\/a><\/figure>\n<figure class=\"wp-block-image size-full\"><a href=\"https:\/\/www.de-paseo.com\/queretaro\/wp-content\/uploads\/2023\/05\/feria-queso-y-vino-2023-blog-comida3.jpg\" target=\"_blank\" rel=\"noopener\"><img loading=\"lazy\" decoding=\"async\" width=\"800\" height=\"533\" data-id=\"61072\" src=\"https:\/\/www.de-paseo.com\/queretaro\/wp-content\/uploads\/2023\/05\/feria-queso-y-vino-2023-blog-comida3.jpg\" alt=\"\" class=\"wp-image-61072 lazyload\" srcset=\"https:\/\/www.de-paseo.com\/queretaro\/wp-content\/uploads\/2023\/05\/feria-queso-y-vino-2023-blog-comida3.jpg 800w, https:\/\/www.de-paseo.com\/queretaro\/wp-content\/uploads\/2023\/05\/feria-queso-y-vino-2023-blog-comida3-300x200.jpg 300w, https:\/\/www.de-paseo.com\/queretaro\/wp-content\/uploads\/2023\/05\/feria-queso-y-vino-2023-blog-comida3-768x512.jpg 768w\" sizes=\"auto, (max-width: 800px) 100vw, 800px\"\/><noscript><img loading=\"lazy\" decoding=\"async\" width=\"800\" height=\"533\" data-id=\"61072\" src=\"https:\/\/www.de-paseo.com\/queretaro\/wp-content\/uploads\/2023\/05\/feria-queso-y-vino-2023-blog-comida3.jpg\" alt=\"\" class=\"wp-image-61072 lazyload\" srcset=\"https:\/\/www.de-paseo.com\/queretaro\/wp-content\/uploads\/2023\/05\/feria-queso-y-vino-2023-blog-comida3.jpg 800w, https:\/\/www.de-paseo.com\/queretaro\/wp-content\/uploads\/2023\/05\/feria-queso-y-vino-2023-blog-comida3-300x200.jpg 300w, https:\/\/www.de-paseo.com\/queretaro\/wp-content\/uploads\/2023\/05\/feria-queso-y-vino-2023-blog-comida3-768x512.jpg 768w\" sizes=\"auto, (max-width: 800px) 100vw, 800px\"\/><\/noscript><\/a><\/figure>\n<figure class=\"wp-block-image size-full\"><a href=\"https:\/\/www.de-paseo.com\/queretaro\/wp-content\/uploads\/2023\/05\/feria-queso-y-vino-2023-blog-comida4.jpg\" target=\"_blank\" rel=\"noopener\"><img loading=\"lazy\" decoding=\"async\" width=\"800\" height=\"533\" data-id=\"61068\" src=\"https:\/\/www.de-paseo.com\/queretaro\/wp-content\/uploads\/2023\/05\/feria-queso-y-vino-2023-blog-comida4.jpg\" alt=\"\" class=\"wp-image-61068 lazyload\" srcset=\"https:\/\/www.de-paseo.com\/queretaro\/wp-content\/uploads\/2023\/05\/feria-queso-y-vino-2023-blog-comida4.jpg 800w, https:\/\/www.de-paseo.com\/queretaro\/wp-content\/uploads\/2023\/05\/feria-queso-y-vino-2023-blog-comida4-300x200.jpg 300w, https:\/\/www.de-paseo.com\/queretaro\/wp-content\/uploads\/2023\/05\/feria-queso-y-vino-2023-blog-comida4-768x512.jpg 768w\" sizes=\"auto, (max-width: 800px) 100vw, 800px\"\/><noscript><img loading=\"lazy\" decoding=\"async\" width=\"800\" height=\"533\" data-id=\"61068\" src=\"https:\/\/www.de-paseo.com\/queretaro\/wp-content\/uploads\/2023\/05\/feria-queso-y-vino-2023-blog-comida4.jpg\" alt=\"\" class=\"wp-image-61068 lazyload\" srcset=\"https:\/\/www.de-paseo.com\/queretaro\/wp-content\/uploads\/2023\/05\/feria-queso-y-vino-2023-blog-comida4.jpg 800w, https:\/\/www.de-paseo.com\/queretaro\/wp-content\/uploads\/2023\/05\/feria-queso-y-vino-2023-blog-comida4-300x200.jpg 300w, https:\/\/www.de-paseo.com\/queretaro\/wp-content\/uploads\/2023\/05\/feria-queso-y-vino-2023-blog-comida4-768x512.jpg 768w\" sizes=\"auto, (max-width: 800px) 100vw, 800px\"\/><\/noscript><\/a><\/figure>\n<figure class=\"wp-block-image size-full\"><a href=\"https:\/\/www.de-paseo.com\/queretaro\/wp-content\/uploads\/2023\/05\/feria-queso-y-vino-2023-blog-comida5.jpg\" target=\"_blank\" rel=\"noopener\"><img loading=\"lazy\" decoding=\"async\" width=\"800\" height=\"533\" data-id=\"61066\" src=\"https:\/\/www.de-paseo.com\/queretaro\/wp-content\/uploads\/2023\/05\/feria-queso-y-vino-2023-blog-comida5.jpg\" alt=\"\" class=\"wp-image-61066 lazyload\" srcset=\"https:\/\/www.de-paseo.com\/queretaro\/wp-content\/uploads\/2023\/05\/feria-queso-y-vino-2023-blog-comida5.jpg 800w, https:\/\/www.de-paseo.com\/queretaro\/wp-content\/uploads\/2023\/05\/feria-queso-y-vino-2023-blog-comida5-300x200.jpg 300w, https:\/\/www.de-paseo.com\/queretaro\/wp-content\/uploads\/2023\/05\/feria-queso-y-vino-2023-blog-comida5-768x512.jpg 768w\" sizes=\"auto, (max-width: 800px) 100vw, 800px\"\/><noscript><img loading=\"lazy\" decoding=\"async\" width=\"800\" height=\"533\" data-id=\"61066\" src=\"https:\/\/www.de-paseo.com\/queretaro\/wp-content\/uploads\/2023\/05\/feria-queso-y-vino-2023-blog-comida5.jpg\" alt=\"\" class=\"wp-image-61066 lazyload\" srcset=\"https:\/\/www.de-paseo.com\/queretaro\/wp-content\/uploads\/2023\/05\/feria-queso-y-vino-2023-blog-comida5.jpg 800w, https:\/\/www.de-paseo.com\/queretaro\/wp-content\/uploads\/2023\/05\/feria-queso-y-vino-2023-blog-comida5-300x200.jpg 300w, https:\/\/www.de-paseo.com\/queretaro\/wp-content\/uploads\/2023\/05\/feria-queso-y-vino-2023-blog-comida5-768x512.jpg 768w\" sizes=\"auto, (max-width: 800px) 100vw, 800px\"\/><\/noscript><\/a><\/figure>\n<figure class=\"wp-block-image size-full\"><a href=\"https:\/\/www.de-paseo.com\/queretaro\/wp-content\/uploads\/2023\/05\/feria-queso-y-vino-2023-blog-comida6.jpg\" target=\"_blank\" rel=\"noopener\"><img loading=\"lazy\" decoding=\"async\" width=\"800\" height=\"533\" data-id=\"61067\" src=\"https:\/\/www.de-paseo.com\/queretaro\/wp-content\/uploads\/2023\/05\/feria-queso-y-vino-2023-blog-comida6.jpg\" alt=\"\" class=\"wp-image-61067 lazyload\" srcset=\"https:\/\/www.de-paseo.com\/queretaro\/wp-content\/uploads\/2023\/05\/feria-queso-y-vino-2023-blog-comida6.jpg 800w, https:\/\/www.de-paseo.com\/queretaro\/wp-content\/uploads\/2023\/05\/feria-queso-y-vino-2023-blog-comida6-300x200.jpg 300w, https:\/\/www.de-paseo.com\/queretaro\/wp-content\/uploads\/2023\/05\/feria-queso-y-vino-2023-blog-comida6-768x512.jpg 768w\" sizes=\"auto, (max-width: 800px) 100vw, 800px\"\/><noscript><img loading=\"lazy\" decoding=\"async\" width=\"800\" height=\"533\" data-id=\"61067\" src=\"https:\/\/www.de-paseo.com\/queretaro\/wp-content\/uploads\/2023\/05\/feria-queso-y-vino-2023-blog-comida6.jpg\" alt=\"\" class=\"wp-image-61067 lazyload\" srcset=\"https:\/\/www.de-paseo.com\/queretaro\/wp-content\/uploads\/2023\/05\/feria-queso-y-vino-2023-blog-comida6.jpg 800w, https:\/\/www.de-paseo.com\/queretaro\/wp-content\/uploads\/2023\/05\/feria-queso-y-vino-2023-blog-comida6-300x200.jpg 300w, https:\/\/www.de-paseo.com\/queretaro\/wp-content\/uploads\/2023\/05\/feria-queso-y-vino-2023-blog-comida6-768x512.jpg 768w\" sizes=\"auto, (max-width: 800px) 100vw, 800px\"\/><\/noscript><\/a><\/figure>\n<figure class=\"wp-block-image size-full\"><a href=\"https:\/\/www.de-paseo.com\/queretaro\/wp-content\/uploads\/2023\/05\/feria-queso-y-vino-2023-blog-comida7.jpg\" target=\"_blank\" rel=\"noopener\"><img loading=\"lazy\" decoding=\"async\" width=\"800\" height=\"533\" data-id=\"61070\" src=\"https:\/\/www.de-paseo.com\/queretaro\/wp-content\/uploads\/2023\/05\/feria-queso-y-vino-2023-blog-comida7.jpg\" alt=\"\" class=\"wp-image-61070 lazyload\" srcset=\"https:\/\/www.de-paseo.com\/queretaro\/wp-content\/uploads\/2023\/05\/feria-queso-y-vino-2023-blog-comida7.jpg 800w, https:\/\/www.de-paseo.com\/queretaro\/wp-content\/uploads\/2023\/05\/feria-queso-y-vino-2023-blog-comida7-300x200.jpg 300w, https:\/\/www.de-paseo.com\/queretaro\/wp-content\/uploads\/2023\/05\/feria-queso-y-vino-2023-blog-comida7-768x512.jpg 768w\" sizes=\"auto, (max-width: 800px) 100vw, 800px\"\/><noscript><img loading=\"lazy\" decoding=\"async\" width=\"800\" height=\"533\" data-id=\"61070\" src=\"https:\/\/www.de-paseo.com\/queretaro\/wp-content\/uploads\/2023\/05\/feria-queso-y-vino-2023-blog-comida7.jpg\" alt=\"\" class=\"wp-image-61070 lazyload\" srcset=\"https:\/\/www.de-paseo.com\/queretaro\/wp-content\/uploads\/2023\/05\/feria-queso-y-vino-2023-blog-comida7.jpg 800w, https:\/\/www.de-paseo.com\/queretaro\/wp-content\/uploads\/2023\/05\/feria-queso-y-vino-2023-blog-comida7-300x200.jpg 300w, https:\/\/www.de-paseo.com\/queretaro\/wp-content\/uploads\/2023\/05\/feria-queso-y-vino-2023-blog-comida7-768x512.jpg 768w\" sizes=\"auto, (max-width: 800px) 100vw, 800px\"\/><\/noscript><\/a><\/figure>\n<figure class=\"wp-block-image size-full\"><a href=\"https:\/\/www.de-paseo.com\/queretaro\/wp-content\/uploads\/2023\/05\/feria-queso-y-vino-2023-blog-comida8.jpg\" target=\"_blank\" rel=\"noopener\"><img loading=\"lazy\" decoding=\"async\" width=\"800\" height=\"533\" data-id=\"61069\" src=\"https:\/\/www.de-paseo.com\/queretaro\/wp-content\/uploads\/2023\/05\/feria-queso-y-vino-2023-blog-comida8.jpg\" alt=\"\" class=\"wp-image-61069 lazyload\" srcset=\"https:\/\/www.de-paseo.com\/queretaro\/wp-content\/uploads\/2023\/05\/feria-queso-y-vino-2023-blog-comida8.jpg 800w, https:\/\/www.de-paseo.com\/queretaro\/wp-content\/uploads\/2023\/05\/feria-queso-y-vino-2023-blog-comida8-300x200.jpg 300w, https:\/\/www.de-paseo.com\/queretaro\/wp-content\/uploads\/2023\/05\/feria-queso-y-vino-2023-blog-comida8-768x512.jpg 768w\" sizes=\"auto, (max-width: 800px) 100vw, 800px\"\/><noscript><img loading=\"lazy\" decoding=\"async\" width=\"800\" height=\"533\" data-id=\"61069\" src=\"https:\/\/www.de-paseo.com\/queretaro\/wp-content\/uploads\/2023\/05\/feria-queso-y-vino-2023-blog-comida8.jpg\" alt=\"\" class=\"wp-image-61069 lazyload\" srcset=\"https:\/\/www.de-paseo.com\/queretaro\/wp-content\/uploads\/2023\/05\/feria-queso-y-vino-2023-blog-comida8.jpg 800w, https:\/\/www.de-paseo.com\/queretaro\/wp-content\/uploads\/2023\/05\/feria-queso-y-vino-2023-blog-comida8-300x200.jpg 300w, https:\/\/www.de-paseo.com\/queretaro\/wp-content\/uploads\/2023\/05\/feria-queso-y-vino-2023-blog-comida8-768x512.jpg 768w\" sizes=\"auto, (max-width: 800px) 100vw, 800px\"\/><\/noscript><\/a><\/figure>\n<\/figure>\n<p>y para los que aun se queden con hambre est\u00e1 el \u00abrico \u00abPabell\u00f3n Gastron\u00f3mico\u00bb donde pueden encontrar platillos de la cocina italiana como pastas y pizzas, rica paella y deliciosos tacos.<\/p>\n<figure class=\"wp-block-gallery has-nested-images columns-default wp-block-gallery-5 is-layout-flex\">\n<figure class=\"wp-block-image size-full\"><a href=\"https:\/\/www.de-paseo.com\/queretaro\/wp-content\/uploads\/2023\/05\/feria-queso-y-vino-2023-blog-comida9.jpg\" target=\"_blank\" rel=\"noopener\"><img loading=\"lazy\" decoding=\"async\" width=\"800\" height=\"533\" data-id=\"61075\" src=\"https:\/\/www.de-paseo.com\/queretaro\/wp-content\/uploads\/2023\/05\/feria-queso-y-vino-2023-blog-comida9.jpg\" alt=\"\" class=\"wp-image-61075 lazyload\" srcset=\"https:\/\/www.de-paseo.com\/queretaro\/wp-content\/uploads\/2023\/05\/feria-queso-y-vino-2023-blog-comida9.jpg 800w, https:\/\/www.de-paseo.com\/queretaro\/wp-content\/uploads\/2023\/05\/feria-queso-y-vino-2023-blog-comida9-300x200.jpg 300w, https:\/\/www.de-paseo.com\/queretaro\/wp-content\/uploads\/2023\/05\/feria-queso-y-vino-2023-blog-comida9-768x512.jpg 768w\" sizes=\"auto, (max-width: 800px) 100vw, 800px\"\/><noscript><img loading=\"lazy\" decoding=\"async\" width=\"800\" height=\"533\" data-id=\"61075\" src=\"https:\/\/www.de-paseo.com\/queretaro\/wp-content\/uploads\/2023\/05\/feria-queso-y-vino-2023-blog-comida9.jpg\" alt=\"\" class=\"wp-image-61075 lazyload\" srcset=\"https:\/\/www.de-paseo.com\/queretaro\/wp-content\/uploads\/2023\/05\/feria-queso-y-vino-2023-blog-comida9.jpg 800w, https:\/\/www.de-paseo.com\/queretaro\/wp-content\/uploads\/2023\/05\/feria-queso-y-vino-2023-blog-comida9-300x200.jpg 300w, https:\/\/www.de-paseo.com\/queretaro\/wp-content\/uploads\/2023\/05\/feria-queso-y-vino-2023-blog-comida9-768x512.jpg 768w\" sizes=\"auto, (max-width: 800px) 100vw, 800px\"\/><\/noscript><\/a><\/figure>\n<figure class=\"wp-block-image size-full\"><a href=\"https:\/\/www.de-paseo.com\/queretaro\/wp-content\/uploads\/2023\/05\/feria-queso-y-vino-2023-blog-comida10.jpg\" target=\"_blank\" rel=\"noopener\"><img loading=\"lazy\" decoding=\"async\" width=\"800\" height=\"533\" data-id=\"61073\" src=\"https:\/\/www.de-paseo.com\/queretaro\/wp-content\/uploads\/2023\/05\/feria-queso-y-vino-2023-blog-comida10.jpg\" alt=\"\" class=\"wp-image-61073 lazyload\" srcset=\"https:\/\/www.de-paseo.com\/queretaro\/wp-content\/uploads\/2023\/05\/feria-queso-y-vino-2023-blog-comida10.jpg 800w, https:\/\/www.de-paseo.com\/queretaro\/wp-content\/uploads\/2023\/05\/feria-queso-y-vino-2023-blog-comida10-300x200.jpg 300w, https:\/\/www.de-paseo.com\/queretaro\/wp-content\/uploads\/2023\/05\/feria-queso-y-vino-2023-blog-comida10-768x512.jpg 768w\" sizes=\"auto, (max-width: 800px) 100vw, 800px\"\/><noscript><img loading=\"lazy\" decoding=\"async\" width=\"800\" height=\"533\" data-id=\"61073\" src=\"https:\/\/www.de-paseo.com\/queretaro\/wp-content\/uploads\/2023\/05\/feria-queso-y-vino-2023-blog-comida10.jpg\" alt=\"\" class=\"wp-image-61073 lazyload\" srcset=\"https:\/\/www.de-paseo.com\/queretaro\/wp-content\/uploads\/2023\/05\/feria-queso-y-vino-2023-blog-comida10.jpg 800w, https:\/\/www.de-paseo.com\/queretaro\/wp-content\/uploads\/2023\/05\/feria-queso-y-vino-2023-blog-comida10-300x200.jpg 300w, https:\/\/www.de-paseo.com\/queretaro\/wp-content\/uploads\/2023\/05\/feria-queso-y-vino-2023-blog-comida10-768x512.jpg 768w\" sizes=\"auto, (max-width: 800px) 100vw, 800px\"\/><\/noscript><\/a><\/figure>\n<figure class=\"wp-block-image size-full\"><a href=\"https:\/\/www.de-paseo.com\/queretaro\/wp-content\/uploads\/2023\/05\/feria-queso-y-vino-2023-blog-comida11.jpg\" target=\"_blank\" rel=\"noopener\"><img loading=\"lazy\" decoding=\"async\" width=\"800\" height=\"533\" data-id=\"61074\" src=\"https:\/\/www.de-paseo.com\/queretaro\/wp-content\/uploads\/2023\/05\/feria-queso-y-vino-2023-blog-comida11.jpg\" alt=\"\" class=\"wp-image-61074 lazyload\" srcset=\"https:\/\/www.de-paseo.com\/queretaro\/wp-content\/uploads\/2023\/05\/feria-queso-y-vino-2023-blog-comida11.jpg 800w, https:\/\/www.de-paseo.com\/queretaro\/wp-content\/uploads\/2023\/05\/feria-queso-y-vino-2023-blog-comida11-300x200.jpg 300w, https:\/\/www.de-paseo.com\/queretaro\/wp-content\/uploads\/2023\/05\/feria-queso-y-vino-2023-blog-comida11-768x512.jpg 768w\" sizes=\"auto, (max-width: 800px) 100vw, 800px\"\/><noscript><img loading=\"lazy\" decoding=\"async\" width=\"800\" height=\"533\" data-id=\"61074\" src=\"https:\/\/www.de-paseo.com\/queretaro\/wp-content\/uploads\/2023\/05\/feria-queso-y-vino-2023-blog-comida11.jpg\" alt=\"\" class=\"wp-image-61074 lazyload\" srcset=\"https:\/\/www.de-paseo.com\/queretaro\/wp-content\/uploads\/2023\/05\/feria-queso-y-vino-2023-blog-comida11.jpg 800w, https:\/\/www.de-paseo.com\/queretaro\/wp-content\/uploads\/2023\/05\/feria-queso-y-vino-2023-blog-comida11-300x200.jpg 300w, https:\/\/www.de-paseo.com\/queretaro\/wp-content\/uploads\/2023\/05\/feria-queso-y-vino-2023-blog-comida11-768x512.jpg 768w\" sizes=\"auto, (max-width: 800px) 100vw, 800px\"\/><\/noscript><\/a><\/figure>\n<\/figure>\n<p>Complementando un gran evento por supuesto est\u00e1 la m\u00fasica. Un escenario mayor con diversos espect\u00e1culos y otros escenarios un poco m\u00e1s peque\u00f1os, para que en cualquier \u00e1rea que te encuentres puedas disfrutar de la m\u00fasica.<\/p>\n<figure class=\"wp-block-gallery has-nested-images columns-default wp-block-gallery-7 is-layout-flex\">\n<figure class=\"wp-block-image size-full\"><a href=\"https:\/\/www.de-paseo.com\/queretaro\/wp-content\/uploads\/2023\/05\/feria-queso-y-vino-2023-blog-musicos1.jpg\" target=\"_blank\" rel=\"noopener\"><img loading=\"lazy\" decoding=\"async\" width=\"800\" height=\"533\" data-id=\"61077\" src=\"https:\/\/www.de-paseo.com\/queretaro\/wp-content\/uploads\/2023\/05\/feria-queso-y-vino-2023-blog-musicos1.jpg\" alt=\"\" class=\"wp-image-61077 lazyload\" srcset=\"https:\/\/www.de-paseo.com\/queretaro\/wp-content\/uploads\/2023\/05\/feria-queso-y-vino-2023-blog-musicos1.jpg 800w, https:\/\/www.de-paseo.com\/queretaro\/wp-content\/uploads\/2023\/05\/feria-queso-y-vino-2023-blog-musicos1-300x200.jpg 300w, https:\/\/www.de-paseo.com\/queretaro\/wp-content\/uploads\/2023\/05\/feria-queso-y-vino-2023-blog-musicos1-768x512.jpg 768w\" sizes=\"auto, (max-width: 800px) 100vw, 800px\"\/><noscript><img loading=\"lazy\" decoding=\"async\" width=\"800\" height=\"533\" data-id=\"61077\" src=\"https:\/\/www.de-paseo.com\/queretaro\/wp-content\/uploads\/2023\/05\/feria-queso-y-vino-2023-blog-musicos1.jpg\" alt=\"\" class=\"wp-image-61077 lazyload\" srcset=\"https:\/\/www.de-paseo.com\/queretaro\/wp-content\/uploads\/2023\/05\/feria-queso-y-vino-2023-blog-musicos1.jpg 800w, https:\/\/www.de-paseo.com\/queretaro\/wp-content\/uploads\/2023\/05\/feria-queso-y-vino-2023-blog-musicos1-300x200.jpg 300w, https:\/\/www.de-paseo.com\/queretaro\/wp-content\/uploads\/2023\/05\/feria-queso-y-vino-2023-blog-musicos1-768x512.jpg 768w\" sizes=\"auto, (max-width: 800px) 100vw, 800px\"\/><\/noscript><\/a><\/figure>\n<figure class=\"wp-block-image size-full\"><a href=\"https:\/\/www.de-paseo.com\/queretaro\/wp-content\/uploads\/2023\/05\/feria-queso-y-vino-2023-blog-musicos2.jpg\" target=\"_blank\" rel=\"noopener\"><img loading=\"lazy\" decoding=\"async\" width=\"800\" height=\"533\" data-id=\"61078\" src=\"https:\/\/www.de-paseo.com\/queretaro\/wp-content\/uploads\/2023\/05\/feria-queso-y-vino-2023-blog-musicos2.jpg\" alt=\"\" class=\"wp-image-61078 lazyload\" srcset=\"https:\/\/www.de-paseo.com\/queretaro\/wp-content\/uploads\/2023\/05\/feria-queso-y-vino-2023-blog-musicos2.jpg 800w, https:\/\/www.de-paseo.com\/queretaro\/wp-content\/uploads\/2023\/05\/feria-queso-y-vino-2023-blog-musicos2-300x200.jpg 300w, https:\/\/www.de-paseo.com\/queretaro\/wp-content\/uploads\/2023\/05\/feria-queso-y-vino-2023-blog-musicos2-768x512.jpg 768w\" sizes=\"auto, (max-width: 800px) 100vw, 800px\"\/><noscript><img loading=\"lazy\" decoding=\"async\" width=\"800\" height=\"533\" data-id=\"61078\" src=\"https:\/\/www.de-paseo.com\/queretaro\/wp-content\/uploads\/2023\/05\/feria-queso-y-vino-2023-blog-musicos2.jpg\" alt=\"\" class=\"wp-image-61078 lazyload\" srcset=\"https:\/\/www.de-paseo.com\/queretaro\/wp-content\/uploads\/2023\/05\/feria-queso-y-vino-2023-blog-musicos2.jpg 800w, https:\/\/www.de-paseo.com\/queretaro\/wp-content\/uploads\/2023\/05\/feria-queso-y-vino-2023-blog-musicos2-300x200.jpg 300w, https:\/\/www.de-paseo.com\/queretaro\/wp-content\/uploads\/2023\/05\/feria-queso-y-vino-2023-blog-musicos2-768x512.jpg 768w\" sizes=\"auto, (max-width: 800px) 100vw, 800px\"\/><\/noscript><\/a><\/figure>\n<figure class=\"wp-block-image size-full\"><a href=\"https:\/\/www.de-paseo.com\/queretaro\/wp-content\/uploads\/2023\/05\/feria-queso-y-vino-2023-blog-musicos3.jpg\" target=\"_blank\" rel=\"noopener\"><img loading=\"lazy\" decoding=\"async\" width=\"800\" height=\"533\" data-id=\"61079\" src=\"https:\/\/www.de-paseo.com\/queretaro\/wp-content\/uploads\/2023\/05\/feria-queso-y-vino-2023-blog-musicos3.jpg\" alt=\"\" class=\"wp-image-61079 lazyload\" srcset=\"https:\/\/www.de-paseo.com\/queretaro\/wp-content\/uploads\/2023\/05\/feria-queso-y-vino-2023-blog-musicos3.jpg 800w, https:\/\/www.de-paseo.com\/queretaro\/wp-content\/uploads\/2023\/05\/feria-queso-y-vino-2023-blog-musicos3-300x200.jpg 300w, https:\/\/www.de-paseo.com\/queretaro\/wp-content\/uploads\/2023\/05\/feria-queso-y-vino-2023-blog-musicos3-768x512.jpg 768w\" sizes=\"auto, (max-width: 800px) 100vw, 800px\"\/><noscript><img loading=\"lazy\" decoding=\"async\" width=\"800\" height=\"533\" data-id=\"61079\" src=\"https:\/\/www.de-paseo.com\/queretaro\/wp-content\/uploads\/2023\/05\/feria-queso-y-vino-2023-blog-musicos3.jpg\" alt=\"\" class=\"wp-image-61079 lazyload\" srcset=\"https:\/\/www.de-paseo.com\/queretaro\/wp-content\/uploads\/2023\/05\/feria-queso-y-vino-2023-blog-musicos3.jpg 800w, https:\/\/www.de-paseo.com\/queretaro\/wp-content\/uploads\/2023\/05\/feria-queso-y-vino-2023-blog-musicos3-300x200.jpg 300w, https:\/\/www.de-paseo.com\/queretaro\/wp-content\/uploads\/2023\/05\/feria-queso-y-vino-2023-blog-musicos3-768x512.jpg 768w\" sizes=\"auto, (max-width: 800px) 100vw, 800px\"\/><\/noscript><\/a><\/figure>\n<\/figure>\n<p>Y para todos aquellos interesados en aprender m\u00e1s acerca de la cultura del queso y el vino, en evento se ofrecen tambi\u00e9n diversos talleres. <br \/><strong><a href=\"https:\/\/drive.google.com\/file\/d\/1at0W44Xl1EuNyflrJEYEQLCXR-t1Jc88\/view\" target=\"_blank\" rel=\"noreferrer noopener\">Consulta el programa para horarios de conciertos y talleres (click aqu\u00ed)<\/a><\/strong><\/p>\n<p>Ahora que ya sabes m\u00e1s de todo lo que puedes encontrar en este evento, te invitamos a que te unas a los cientos de personas que ya lo han disfrutado. \u00a1No faltes!<\/p>\n<figure class=\"wp-block-gallery has-nested-images columns-2 is-cropped wp-block-gallery-9 is-layout-flex\">\n<figure class=\"wp-block-image size-full\"><a href=\"https:\/\/www.de-paseo.com\/queretaro\/wp-content\/uploads\/2023\/05\/feria-queso-y-vino-2023-blog-gente1.jpg\" target=\"_blank\" rel=\"noopener\"><img loading=\"lazy\" decoding=\"async\" width=\"800\" height=\"533\" data-id=\"61082\" src=\"https:\/\/www.de-paseo.com\/queretaro\/wp-content\/uploads\/2023\/05\/feria-queso-y-vino-2023-blog-gente1.jpg\" alt=\"\" class=\"wp-image-61082 lazyload\" srcset=\"https:\/\/www.de-paseo.com\/queretaro\/wp-content\/uploads\/2023\/05\/feria-queso-y-vino-2023-blog-gente1.jpg 800w, https:\/\/www.de-paseo.com\/queretaro\/wp-content\/uploads\/2023\/05\/feria-queso-y-vino-2023-blog-gente1-300x200.jpg 300w, https:\/\/www.de-paseo.com\/queretaro\/wp-content\/uploads\/2023\/05\/feria-queso-y-vino-2023-blog-gente1-768x512.jpg 768w\" sizes=\"auto, (max-width: 800px) 100vw, 800px\"\/><noscript><img loading=\"lazy\" decoding=\"async\" width=\"800\" height=\"533\" data-id=\"61082\" src=\"https:\/\/www.de-paseo.com\/queretaro\/wp-content\/uploads\/2023\/05\/feria-queso-y-vino-2023-blog-gente1.jpg\" alt=\"\" class=\"wp-image-61082 lazyload\" srcset=\"https:\/\/www.de-paseo.com\/queretaro\/wp-content\/uploads\/2023\/05\/feria-queso-y-vino-2023-blog-gente1.jpg 800w, https:\/\/www.de-paseo.com\/queretaro\/wp-content\/uploads\/2023\/05\/feria-queso-y-vino-2023-blog-gente1-300x200.jpg 300w, https:\/\/www.de-paseo.com\/queretaro\/wp-content\/uploads\/2023\/05\/feria-queso-y-vino-2023-blog-gente1-768x512.jpg 768w\" sizes=\"auto, (max-width: 800px) 100vw, 800px\"\/><\/noscript><\/a><\/figure>\n<figure class=\"wp-block-image size-full\"><a href=\"https:\/\/www.de-paseo.com\/queretaro\/wp-content\/uploads\/2023\/05\/feria-queso-y-vino-2023-blog-gente2.jpg\" target=\"_blank\" rel=\"noopener\"><img loading=\"lazy\" decoding=\"async\" width=\"800\" height=\"533\" data-id=\"61084\" src=\"https:\/\/www.de-paseo.com\/queretaro\/wp-content\/uploads\/2023\/05\/feria-queso-y-vino-2023-blog-gente2.jpg\" alt=\"\" class=\"wp-image-61084 lazyload\" srcset=\"https:\/\/www.de-paseo.com\/queretaro\/wp-content\/uploads\/2023\/05\/feria-queso-y-vino-2023-blog-gente2.jpg 800w, https:\/\/www.de-paseo.com\/queretaro\/wp-content\/uploads\/2023\/05\/feria-queso-y-vino-2023-blog-gente2-300x200.jpg 300w, https:\/\/www.de-paseo.com\/queretaro\/wp-content\/uploads\/2023\/05\/feria-queso-y-vino-2023-blog-gente2-768x512.jpg 768w\" sizes=\"auto, (max-width: 800px) 100vw, 800px\"\/><noscript><img loading=\"lazy\" decoding=\"async\" width=\"800\" height=\"533\" data-id=\"61084\" src=\"https:\/\/www.de-paseo.com\/queretaro\/wp-content\/uploads\/2023\/05\/feria-queso-y-vino-2023-blog-gente2.jpg\" alt=\"\" class=\"wp-image-61084 lazyload\" srcset=\"https:\/\/www.de-paseo.com\/queretaro\/wp-content\/uploads\/2023\/05\/feria-queso-y-vino-2023-blog-gente2.jpg 800w, https:\/\/www.de-paseo.com\/queretaro\/wp-content\/uploads\/2023\/05\/feria-queso-y-vino-2023-blog-gente2-300x200.jpg 300w, https:\/\/www.de-paseo.com\/queretaro\/wp-content\/uploads\/2023\/05\/feria-queso-y-vino-2023-blog-gente2-768x512.jpg 768w\" sizes=\"auto, (max-width: 800px) 100vw, 800px\"\/><\/noscript><\/a><\/figure>\n<figure class=\"wp-block-image size-full\"><a href=\"https:\/\/www.de-paseo.com\/queretaro\/wp-content\/uploads\/2023\/05\/feria-queso-y-vino-2023-blog-gente3.jpg\" target=\"_blank\" rel=\"noopener\"><img loading=\"lazy\" decoding=\"async\" width=\"800\" height=\"533\" data-id=\"61086\" src=\"https:\/\/www.de-paseo.com\/queretaro\/wp-content\/uploads\/2023\/05\/feria-queso-y-vino-2023-blog-gente3.jpg\" alt=\"\" class=\"wp-image-61086 lazyload\" srcset=\"https:\/\/www.de-paseo.com\/queretaro\/wp-content\/uploads\/2023\/05\/feria-queso-y-vino-2023-blog-gente3.jpg 800w, https:\/\/www.de-paseo.com\/queretaro\/wp-content\/uploads\/2023\/05\/feria-queso-y-vino-2023-blog-gente3-300x200.jpg 300w, https:\/\/www.de-paseo.com\/queretaro\/wp-content\/uploads\/2023\/05\/feria-queso-y-vino-2023-blog-gente3-768x512.jpg 768w\" sizes=\"auto, (max-width: 800px) 100vw, 800px\"\/><noscript><img loading=\"lazy\" decoding=\"async\" width=\"800\" height=\"533\" data-id=\"61086\" src=\"https:\/\/www.de-paseo.com\/queretaro\/wp-content\/uploads\/2023\/05\/feria-queso-y-vino-2023-blog-gente3.jpg\" alt=\"\" class=\"wp-image-61086 lazyload\" srcset=\"https:\/\/www.de-paseo.com\/queretaro\/wp-content\/uploads\/2023\/05\/feria-queso-y-vino-2023-blog-gente3.jpg 800w, https:\/\/www.de-paseo.com\/queretaro\/wp-content\/uploads\/2023\/05\/feria-queso-y-vino-2023-blog-gente3-300x200.jpg 300w, https:\/\/www.de-paseo.com\/queretaro\/wp-content\/uploads\/2023\/05\/feria-queso-y-vino-2023-blog-gente3-768x512.jpg 768w\" sizes=\"auto, (max-width: 800px) 100vw, 800px\"\/><\/noscript><\/a><\/figure>\n<figure class=\"wp-block-image size-full\"><a href=\"https:\/\/www.de-paseo.com\/queretaro\/wp-content\/uploads\/2023\/05\/feria-queso-y-vino-2023-blog-gente4.jpg\" target=\"_blank\" rel=\"noopener\"><img loading=\"lazy\" decoding=\"async\" width=\"800\" height=\"533\" data-id=\"61085\" src=\"https:\/\/www.de-paseo.com\/queretaro\/wp-content\/uploads\/2023\/05\/feria-queso-y-vino-2023-blog-gente4.jpg\" alt=\"\" class=\"wp-image-61085 lazyload\" srcset=\"https:\/\/www.de-paseo.com\/queretaro\/wp-content\/uploads\/2023\/05\/feria-queso-y-vino-2023-blog-gente4.jpg 800w, https:\/\/www.de-paseo.com\/queretaro\/wp-content\/uploads\/2023\/05\/feria-queso-y-vino-2023-blog-gente4-300x200.jpg 300w, https:\/\/www.de-paseo.com\/queretaro\/wp-content\/uploads\/2023\/05\/feria-queso-y-vino-2023-blog-gente4-768x512.jpg 768w\" sizes=\"auto, (max-width: 800px) 100vw, 800px\"\/><noscript><img loading=\"lazy\" decoding=\"async\" width=\"800\" height=\"533\" data-id=\"61085\" src=\"https:\/\/www.de-paseo.com\/queretaro\/wp-content\/uploads\/2023\/05\/feria-queso-y-vino-2023-blog-gente4.jpg\" alt=\"\" class=\"wp-image-61085 lazyload\" srcset=\"https:\/\/www.de-paseo.com\/queretaro\/wp-content\/uploads\/2023\/05\/feria-queso-y-vino-2023-blog-gente4.jpg 800w, https:\/\/www.de-paseo.com\/queretaro\/wp-content\/uploads\/2023\/05\/feria-queso-y-vino-2023-blog-gente4-300x200.jpg 300w, https:\/\/www.de-paseo.com\/queretaro\/wp-content\/uploads\/2023\/05\/feria-queso-y-vino-2023-blog-gente4-768x512.jpg 768w\" sizes=\"auto, (max-width: 800px) 100vw, 800px\"\/><\/noscript><\/a><\/figure>\n<figure class=\"wp-block-image size-full\"><a href=\"https:\/\/www.de-paseo.com\/queretaro\/wp-content\/uploads\/2023\/05\/feria-queso-y-vino-2023-blog-gente5.jpg\" target=\"_blank\" rel=\"noopener\"><img loading=\"lazy\" decoding=\"async\" width=\"800\" height=\"533\" data-id=\"61088\" src=\"https:\/\/www.de-paseo.com\/queretaro\/wp-content\/uploads\/2023\/05\/feria-queso-y-vino-2023-blog-gente5.jpg\" alt=\"\" class=\"wp-image-61088 lazyload\" srcset=\"https:\/\/www.de-paseo.com\/queretaro\/wp-content\/uploads\/2023\/05\/feria-queso-y-vino-2023-blog-gente5.jpg 800w, https:\/\/www.de-paseo.com\/queretaro\/wp-content\/uploads\/2023\/05\/feria-queso-y-vino-2023-blog-gente5-300x200.jpg 300w, https:\/\/www.de-paseo.com\/queretaro\/wp-content\/uploads\/2023\/05\/feria-queso-y-vino-2023-blog-gente5-768x512.jpg 768w\" sizes=\"auto, (max-width: 800px) 100vw, 800px\"\/><noscript><img loading=\"lazy\" decoding=\"async\" width=\"800\" height=\"533\" data-id=\"61088\" src=\"https:\/\/www.de-paseo.com\/queretaro\/wp-content\/uploads\/2023\/05\/feria-queso-y-vino-2023-blog-gente5.jpg\" alt=\"\" class=\"wp-image-61088 lazyload\" srcset=\"https:\/\/www.de-paseo.com\/queretaro\/wp-content\/uploads\/2023\/05\/feria-queso-y-vino-2023-blog-gente5.jpg 800w, https:\/\/www.de-paseo.com\/queretaro\/wp-content\/uploads\/2023\/05\/feria-queso-y-vino-2023-blog-gente5-300x200.jpg 300w, https:\/\/www.de-paseo.com\/queretaro\/wp-content\/uploads\/2023\/05\/feria-queso-y-vino-2023-blog-gente5-768x512.jpg 768w\" sizes=\"auto, (max-width: 800px) 100vw, 800px\"\/><\/noscript><\/a><\/figure>\n<figure class=\"wp-block-image size-full\"><a href=\"https:\/\/www.de-paseo.com\/queretaro\/wp-content\/uploads\/2023\/05\/feria-queso-y-vino-2023-blog-gente6.jpg\" target=\"_blank\" rel=\"noopener\"><img loading=\"lazy\" decoding=\"async\" width=\"800\" height=\"533\" data-id=\"61083\" src=\"https:\/\/www.de-paseo.com\/queretaro\/wp-content\/uploads\/2023\/05\/feria-queso-y-vino-2023-blog-gente6.jpg\" alt=\"\" class=\"wp-image-61083 lazyload\" srcset=\"https:\/\/www.de-paseo.com\/queretaro\/wp-content\/uploads\/2023\/05\/feria-queso-y-vino-2023-blog-gente6.jpg 800w, https:\/\/www.de-paseo.com\/queretaro\/wp-content\/uploads\/2023\/05\/feria-queso-y-vino-2023-blog-gente6-300x200.jpg 300w, https:\/\/www.de-paseo.com\/queretaro\/wp-content\/uploads\/2023\/05\/feria-queso-y-vino-2023-blog-gente6-768x512.jpg 768w\" sizes=\"auto, (max-width: 800px) 100vw, 800px\"\/><noscript><img loading=\"lazy\" decoding=\"async\" width=\"800\" height=\"533\" data-id=\"61083\" src=\"https:\/\/www.de-paseo.com\/queretaro\/wp-content\/uploads\/2023\/05\/feria-queso-y-vino-2023-blog-gente6.jpg\" alt=\"\" class=\"wp-image-61083 lazyload\" srcset=\"https:\/\/www.de-paseo.com\/queretaro\/wp-content\/uploads\/2023\/05\/feria-queso-y-vino-2023-blog-gente6.jpg 800w, https:\/\/www.de-paseo.com\/queretaro\/wp-content\/uploads\/2023\/05\/feria-queso-y-vino-2023-blog-gente6-300x200.jpg 300w, https:\/\/www.de-paseo.com\/queretaro\/wp-content\/uploads\/2023\/05\/feria-queso-y-vino-2023-blog-gente6-768x512.jpg 768w\" sizes=\"auto, (max-width: 800px) 100vw, 800px\"\/><\/noscript><\/a><\/figure>\n<figure class=\"wp-block-image size-full\"><a href=\"https:\/\/www.de-paseo.com\/queretaro\/wp-content\/uploads\/2023\/05\/feria-queso-y-vino-2023-blog-gente7.jpg\" target=\"_blank\" rel=\"noopener\"><img loading=\"lazy\" decoding=\"async\" width=\"800\" height=\"533\" data-id=\"61090\" src=\"https:\/\/www.de-paseo.com\/queretaro\/wp-content\/uploads\/2023\/05\/feria-queso-y-vino-2023-blog-gente7.jpg\" alt=\"\" class=\"wp-image-61090 lazyload\" srcset=\"https:\/\/www.de-paseo.com\/queretaro\/wp-content\/uploads\/2023\/05\/feria-queso-y-vino-2023-blog-gente7.jpg 800w, https:\/\/www.de-paseo.com\/queretaro\/wp-content\/uploads\/2023\/05\/feria-queso-y-vino-2023-blog-gente7-300x200.jpg 300w, https:\/\/www.de-paseo.com\/queretaro\/wp-content\/uploads\/2023\/05\/feria-queso-y-vino-2023-blog-gente7-768x512.jpg 768w\" sizes=\"auto, (max-width: 800px) 100vw, 800px\"\/><noscript><img loading=\"lazy\" decoding=\"async\" width=\"800\" height=\"533\" data-id=\"61090\" src=\"https:\/\/www.de-paseo.com\/queretaro\/wp-content\/uploads\/2023\/05\/feria-queso-y-vino-2023-blog-gente7.jpg\" alt=\"\" class=\"wp-image-61090 lazyload\" srcset=\"https:\/\/www.de-paseo.com\/queretaro\/wp-content\/uploads\/2023\/05\/feria-queso-y-vino-2023-blog-gente7.jpg 800w, https:\/\/www.de-paseo.com\/queretaro\/wp-content\/uploads\/2023\/05\/feria-queso-y-vino-2023-blog-gente7-300x200.jpg 300w, https:\/\/www.de-paseo.com\/queretaro\/wp-content\/uploads\/2023\/05\/feria-queso-y-vino-2023-blog-gente7-768x512.jpg 768w\" sizes=\"auto, (max-width: 800px) 100vw, 800px\"\/><\/noscript><\/a><\/figure>\n<figure class=\"wp-block-image size-full\"><a href=\"https:\/\/www.de-paseo.com\/queretaro\/wp-content\/uploads\/2023\/05\/feria-queso-y-vino-2023-blog-gente8.jpg\" target=\"_blank\" rel=\"noopener\"><img loading=\"lazy\" decoding=\"async\" width=\"800\" height=\"533\" data-id=\"61087\" src=\"https:\/\/www.de-paseo.com\/queretaro\/wp-content\/uploads\/2023\/05\/feria-queso-y-vino-2023-blog-gente8.jpg\" alt=\"\" class=\"wp-image-61087 lazyload\" srcset=\"https:\/\/www.de-paseo.com\/queretaro\/wp-content\/uploads\/2023\/05\/feria-queso-y-vino-2023-blog-gente8.jpg 800w, https:\/\/www.de-paseo.com\/queretaro\/wp-content\/uploads\/2023\/05\/feria-queso-y-vino-2023-blog-gente8-300x200.jpg 300w, https:\/\/www.de-paseo.com\/queretaro\/wp-content\/uploads\/2023\/05\/feria-queso-y-vino-2023-blog-gente8-768x512.jpg 768w\" sizes=\"auto, (max-width: 800px) 100vw, 800px\"\/><noscript><img loading=\"lazy\" decoding=\"async\" width=\"800\" height=\"533\" data-id=\"61087\" src=\"https:\/\/www.de-paseo.com\/queretaro\/wp-content\/uploads\/2023\/05\/feria-queso-y-vino-2023-blog-gente8.jpg\" alt=\"\" class=\"wp-image-61087 lazyload\" srcset=\"https:\/\/www.de-paseo.com\/queretaro\/wp-content\/uploads\/2023\/05\/feria-queso-y-vino-2023-blog-gente8.jpg 800w, https:\/\/www.de-paseo.com\/queretaro\/wp-content\/uploads\/2023\/05\/feria-queso-y-vino-2023-blog-gente8-300x200.jpg 300w, https:\/\/www.de-paseo.com\/queretaro\/wp-content\/uploads\/2023\/05\/feria-queso-y-vino-2023-blog-gente8-768x512.jpg 768w\" sizes=\"auto, (max-width: 800px) 100vw, 800px\"\/><\/noscript><\/a><\/figure>\n<figure class=\"wp-block-image size-full\"><a href=\"https:\/\/www.de-paseo.com\/queretaro\/wp-content\/uploads\/2023\/05\/feria-queso-y-vino-2023-blog-gente9.jpg\" target=\"_blank\" rel=\"noopener\"><img loading=\"lazy\" decoding=\"async\" width=\"800\" height=\"533\" data-id=\"61089\" src=\"https:\/\/www.de-paseo.com\/queretaro\/wp-content\/uploads\/2023\/05\/feria-queso-y-vino-2023-blog-gente9.jpg\" alt=\"\" class=\"wp-image-61089 lazyload\" srcset=\"https:\/\/www.de-paseo.com\/queretaro\/wp-content\/uploads\/2023\/05\/feria-queso-y-vino-2023-blog-gente9.jpg 800w, https:\/\/www.de-paseo.com\/queretaro\/wp-content\/uploads\/2023\/05\/feria-queso-y-vino-2023-blog-gente9-300x200.jpg 300w, https:\/\/www.de-paseo.com\/queretaro\/wp-content\/uploads\/2023\/05\/feria-queso-y-vino-2023-blog-gente9-768x512.jpg 768w\" sizes=\"auto, (max-width: 800px) 100vw, 800px\"\/><noscript><img loading=\"lazy\" decoding=\"async\" width=\"800\" height=\"533\" data-id=\"61089\" src=\"https:\/\/www.de-paseo.com\/queretaro\/wp-content\/uploads\/2023\/05\/feria-queso-y-vino-2023-blog-gente9.jpg\" alt=\"\" class=\"wp-image-61089 lazyload\" srcset=\"https:\/\/www.de-paseo.com\/queretaro\/wp-content\/uploads\/2023\/05\/feria-queso-y-vino-2023-blog-gente9.jpg 800w, https:\/\/www.de-paseo.com\/queretaro\/wp-content\/uploads\/2023\/05\/feria-queso-y-vino-2023-blog-gente9-300x200.jpg 300w, https:\/\/www.de-paseo.com\/queretaro\/wp-content\/uploads\/2023\/05\/feria-queso-y-vino-2023-blog-gente9-768x512.jpg 768w\" sizes=\"auto, (max-width: 800px) 100vw, 800px\"\/><\/noscript><\/a><\/figure>\n<\/figure>\n<p>Aqu\u00ed te compartimos el link de la ubicaci\u00f3n del Parque La Pila para que llegues m\u00e1s f\u00e1cil.<br \/><strong><a href=\"https:\/\/goo.gl\/maps\/YWWaJFDmt9HoXa2r6\" target=\"_blank\" rel=\"noreferrer noopener\">https:\/\/goo.gl\/maps\/YWWaJFDmt9HoXa2r6<\/a><\/strong><\/p>\n<p>Recuerda que POR CADA COPA DE VINO debes tomar DOS COPAS DE AGUA.<\/p>\n<p>\u00a1No lo olvides y disfruta!<\/p>\n<\/div>\n<p><script type='text\/javascript'> !function(f,b,e,v,n,t,s){if(f.fbq)return;n=f.fbq=function(){n.callMethod?\nn.callMethod.apply(n,arguments):n.queue.push(arguments)};if(!f._fbq)f._fbq=n;\nn.push=n;n.loaded=!0;n.version='2.0';n.queue=[];t=b.createElement(e);t.async=!0;\nt.src=v;s=b.getElementsByTagName(e)[0];s.parentNode.insertBefore(t,s)}(window,\ndocument,'script','https:\/\/connect.facebook.net\/en_US\/fbevents.js?v=next'); <\/script><\/p>\n","protected":false},"excerpt":{"rendered":"<p>Como ya es tradici\u00f3n, se celebra en el Parque la Pila, en Tequisquiapan, Qro., la Feria del Queso y el vino. Un evento que se lleva a cabo durante 3 fines de semana consecutivos. Este 2023, del 26 de Mayo al 11 de Junio. Puedes adquirir tus boletos en l\u00ednea y as\u00ed evitar cola en [&hellip;]<\/p>\n","protected":false},"author":2,"featured_media":10984,"comment_status":"","ping_status":"","sticky":false,"template":"","format":"standard","meta":{"_monsterinsights_skip_tracking":false,"_monsterinsights_sitenote_active":false,"_monsterinsights_sitenote_note":"","_monsterinsights_sitenote_category":0,"footnotes":""},"categories":[10],"tags":[],"class_list":["post-10983","post","type-post","status-publish","format-standard","has-post-thumbnail","hentry","category-cultura"],"_links":{"self":[{"href":"https:\/\/informebajio.com.mx\/index.php?rest_route=\/wp\/v2\/posts\/10983","targetHints":{"allow":["GET"]}}],"collection":[{"href":"https:\/\/informebajio.com.mx\/index.php?rest_route=\/wp\/v2\/posts"}],"about":[{"href":"https:\/\/informebajio.com.mx\/index.php?rest_route=\/wp\/v2\/types\/post"}],"author":[{"embeddable":true,"href":"https:\/\/informebajio.com.mx\/index.php?rest_route=\/wp\/v2\/users\/2"}],"replies":[{"embeddable":true,"href":"https:\/\/informebajio.com.mx\/index.php?rest_route=%2Fwp%2Fv2%2Fcomments&post=10983"}],"version-history":[{"count":0,"href":"https:\/\/informebajio.com.mx\/index.php?rest_route=\/wp\/v2\/posts\/10983\/revisions"}],"wp:featuredmedia":[{"embeddable":true,"href":"https:\/\/informebajio.com.mx\/index.php?rest_route=\/wp\/v2\/media\/10984"}],"wp:attachment":[{"href":"https:\/\/informebajio.com.mx\/index.php?rest_route=%2Fwp%2Fv2%2Fmedia&parent=10983"}],"wp:term":[{"taxonomy":"category","embeddable":true,"href":"https:\/\/informebajio.com.mx\/index.php?rest_route=%2Fwp%2Fv2%2Fcategories&post=10983"},{"taxonomy":"post_tag","embeddable":true,"href":"https:\/\/informebajio.com.mx\/index.php?rest_route=%2Fwp%2Fv2%2Ftags&post=10983"}],"curies":[{"name":"wp","href":"https:\/\/api.w.org\/{rel}","templated":true}]}}