{"id":10993,"date":"2023-05-30T05:39:25","date_gmt":"2023-05-30T10:39:25","guid":{"rendered":"https:\/\/informebajio.com.mx\/?p=10993"},"modified":"2023-05-30T05:39:25","modified_gmt":"2023-05-30T10:39:25","slug":"avanza-rehabilitacion-en-fuentes-del-centro","status":"publish","type":"post","link":"https:\/\/informebajio.com.mx\/?p=10993","title":{"rendered":"Avanza rehabilitaci\u00f3n en fuentes del centro"},"content":{"rendered":"<div id=\"content-body-5851641-10131243\">\n<p>La consolidaci\u00f3n del <b>embellecimiento del <a rel=\"Follow noopener\" target=\"_self\" href=\"https:\/\/www.elsoldesanjuandelrio.com.mx\/local\/intervienen-calle-riva-palacio-en-san-juan-del-rio-9827648.html\">Centro Hist\u00f3rico de San Juan del R\u00edo<\/a> <\/b>va acompa\u00f1ada de amenidades como lo son las fuentes, y es compromiso de la actual administraci\u00f3n seguir con su rehabilitaci\u00f3n para que, adem\u00e1s, se pueda instar al turismo, as\u00ed lo dio a conocer<b> Roberto Carlos Cabrera Valencia<\/b>, presidente municipal de esta demarcaci\u00f3n.<\/p>\n<p>Indic\u00f3 que es el \u00e1rea de <b>Servicios P\u00fablicos Municipales<\/b>, quien se est\u00e1 encargando de dignificar estos espacios que hab\u00edan permanecido sin funci\u00f3n, pero que ahora estar\u00e1n generando nuevamente agua para quienes gusten de recorrer los principales <b>jardines y sitios de recreaci\u00f3n sanjuanense.<\/b><\/p>\n<p>Coment\u00f3 que una de las tradiciones o lo que anteriormente hac\u00edan las familias de este municipio. Es que despu\u00e9s de ir a misa o hacer algunas compras en el <b>Centro Hist\u00f3rico<\/b>, acud\u00edan a sentarse a la fuente e incluso refrescarse y que, el personal de esta dependencia <b>trabaja en reanudar de inmediato este atractivo.<\/b><\/p>\n<p><i>&#8220;Nos falta iluminaci\u00f3n, hay que poner algunos reflectores en la plaza independencia. Ya est\u00e1n trabajando en ese sentido y el \u00e1rea de Servicios P\u00fablicos Municipales necesita programar jornadas para atender precisamente a este tipo de temas y otros como es el de la limpia de los drenes y que no nos gane el agua\u201d.<\/i><\/p>\n<p>Expuso que una de sus tareas ser\u00e1 dinamizar las agendas de dependencias tan importantes como esta secretar\u00eda, la cual tambi\u00e9n atiende otros temas como lo es la <b>recolecci\u00f3n de basura y la reposici\u00f3n de luminarias en diferentes lugares del municipio.<\/b><\/p>\n<p>\u201cYo le voy a dar ese seguimiento puntual y voy a mejorar la agenda de las dependencias. Necesitamos afinar nuestros tiempos para trabajos muy espec\u00edficos como este&#8221;.<\/p>\n<p><b>Cabrera Valencia<\/b> sostuvo que la poblaci\u00f3n tom\u00f3 de muy buena manera el hecho de que la administraci\u00f3n se ocupe de reanudar el <b>servicio de las fuentes<\/b> como parte de la identidad de la ciudadan\u00eda y para hacer frente a las altas temperaturas que se han venido registrando en las \u00faltimas semanas.<\/p>\n<p><b id=\"docs-internal-guid-efc948ad-7fff-4a8b-f938-4f0f63f05be7\"><b>\u27a1\ufe0f <\/b><a href=\"https:\/\/oem.us16.list-manage.com\/subscribe?u=c04a811ee61dc85305bf7133b&amp;id=f1b85ee5bb\"><b><u>Suscr\u00edbete a nuestro Newsletter y recibe las notas m\u00e1s relevantes en tu correo<\/u><\/b><\/a><\/b><\/p>\n<p>Finalmente, detall\u00f3 que hace algunas semanas comenzaron con la reparaci\u00f3n de algunas de estas, como es la que se encuentra sobre la<b> calle Francisco Xavier Mina, Jard\u00edn Independencia y el jard\u00edn de la mujer.<\/b><\/p>\n<\/div>\n<p><script>(function(d, s, id) {\nvar js, fjs = d.getElementsByTagName(s)[0];\nif (d.getElementById(id)) return;\njs = d.createElement(s); js.id = id;\njs.src = 'https:\/\/connect.facebook.net\/es_LA\/sdk.js#xfbml=1&version=v3.2&appId=232029482016746&autoLogAppEvents=1';\nfjs.parentNode.insertBefore(js, fjs);\n}(document, 'script', 'facebook-jssdk'));\n<\/script><\/p>\n","protected":false},"excerpt":{"rendered":"<p>La consolidaci\u00f3n del embellecimiento del Centro Hist\u00f3rico de San Juan del R\u00edo va acompa\u00f1ada de amenidades como lo son las fuentes, y es compromiso de la actual administraci\u00f3n seguir con su rehabilitaci\u00f3n para que, adem\u00e1s, se pueda instar al turismo, as\u00ed lo dio a conocer Roberto Carlos Cabrera Valencia, presidente municipal de esta demarcaci\u00f3n. Indic\u00f3 [&hellip;]<\/p>\n","protected":false},"author":2,"featured_media":10994,"comment_status":"","ping_status":"","sticky":false,"template":"","format":"standard","meta":{"_monsterinsights_skip_tracking":false,"_monsterinsights_sitenote_active":false,"_monsterinsights_sitenote_note":"","_monsterinsights_sitenote_category":0,"footnotes":""},"categories":[6],"tags":[],"class_list":["post-10993","post","type-post","status-publish","format-standard","has-post-thumbnail","hentry","category-san-juan-del-rio"],"_links":{"self":[{"href":"https:\/\/informebajio.com.mx\/index.php?rest_route=\/wp\/v2\/posts\/10993","targetHints":{"allow":["GET"]}}],"collection":[{"href":"https:\/\/informebajio.com.mx\/index.php?rest_route=\/wp\/v2\/posts"}],"about":[{"href":"https:\/\/informebajio.com.mx\/index.php?rest_route=\/wp\/v2\/types\/post"}],"author":[{"embeddable":true,"href":"https:\/\/informebajio.com.mx\/index.php?rest_route=\/wp\/v2\/users\/2"}],"replies":[{"embeddable":true,"href":"https:\/\/informebajio.com.mx\/index.php?rest_route=%2Fwp%2Fv2%2Fcomments&post=10993"}],"version-history":[{"count":0,"href":"https:\/\/informebajio.com.mx\/index.php?rest_route=\/wp\/v2\/posts\/10993\/revisions"}],"wp:featuredmedia":[{"embeddable":true,"href":"https:\/\/informebajio.com.mx\/index.php?rest_route=\/wp\/v2\/media\/10994"}],"wp:attachment":[{"href":"https:\/\/informebajio.com.mx\/index.php?rest_route=%2Fwp%2Fv2%2Fmedia&parent=10993"}],"wp:term":[{"taxonomy":"category","embeddable":true,"href":"https:\/\/informebajio.com.mx\/index.php?rest_route=%2Fwp%2Fv2%2Fcategories&post=10993"},{"taxonomy":"post_tag","embeddable":true,"href":"https:\/\/informebajio.com.mx\/index.php?rest_route=%2Fwp%2Fv2%2Ftags&post=10993"}],"curies":[{"name":"wp","href":"https:\/\/api.w.org\/{rel}","templated":true}]}}