{"id":11009,"date":"2023-05-30T11:31:16","date_gmt":"2023-05-30T16:31:16","guid":{"rendered":"https:\/\/informebajio.com.mx\/?p=11009"},"modified":"2023-05-30T11:31:16","modified_gmt":"2023-05-30T16:31:16","slug":"guanajuato-destaca-por-su-produccion-de-carne-y-leon-reunira-en-congreso-al-sector-agroalimentario","status":"publish","type":"post","link":"https:\/\/informebajio.com.mx\/?p=11009","title":{"rendered":"Guanajuato destaca por su producci\u00f3n de carne y Le\u00f3n reunir\u00e1 en congreso al sector agroalimentario"},"content":{"rendered":"<div id=\"content-body-5851641-10141197\">\n<p>Le\u00f3n, Gto.- Derivado de la relevancia que <b>Guanajuato<\/b> tiene en la producci\u00f3n de carne, este 2023, por segundo a\u00f1o, <b>se llevar\u00e1 a cabo en Le\u00f3n el Congreso Internacional de Carnes<\/b> donde participar\u00e1n<b> 70 marcas <\/b>y se espera la llegada de <b>3 mil personas. <\/b><\/p>\n<p>\u27a1 <u><a rel=\"Follow noopener\" target=\"_blank\" href=\"https:\/\/oem.pressreader.com\/el-sol-de-leon\"><b>Suscr\u00edbete a nuestra edici\u00f3n digital<\/b><\/a><\/u><\/p>\n<p>El evento se llevar\u00e1 a cabo el<b> 7 y 8 de junio en Poliforum Le\u00f3n <\/b>tambi\u00e9n considerando que<b> el sector agroalimentario en el estado genera m\u00e1s de 2 mil millones de d\u00f3lares en exportaciones<\/b> y <b>m\u00e1s de 36 mil empleos.<\/b><\/p>\n<p>La presentaci\u00f3n del evento se llev\u00f3 a cabo este lunes encabezado por la alcaldesa, <b>Alejandra Guti\u00e9rrez Campos,<\/b> quien dijo que adem\u00e1s de la derrama econ\u00f3mica suma a las nuevas tecnolog\u00edas y a los procesos para su elaboraci\u00f3n. <\/p>\n<p><u>Tambi\u00e9n te puede interesar: <a href=\"https:\/\/www.elsoldeleon.com.mx\/local\/productores-de-trigo-en-guanajuato-perderan-100-mil-pesos-por-hectarea-10133189.html\">Productores de trigo en Guanajuato perder\u00e1n 100 mil pesos por hect\u00e1rea<\/a><\/u><\/p>\n<p>\u201cNo solo para la atracci\u00f3n de visitantes y derrama econ\u00f3mica, sino tambi\u00e9n para entender nuevas pr\u00e1cticas, poderlas compartir, exponer nuevas tecnolog\u00edas, y sobre todo, el tener aqu\u00ed toda la cadena de valor. Aqu\u00ed tendremos el proceso desde que nace el <b>ganado<\/b>, hasta su consumo final, eso es lo que le da el valor agregado\u201d, agreg\u00f3 <b>Alejandra Guti\u00e9rrez.<\/b><\/p>\n<p>Por su parte,<b> Enrique L\u00f3pez,<\/b> director de la <b>Asociaci\u00f3n Mexicana de Productores de Carne, (AMEG)<\/b>, dijo que habr\u00e1 una expo comercial, conferencias, talleres de capacitaci\u00f3n y el festival de la carne.<\/p>\n<p>\u201cEl objetivo es propiciar un ambiente de negocios en el sector pecuario para fortalecer la cadena de valor y mejorar la competitividad de los productores\u201d, dijo.<\/p>\n<p>Dentro de los temas que se abordar\u00e1n en las conferencias destacan: <b>\u201cLa ganader\u00eda como parte de la soluci\u00f3n al cambio clim\u00e1tico\u201d, \u201cEstatus del mercado mundial de la carne\u201d, \u201cMercado de carbono: oportunidad de negocio en la ganader\u00eda y econom\u00eda circular\u201d y \u201cEnerg\u00edas renovables para la ganader\u00eda\u201d.<\/b><\/p>\n<p>El C<b>ongreso Internacional de la Carne <\/b>est\u00e1 dirigido a los <b>ganaderos<\/b>, los corrales de engorda intensivos, procesadores, fabricantes, distribuidores y para todos los que prestan el servicio de maquinaria, empaque, restauranteros y carnicer\u00edas de la regi\u00f3n.<\/p>\n<\/div>\n<p><script>(function(d, s, id) {\nvar js, fjs = d.getElementsByTagName(s)[0];\nif (d.getElementById(id)) return;\njs = d.createElement(s); js.id = id;\njs.src = 'https:\/\/connect.facebook.net\/es_LA\/sdk.js#xfbml=1&version=v3.2&appId=899106460676237&autoLogAppEvents=1';\nfjs.parentNode.insertBefore(js, fjs);\n}(document, 'script', 'facebook-jssdk'));\n<\/script><\/p>\n","protected":false},"excerpt":{"rendered":"<p>Le\u00f3n, Gto.- Derivado de la relevancia que Guanajuato tiene en la producci\u00f3n de carne, este 2023, por segundo a\u00f1o, se llevar\u00e1 a cabo en Le\u00f3n el Congreso Internacional de Carnes donde participar\u00e1n 70 marcas y se espera la llegada de 3 mil personas. \u27a1 Suscr\u00edbete a nuestra edici\u00f3n digital El evento se llevar\u00e1 a cabo [&hellip;]<\/p>\n","protected":false},"author":2,"featured_media":11010,"comment_status":"","ping_status":"","sticky":false,"template":"","format":"standard","meta":{"_monsterinsights_skip_tracking":false,"_monsterinsights_sitenote_active":false,"_monsterinsights_sitenote_note":"","_monsterinsights_sitenote_category":0,"footnotes":""},"categories":[8],"tags":[],"class_list":["post-11009","post","type-post","status-publish","format-standard","has-post-thumbnail","hentry","category-guanajuato"],"_links":{"self":[{"href":"https:\/\/informebajio.com.mx\/index.php?rest_route=\/wp\/v2\/posts\/11009","targetHints":{"allow":["GET"]}}],"collection":[{"href":"https:\/\/informebajio.com.mx\/index.php?rest_route=\/wp\/v2\/posts"}],"about":[{"href":"https:\/\/informebajio.com.mx\/index.php?rest_route=\/wp\/v2\/types\/post"}],"author":[{"embeddable":true,"href":"https:\/\/informebajio.com.mx\/index.php?rest_route=\/wp\/v2\/users\/2"}],"replies":[{"embeddable":true,"href":"https:\/\/informebajio.com.mx\/index.php?rest_route=%2Fwp%2Fv2%2Fcomments&post=11009"}],"version-history":[{"count":0,"href":"https:\/\/informebajio.com.mx\/index.php?rest_route=\/wp\/v2\/posts\/11009\/revisions"}],"wp:featuredmedia":[{"embeddable":true,"href":"https:\/\/informebajio.com.mx\/index.php?rest_route=\/wp\/v2\/media\/11010"}],"wp:attachment":[{"href":"https:\/\/informebajio.com.mx\/index.php?rest_route=%2Fwp%2Fv2%2Fmedia&parent=11009"}],"wp:term":[{"taxonomy":"category","embeddable":true,"href":"https:\/\/informebajio.com.mx\/index.php?rest_route=%2Fwp%2Fv2%2Fcategories&post=11009"},{"taxonomy":"post_tag","embeddable":true,"href":"https:\/\/informebajio.com.mx\/index.php?rest_route=%2Fwp%2Fv2%2Ftags&post=11009"}],"curies":[{"name":"wp","href":"https:\/\/api.w.org\/{rel}","templated":true}]}}