{"id":11011,"date":"2023-05-30T11:59:44","date_gmt":"2023-05-30T16:59:44","guid":{"rendered":"https:\/\/informebajio.com.mx\/?p=11011"},"modified":"2023-05-30T11:59:44","modified_gmt":"2023-05-30T16:59:44","slug":"sin-agua-800-familias-de-santa-lucia-y-rosa-de-castilla","status":"publish","type":"post","link":"https:\/\/informebajio.com.mx\/?p=11011","title":{"rendered":"Sin agua 800 familias de Santa Luc\u00eda y Rosa de Castilla"},"content":{"rendered":"<div id=\"content-body-5851641-10138066\">\n<p><b>Alrededor de 800 familias<\/b> de las comunidades <b>de Santa Luc\u00eda y Rosa de Castilla<\/b>, en San Juan del R\u00edo,<b> no cuentan con el <a rel=\"Follow noopener\" target=\"_self\" href=\"https:\/\/www.elsoldesanjuandelrio.com.mx\/local\/alertan-por-fallas-en-suministro-de-agua-9468276.html\">servicio de agua potable<\/a><\/b> desde el jueves por la tarde, situaci\u00f3n que ha afectado directamente los pobladores, pues desde entonces no han podido <b>hacer algunas de sus tareas habituales,<\/b> afirm\u00f3 el delegado municipal de Santa Luc\u00eda, <b>Julio Alberto Cort\u00e9s Lara.<\/b><\/p>\n<p>Refiri\u00f3 que de acuerdo con la Junta de Agua Potable y Alcantarillado Municipal (JAPAM) <b>el servicio se suspendi\u00f3 durante jueves y viernes de la semana pasada<\/b>, debido a que el pozo n\u00famero 24 estuvo apagado por falta de energ\u00eda el\u00e9ctrica, esto tras la granizada que azot\u00f3 en esta zona de San Juan del R\u00edo. <\/p>\n<p>A\u00f1adi\u00f3 que seg\u00fan los <b>reportes del organismo<\/b> descentralizado, <b>el pozo comenz\u00f3 a operar el s\u00e1bado<\/b>, sin embargo, hasta la ma\u00f1ana del lunes <b>algunas viviendas contin\u00faan sin suministro de agua potable,<\/b> especialmente aquellas que se ubican en las partes altas de las localidades de Santa Luc\u00eda y Rosa de Castilla, siento<b> alrededor de 800 familias las afectadas<\/b> por esta situaci\u00f3n. <\/p>\n<p><i>\u201cLos de JAPAM hab\u00edan comentado que durante el jueves y viernes el pozo estaba apagado por falta de energ\u00eda el\u00e9ctrica por parte de CFE y que ya hab\u00edan hecho el reporte. El s\u00e1bado supuestamente ya empez\u00f3 a trabajar el pozo, pero en algunas partes altas de Santa Luc\u00eda y Rosa de Castilla a\u00fan no llega, y pues la gente ya est\u00e1 muy molesta porque ya van cuatro d\u00edas sin agua\u201d<\/i>, coment\u00f3. <\/p>\n<p>Puntualiz\u00f3 que el domingo <b>se tuvo contacto con personal de la Junta de Agua Potable y Alcantarillado Municipal<\/b>, el cual les asegur\u00f3 que el servicio para estos sectores de las localidades se restablecer\u00eda durante el lunes. Sin embargo, se\u00f1al\u00f3, hasta el momento no sale el l\u00edquido de las llaves. <\/p>\n<p>En ese sentido, <b>la autoridad auxiliar hizo un llamado al organismo<\/b>, a fin de que realice las acciones correspondientes para <b>restablecer el servicio de agua potable<\/b> en ambas comunidades. Record\u00f3 que en ocasiones anteriores, donde se hab\u00edan presentado situaciones similares, la<b> JAPAM apoyaba a los afectados con pipas de agua,<\/b> de modo que esperan que, de no llegar el agua durante este d\u00eda, se haga lo mismo. <\/p>\n<p><b>\u27a1\ufe0f <\/b><a href=\"https:\/\/oem.us16.list-manage.com\/subscribe?u=c04a811ee61dc85305bf7133b&amp;id=f1b85ee5bb\"><b>Suscr\u00edbete a nuestro Newsletter y recibe las notas m\u00e1s relevantes en tu correo<\/b><\/a><b\/><\/p>\n<p><i>\u201cComo hubo cambios en la JAPAM, ahorita con este nuevo encargado, no tenemos ni contacto, es m\u00e1s ni lo conocemos. Hemos hablado con el personal, nos comentaron que ya se hab\u00eda restablecido el servicio, pero en unas partes en donde todav\u00eda no llega. Hoy mandamos mensaje en la ma\u00f1ana y es hora que no nos contestan. Entonces, no sabemos si ya se va a restablecer el servicio por completo o qu\u00e9 va a pasar o cuantos d\u00edas m\u00e1s vamos a estar sin agua\u201d, <\/i>subray\u00f3.<\/p>\n<\/div>\n<p><script>(function(d, s, id) {\nvar js, fjs = d.getElementsByTagName(s)[0];\nif (d.getElementById(id)) return;\njs = d.createElement(s); js.id = id;\njs.src = 'https:\/\/connect.facebook.net\/es_LA\/sdk.js#xfbml=1&version=v3.2&appId=232029482016746&autoLogAppEvents=1';\nfjs.parentNode.insertBefore(js, fjs);\n}(document, 'script', 'facebook-jssdk'));\n<\/script><\/p>\n","protected":false},"excerpt":{"rendered":"<p>Alrededor de 800 familias de las comunidades de Santa Luc\u00eda y Rosa de Castilla, en San Juan del R\u00edo, no cuentan con el servicio de agua potable desde el jueves por la tarde, situaci\u00f3n que ha afectado directamente los pobladores, pues desde entonces no han podido hacer algunas de sus tareas habituales, afirm\u00f3 el delegado [&hellip;]<\/p>\n","protected":false},"author":2,"featured_media":11012,"comment_status":"","ping_status":"","sticky":false,"template":"","format":"standard","meta":{"_monsterinsights_skip_tracking":false,"_monsterinsights_sitenote_active":false,"_monsterinsights_sitenote_note":"","_monsterinsights_sitenote_category":0,"footnotes":""},"categories":[6],"tags":[],"class_list":["post-11011","post","type-post","status-publish","format-standard","has-post-thumbnail","hentry","category-san-juan-del-rio"],"_links":{"self":[{"href":"https:\/\/informebajio.com.mx\/index.php?rest_route=\/wp\/v2\/posts\/11011","targetHints":{"allow":["GET"]}}],"collection":[{"href":"https:\/\/informebajio.com.mx\/index.php?rest_route=\/wp\/v2\/posts"}],"about":[{"href":"https:\/\/informebajio.com.mx\/index.php?rest_route=\/wp\/v2\/types\/post"}],"author":[{"embeddable":true,"href":"https:\/\/informebajio.com.mx\/index.php?rest_route=\/wp\/v2\/users\/2"}],"replies":[{"embeddable":true,"href":"https:\/\/informebajio.com.mx\/index.php?rest_route=%2Fwp%2Fv2%2Fcomments&post=11011"}],"version-history":[{"count":0,"href":"https:\/\/informebajio.com.mx\/index.php?rest_route=\/wp\/v2\/posts\/11011\/revisions"}],"wp:featuredmedia":[{"embeddable":true,"href":"https:\/\/informebajio.com.mx\/index.php?rest_route=\/wp\/v2\/media\/11012"}],"wp:attachment":[{"href":"https:\/\/informebajio.com.mx\/index.php?rest_route=%2Fwp%2Fv2%2Fmedia&parent=11011"}],"wp:term":[{"taxonomy":"category","embeddable":true,"href":"https:\/\/informebajio.com.mx\/index.php?rest_route=%2Fwp%2Fv2%2Fcategories&post=11011"},{"taxonomy":"post_tag","embeddable":true,"href":"https:\/\/informebajio.com.mx\/index.php?rest_route=%2Fwp%2Fv2%2Ftags&post=11011"}],"curies":[{"name":"wp","href":"https:\/\/api.w.org\/{rel}","templated":true}]}}