{"id":11019,"date":"2023-05-30T13:20:20","date_gmt":"2023-05-30T18:20:20","guid":{"rendered":"https:\/\/informebajio.com.mx\/?p=11019"},"modified":"2023-05-30T13:20:20","modified_gmt":"2023-05-30T18:20:20","slug":"intervendra-obras-publicas-en-el-lago-del-parque-xochipilli","status":"publish","type":"post","link":"https:\/\/informebajio.com.mx\/?p=11019","title":{"rendered":"Intervendr\u00e1 Obras P\u00fablicas en el lago del Parque Xochipilli"},"content":{"rendered":"<div id=\"content-body-5851641-10134862\">\n<p><b>CELAYA, Gto. (OEM-Informex).- La Direcci\u00f3n de Obras P\u00fablicas ser\u00e1 la encargada de invertir 2 millones 400 mil pesos para la rehabilitaci\u00f3n del lago de la segunda secci\u00f3n del Parque Xochipilli,<\/b> as\u00ed lo inform\u00f3 el titular de la dependencia, <b>Marco Antonio Hern\u00e1ndez Hern\u00e1ndez.<\/b><\/p>\n<p><b><a href=\"http:\/\/oem.pressreader.com\/el-sol-de-bajio\" target=\"_self\" rel=\"Follow noopener\">\u27a1\ufe0fSuscr\u00edbete a nuestra edici\u00f3n digital<\/a><\/b><\/p>\n<p>El funcionario municipal explic\u00f3 que solo esperan que se termine el <b>proyecto de intervenci\u00f3n<\/b> para <b>adjudicar la obra de manera directa a la empresa que se encargar\u00e1 de realizar las obras.<\/b><\/p>\n<p>\u27a1\ufe0f <b><a href=\"https:\/\/www.elsoldelbajio.com.mx\/local\/con-eventos-se-busca-reactivar-la-segunda-seccion-del-parque-xochipilli-9902813.html\" target=\"_blank\" rel=\"Follow noopener\">Con eventos se busca reactivar la segunda secci\u00f3n del Parque Xochipilli<\/a><\/b><\/p>\n<p><b>Marco Antonio Hern\u00e1ndez Hern\u00e1ndez<\/b> explic\u00f3 que lo que se estar\u00e1 haciendo es la <b>geomembrana de todo el vaso del lago, el sello, se instalar\u00e1n entre cinco o seis bombas para evitar que se estanque el agua, tenga oxigenaci\u00f3n y no se pudra.<\/b> El director de Obras P\u00fablicas mencion\u00f3 que el proyecto est\u00e1 dentro del Programa General de Obras <b>(PGO)<\/b> y se espera que la pr\u00f3xima semana inicien los trabajos de las obras. <\/p>\n<h2><b><i>PRIMERA REHABILITACI\u00d3N<\/i><\/b><\/h2>\n<p>En 2021, despu\u00e9s de 20 a\u00f1os, por primera vez se le dio mantenimiento al lago de la <b>segunda secci\u00f3n del Parque Xochipilli,<\/b> donde se invirtieron alrededor de <b>700 mil pesos.<\/b> Luego de que, tras un estudio, se determin\u00f3 que se hab\u00eda perdido el ox\u00edgeno en los <b>13 millones de litros de agua<\/b> que en ese momento ten\u00eda el estanque, a causa de la materia org\u00e1nica arrojada por los mismos usuarios, de ah\u00ed que el Patronato comenz\u00f3 con las acciones para su limpieza y rehabilitaci\u00f3n, luego de su creaci\u00f3n en marzo de 2001.<\/p>\n<p>Por lo anterior, se tom\u00f3 la determinaci\u00f3n, en diciembre de 2021, de ya no verter m\u00e1s agua al estanque y <b>extraer los 13 millones de litros de agua con bombas,<\/b> mismos que fueron utilizados en el riego de las \u00e1reas verdes. Para despu\u00e9s colocar la <b>bentonita<\/b>.<\/p>\n<p>Aunque debido a la <b>sequ\u00eda de 2022<\/b> no se logr\u00f3 que se llenara el lago y el agua que se vert\u00eda se sec\u00f3 debido a la filtraci\u00f3n que volvi\u00f3 a presentar y desde entonces est\u00e1 seco.<\/p>\n<\/div>\n<p><script>(function(d, s, id) {\nvar js, fjs = d.getElementsByTagName(s)[0];\nif (d.getElementById(id)) return;\njs = d.createElement(s); js.id = id;\njs.src = 'https:\/\/connect.facebook.net\/es_LA\/sdk.js#xfbml=1&version=v3.2&appId=899106460676237&autoLogAppEvents=1';\nfjs.parentNode.insertBefore(js, fjs);\n}(document, 'script', 'facebook-jssdk'));\n<\/script><\/p>\n","protected":false},"excerpt":{"rendered":"<p>CELAYA, Gto. (OEM-Informex).- La Direcci\u00f3n de Obras P\u00fablicas ser\u00e1 la encargada de invertir 2 millones 400 mil pesos para la rehabilitaci\u00f3n del lago de la segunda secci\u00f3n del Parque Xochipilli, as\u00ed lo inform\u00f3 el titular de la dependencia, Marco Antonio Hern\u00e1ndez Hern\u00e1ndez. \u27a1\ufe0fSuscr\u00edbete a nuestra edici\u00f3n digital El funcionario municipal explic\u00f3 que solo esperan que [&hellip;]<\/p>\n","protected":false},"author":2,"featured_media":11020,"comment_status":"","ping_status":"","sticky":false,"template":"","format":"standard","meta":{"_monsterinsights_skip_tracking":false,"_monsterinsights_sitenote_active":false,"_monsterinsights_sitenote_note":"","_monsterinsights_sitenote_category":0,"footnotes":""},"categories":[8],"tags":[],"class_list":["post-11019","post","type-post","status-publish","format-standard","has-post-thumbnail","hentry","category-guanajuato"],"_links":{"self":[{"href":"https:\/\/informebajio.com.mx\/index.php?rest_route=\/wp\/v2\/posts\/11019","targetHints":{"allow":["GET"]}}],"collection":[{"href":"https:\/\/informebajio.com.mx\/index.php?rest_route=\/wp\/v2\/posts"}],"about":[{"href":"https:\/\/informebajio.com.mx\/index.php?rest_route=\/wp\/v2\/types\/post"}],"author":[{"embeddable":true,"href":"https:\/\/informebajio.com.mx\/index.php?rest_route=\/wp\/v2\/users\/2"}],"replies":[{"embeddable":true,"href":"https:\/\/informebajio.com.mx\/index.php?rest_route=%2Fwp%2Fv2%2Fcomments&post=11019"}],"version-history":[{"count":0,"href":"https:\/\/informebajio.com.mx\/index.php?rest_route=\/wp\/v2\/posts\/11019\/revisions"}],"wp:featuredmedia":[{"embeddable":true,"href":"https:\/\/informebajio.com.mx\/index.php?rest_route=\/wp\/v2\/media\/11020"}],"wp:attachment":[{"href":"https:\/\/informebajio.com.mx\/index.php?rest_route=%2Fwp%2Fv2%2Fmedia&parent=11019"}],"wp:term":[{"taxonomy":"category","embeddable":true,"href":"https:\/\/informebajio.com.mx\/index.php?rest_route=%2Fwp%2Fv2%2Fcategories&post=11019"},{"taxonomy":"post_tag","embeddable":true,"href":"https:\/\/informebajio.com.mx\/index.php?rest_route=%2Fwp%2Fv2%2Ftags&post=11019"}],"curies":[{"name":"wp","href":"https:\/\/api.w.org\/{rel}","templated":true}]}}