{"id":11027,"date":"2023-05-30T17:07:04","date_gmt":"2023-05-30T22:07:04","guid":{"rendered":"https:\/\/informebajio.com.mx\/?p=11027"},"modified":"2023-05-30T17:07:04","modified_gmt":"2023-05-30T22:07:04","slug":"celebra-su-cantamisa-el-padre-emmanuel-hernandez-almanza","status":"publish","type":"post","link":"https:\/\/informebajio.com.mx\/?p=11027","title":{"rendered":"Celebra su cantamisa el padre Emmanuel Hern\u00e1ndez Almanza"},"content":{"rendered":"<div id=\"content-body-5851641-10136038\">\n<p><b>SALVATIERRA, Gto. (OEM-Informex).-<\/b> Ante <b>cientos de personas de la comunidad que lo vio nacer,<\/b> el <b>presb\u00edtero Emmanuel Hern\u00e1ndez Almanza<\/b> celebr\u00f3 su <b>cantamisa en San Miguel<\/b> <b>Em\u00e9nguaro, en Salvatierra,<\/b> en la que tambi\u00e9n participaron m\u00e1s de una <b>docena de sacerdotes del clero local.<\/b><\/p>\n<p><b><a href=\"http:\/\/oem.pressreader.com\/el-sol-de-bajio\" target=\"_self\" rel=\"Follow noopener\">\u27a1\ufe0fSuscr\u00edbete a nuestra edici\u00f3n digital<\/a><\/b><\/p>\n<p>Antes del <b>cantamisa<\/b> se realiz\u00f3 una peque\u00f1a <b>peregrinaci\u00f3n,<\/b> de parte de los ciudadanos de <b>San<\/b> <b>Miguel Em\u00e9nguaro,<\/b> quienes caminaron por las principales calles de la comunidad para despu\u00e9s llegar a la parroquia de <b>San Miguel Arc\u00e1ngel<\/b> donde esperaron al recorrido tradicional por parte del clero local quienes acompa\u00f1aron al presb\u00edtero.<\/p>\n<p>Antes de que comenzara el <b>cantamisa,<\/b> se realiz\u00f3 una ceremonia de <b>bendici\u00f3n de la ropa sacerdotal <\/b>que portar\u00eda <b>Emmanuel Hernandez Almanza,<\/b> asimismo <b>sus padres<\/b> le dieron la <b>bendici\u00f3n<\/b> y posteriormente ofici\u00f3 el <b>cantamisa,<\/b> en la que el <b>padre Emmanuel<\/b> agradeci\u00f3 a todas las personas que lo han acompa\u00f1ado y apoyado en su camino para <b>servirle a Dios.<\/b><\/p>\n<p><b><br \/><\/b><\/p>\n<p><b>Hern\u00e1ndez Almanza naci\u00f3 el 7 de abril de 1995,<\/b> es el segundo de dos hermanos, hijo de <b>J. Arturo<\/b> <b>Hern\u00e1ndez Hern\u00e1ndez y Ma. Luz Almanza Garc\u00eda.<\/b><\/p>\n<p><b><br \/><\/b><\/p>\n<p>Realiz\u00f3 sus estudios en las <b>escuelas primarias Ignacio Ram\u00edrez de San Miguel Em\u00e9nguaro e Ignacio Allende en la comunidad de Ojuelos,<\/b> y en la escuela <b>secundaria oficial Nuevo Milenio en Los Manr\u00edquez. <\/b><\/p>\n<p>Ingres\u00f3 al <b>Seminario Diocesano de Morelia el 6 de agosto de 2010 <\/b>al primer a\u00f1o de <b>Humanidades<\/b> de la etapa menor, donde estudi\u00f3 la preparatoria, adem\u00e1s de los estudios de <b>Filosof\u00eda y Teolog\u00eda.<\/b><\/p>\n<p>Fue admitido como candidato a las <b>\u00d3rdenes Sagradas el 22 de febrero de 2018<\/b> y el <b>1 de mayo de<\/b> <b>2019 fue instituido Ministro Lector y Ac\u00f3lito.<\/b> Recibi\u00f3 el <b>Orden del Diaconado el 28 de septiembre de 2022 y el Orden del Presbiterado el 11 de mayo de 2023.<\/b><\/p>\n<p>Actualmente, ejerce su ministerio sacerdotal en la <b>Pastoral de Adolescentes y J\u00f3venes,<\/b> y en la <b>Rector\u00eda de Cristo Rey en Morelia Michoac\u00e1n.<\/b><\/p>\n<\/div>\n<p><script>(function(d, s, id) {\nvar js, fjs = d.getElementsByTagName(s)[0];\nif (d.getElementById(id)) return;\njs = d.createElement(s); js.id = id;\njs.src = 'https:\/\/connect.facebook.net\/es_LA\/sdk.js#xfbml=1&version=v3.2&appId=899106460676237&autoLogAppEvents=1';\nfjs.parentNode.insertBefore(js, fjs);\n}(document, 'script', 'facebook-jssdk'));\n<\/script><\/p>\n","protected":false},"excerpt":{"rendered":"<p>SALVATIERRA, Gto. (OEM-Informex).- Ante cientos de personas de la comunidad que lo vio nacer, el presb\u00edtero Emmanuel Hern\u00e1ndez Almanza celebr\u00f3 su cantamisa en San Miguel Em\u00e9nguaro, en Salvatierra, en la que tambi\u00e9n participaron m\u00e1s de una docena de sacerdotes del clero local. \u27a1\ufe0fSuscr\u00edbete a nuestra edici\u00f3n digital Antes del cantamisa se realiz\u00f3 una peque\u00f1a peregrinaci\u00f3n, [&hellip;]<\/p>\n","protected":false},"author":2,"featured_media":11028,"comment_status":"","ping_status":"","sticky":false,"template":"","format":"standard","meta":{"_monsterinsights_skip_tracking":false,"_monsterinsights_sitenote_active":false,"_monsterinsights_sitenote_note":"","_monsterinsights_sitenote_category":0,"footnotes":""},"categories":[8],"tags":[],"class_list":["post-11027","post","type-post","status-publish","format-standard","has-post-thumbnail","hentry","category-guanajuato"],"_links":{"self":[{"href":"https:\/\/informebajio.com.mx\/index.php?rest_route=\/wp\/v2\/posts\/11027","targetHints":{"allow":["GET"]}}],"collection":[{"href":"https:\/\/informebajio.com.mx\/index.php?rest_route=\/wp\/v2\/posts"}],"about":[{"href":"https:\/\/informebajio.com.mx\/index.php?rest_route=\/wp\/v2\/types\/post"}],"author":[{"embeddable":true,"href":"https:\/\/informebajio.com.mx\/index.php?rest_route=\/wp\/v2\/users\/2"}],"replies":[{"embeddable":true,"href":"https:\/\/informebajio.com.mx\/index.php?rest_route=%2Fwp%2Fv2%2Fcomments&post=11027"}],"version-history":[{"count":0,"href":"https:\/\/informebajio.com.mx\/index.php?rest_route=\/wp\/v2\/posts\/11027\/revisions"}],"wp:featuredmedia":[{"embeddable":true,"href":"https:\/\/informebajio.com.mx\/index.php?rest_route=\/wp\/v2\/media\/11028"}],"wp:attachment":[{"href":"https:\/\/informebajio.com.mx\/index.php?rest_route=%2Fwp%2Fv2%2Fmedia&parent=11027"}],"wp:term":[{"taxonomy":"category","embeddable":true,"href":"https:\/\/informebajio.com.mx\/index.php?rest_route=%2Fwp%2Fv2%2Fcategories&post=11027"},{"taxonomy":"post_tag","embeddable":true,"href":"https:\/\/informebajio.com.mx\/index.php?rest_route=%2Fwp%2Fv2%2Ftags&post=11027"}],"curies":[{"name":"wp","href":"https:\/\/api.w.org\/{rel}","templated":true}]}}