{"id":11043,"date":"2023-05-30T22:14:26","date_gmt":"2023-05-31T03:14:26","guid":{"rendered":"https:\/\/informebajio.com.mx\/?p=11043"},"modified":"2023-05-30T22:14:26","modified_gmt":"2023-05-31T03:14:26","slug":"inminente-renuncia-del-secretario-particular-de-la-presidencia-municipal","status":"publish","type":"post","link":"https:\/\/informebajio.com.mx\/?p=11043","title":{"rendered":"Inminente renuncia del secretario particular de la Presidencia Municipal"},"content":{"rendered":"<div id=\"content-body-5851641-10139824\">\n<p><b>CELAYA, Gto. (OEM-Informex).-<\/b> El Secretario Particular de la Presidencia Municipal, <b>Ram\u00f3n<\/b> <b>Medell\u00edn Aguirre,<\/b> manifest\u00f3 al alcalde <b>Javier Mendoza M\u00e1rquez<\/b> <b>sus intenciones de renuncia,<\/b> por <b>posibles diferencias entre funcionarios municipales.<\/b><\/p>\n<p><b><a href=\"http:\/\/oem.pressreader.com\/el-sol-de-bajio\" target=\"_self\" rel=\"Follow noopener\">\u27a1\ufe0fSuscr\u00edbete a nuestra edici\u00f3n digital<\/a><\/b><\/p>\n<p>Sobre la posible renuncia de <b>Medell\u00edn Aguirre,<\/b> el presidente municipal, en entrevista, explic\u00f3 que la semana pasada le extern\u00f3 su <b>posible salida por proyectos personales.<\/b><\/p>\n<p>Al cuestionar al alcalde de manera expresa si la salida del secretario particular se debi\u00f3 a las diferencias que hay entre sus funcionarios, dijo: <b>\u201cen todas las relaciones humanas, desde la familia hay diferencias, en empresas, academias, clubes, organismos, siempre hay diferencias\u201d.<\/b><\/p>\n<p><b>Javier Mendoza<\/b> mencion\u00f3 que se tiene que esperar a que se <b>haga oficial la renuncia,<\/b> porque hoy en d\u00eda a\u00fan no hay nada. Pero es muy respetable su decisi\u00f3n y tiene que privilegiar lo que m\u00e1s le convenga.<\/p>\n<\/div>\n<p><script>(function(d, s, id) {\nvar js, fjs = d.getElementsByTagName(s)[0];\nif (d.getElementById(id)) return;\njs = d.createElement(s); js.id = id;\njs.src = 'https:\/\/connect.facebook.net\/es_LA\/sdk.js#xfbml=1&version=v3.2&appId=899106460676237&autoLogAppEvents=1';\nfjs.parentNode.insertBefore(js, fjs);\n}(document, 'script', 'facebook-jssdk'));\n<\/script><\/p>\n","protected":false},"excerpt":{"rendered":"<p>CELAYA, Gto. (OEM-Informex).- El Secretario Particular de la Presidencia Municipal, Ram\u00f3n Medell\u00edn Aguirre, manifest\u00f3 al alcalde Javier Mendoza M\u00e1rquez sus intenciones de renuncia, por posibles diferencias entre funcionarios municipales. \u27a1\ufe0fSuscr\u00edbete a nuestra edici\u00f3n digital Sobre la posible renuncia de Medell\u00edn Aguirre, el presidente municipal, en entrevista, explic\u00f3 que la semana pasada le extern\u00f3 su posible [&hellip;]<\/p>\n","protected":false},"author":2,"featured_media":11044,"comment_status":"","ping_status":"","sticky":false,"template":"","format":"standard","meta":{"_monsterinsights_skip_tracking":false,"_monsterinsights_sitenote_active":false,"_monsterinsights_sitenote_note":"","_monsterinsights_sitenote_category":0,"footnotes":""},"categories":[8],"tags":[],"class_list":["post-11043","post","type-post","status-publish","format-standard","has-post-thumbnail","hentry","category-guanajuato"],"_links":{"self":[{"href":"https:\/\/informebajio.com.mx\/index.php?rest_route=\/wp\/v2\/posts\/11043","targetHints":{"allow":["GET"]}}],"collection":[{"href":"https:\/\/informebajio.com.mx\/index.php?rest_route=\/wp\/v2\/posts"}],"about":[{"href":"https:\/\/informebajio.com.mx\/index.php?rest_route=\/wp\/v2\/types\/post"}],"author":[{"embeddable":true,"href":"https:\/\/informebajio.com.mx\/index.php?rest_route=\/wp\/v2\/users\/2"}],"replies":[{"embeddable":true,"href":"https:\/\/informebajio.com.mx\/index.php?rest_route=%2Fwp%2Fv2%2Fcomments&post=11043"}],"version-history":[{"count":0,"href":"https:\/\/informebajio.com.mx\/index.php?rest_route=\/wp\/v2\/posts\/11043\/revisions"}],"wp:featuredmedia":[{"embeddable":true,"href":"https:\/\/informebajio.com.mx\/index.php?rest_route=\/wp\/v2\/media\/11044"}],"wp:attachment":[{"href":"https:\/\/informebajio.com.mx\/index.php?rest_route=%2Fwp%2Fv2%2Fmedia&parent=11043"}],"wp:term":[{"taxonomy":"category","embeddable":true,"href":"https:\/\/informebajio.com.mx\/index.php?rest_route=%2Fwp%2Fv2%2Fcategories&post=11043"},{"taxonomy":"post_tag","embeddable":true,"href":"https:\/\/informebajio.com.mx\/index.php?rest_route=%2Fwp%2Fv2%2Ftags&post=11043"}],"curies":[{"name":"wp","href":"https:\/\/api.w.org\/{rel}","templated":true}]}}