{"id":11045,"date":"2023-05-30T22:19:02","date_gmt":"2023-05-31T03:19:02","guid":{"rendered":"https:\/\/informebajio.com.mx\/?p=11045"},"modified":"2023-05-30T22:19:02","modified_gmt":"2023-05-31T03:19:02","slug":"talina-fernandez-senala-de-vendido-a-su-nieto-jose-emilio","status":"publish","type":"post","link":"https:\/\/informebajio.com.mx\/?p=11045","title":{"rendered":"Talina Fern\u00e1ndez se\u00f1ala de \u2018vendido\u2019 a su nieto Jos\u00e9 Emilio"},"content":{"rendered":"<div>\n<p><strong>Agencia M\u00e9xico<\/strong><\/p>\n<p>Talina Fern\u00e1ndez arremeti\u00f3 contra su nieto, Jos\u00e9 Emilio e incluso lo tach\u00f3 de vendido, luego de que el joven concediera una entrevista a una revista y hablara del pleito que existe por la herencia de Mariana Levy.<\/p>\n<p>Durante un evento al que acudi\u00f3 en compa\u00f1\u00eda de su novio, la presentadora de televisi\u00f3n expres\u00f3 su descontento comentando que lo justo es que sus nietos puedan recibir lo que merecen porque ya pasaron casi dos d\u00e9cadas del fallecimiento de su hija.<\/p>\n<p><!-- Composite Start --><\/p>\n<p><!-- Composite End --><\/p>\n<p>\u201cYo no s\u00e9, mi cielo santo. En cuestiones de la herencia nada m\u00e1s hace 18 a\u00f1os que muri\u00f3 Mariana y no les han dado ni sal para un aguacate. Espero en Dios que pronto les llegue su herencia. Ha sido un largo camino y yo de leyes no s\u00e9 nada\u201d, respondi\u00f3 Fern\u00e1ndez ante las primeras preguntas de la prensa.<\/p>\n<p>La artista de 78 a\u00f1os refiri\u00f3 que no sab\u00eda que sus tres nietos estaban distanciados y mucho menos que se debiera por cuestiones econ\u00f3micas. \u201cClaro que me afecta, porque mis nietos pasan momentos dif\u00edciles por falta de dinero. Yo quisiera que esto ya se solucionara\u201d, manifest\u00f3.<\/p>\n<p>Sin embargo, cuando a \u2018La dama del buen decir\u2019 le preguntaron sobre las acusaciones de Jos\u00e9 Emilio contra su media hermana Mar\u00eda, la conductora se puso del lado de la primog\u00e9nita de Levy.<\/p>\n<p>\u201cA Jos\u00e9 Emilio le gustan mucho las bambalinas y se vende con una revista (\u2026) \u00a0y se vende por dinero, entonces es capaz de decir cualquier cosa\u201d, expuso molesta.<\/p>\n<p>\u201cYo no lo crie, Jos\u00e9 Emilio se qued\u00f3 de ocho meses cuando muri\u00f3 mi hija, as\u00ed que Jos\u00e9 Emilio no mam* la educaci\u00f3n que tenemos todos nosotros\u201d, subray\u00f3.<\/p>\n<p>Al respecto del distanciamiento del joven con Ana B\u00e1rbara, quien estuvo al cuidado de Jos\u00e9 Emilio en sus primeros a\u00f1os de vida, cuando se cas\u00f3 con el viudo de Mariana, Jos\u00e9 Mar\u00eda Fern\u00e1ndez, \u2018El Purri\u2019, Talina le agradeci\u00f3 a la cantante por su labor como madrastra.<\/p>\n<p>\u201cYo no tengo idea, \u00bfsabes qu\u00e9?, no soy chismosa, nunca he sido, me vale madr*s lo que digan. Ana B\u00e1rbara se ocup\u00f3 cuando eran chiquitos, los llevaba al dentista, yo tengo mucho que agradecerle a la peque y que Dios me la bendiga siempre\u201d.<\/p>\n<p>De esta manera, Talina Fern\u00e1ndez expres\u00f3 su incomodidad contra su nieto Jos\u00e9 Emilio tras conceder una entrevista y hablar mal de Mar\u00eda, quien es producto de la relaci\u00f3n de Mariana Levy con Ariel L\u00f3pez Padilla.<\/p>\n<\/div>\n<p><\/p>\n","protected":false},"excerpt":{"rendered":"<p>Agencia M\u00e9xico Talina Fern\u00e1ndez arremeti\u00f3 contra su nieto, Jos\u00e9 Emilio e incluso lo tach\u00f3 de vendido, luego de que el joven concediera una entrevista a una revista y hablara del pleito que existe por la herencia de Mariana Levy. Durante un evento al que acudi\u00f3 en compa\u00f1\u00eda de su novio, la presentadora de televisi\u00f3n expres\u00f3 [&hellip;]<\/p>\n","protected":false},"author":2,"featured_media":11046,"comment_status":"","ping_status":"","sticky":false,"template":"","format":"standard","meta":{"_monsterinsights_skip_tracking":false,"_monsterinsights_sitenote_active":false,"_monsterinsights_sitenote_note":"","_monsterinsights_sitenote_category":0,"footnotes":""},"categories":[4],"tags":[],"class_list":["post-11045","post","type-post","status-publish","format-standard","has-post-thumbnail","hentry","category-queretaro"],"_links":{"self":[{"href":"https:\/\/informebajio.com.mx\/index.php?rest_route=\/wp\/v2\/posts\/11045","targetHints":{"allow":["GET"]}}],"collection":[{"href":"https:\/\/informebajio.com.mx\/index.php?rest_route=\/wp\/v2\/posts"}],"about":[{"href":"https:\/\/informebajio.com.mx\/index.php?rest_route=\/wp\/v2\/types\/post"}],"author":[{"embeddable":true,"href":"https:\/\/informebajio.com.mx\/index.php?rest_route=\/wp\/v2\/users\/2"}],"replies":[{"embeddable":true,"href":"https:\/\/informebajio.com.mx\/index.php?rest_route=%2Fwp%2Fv2%2Fcomments&post=11045"}],"version-history":[{"count":0,"href":"https:\/\/informebajio.com.mx\/index.php?rest_route=\/wp\/v2\/posts\/11045\/revisions"}],"wp:featuredmedia":[{"embeddable":true,"href":"https:\/\/informebajio.com.mx\/index.php?rest_route=\/wp\/v2\/media\/11046"}],"wp:attachment":[{"href":"https:\/\/informebajio.com.mx\/index.php?rest_route=%2Fwp%2Fv2%2Fmedia&parent=11045"}],"wp:term":[{"taxonomy":"category","embeddable":true,"href":"https:\/\/informebajio.com.mx\/index.php?rest_route=%2Fwp%2Fv2%2Fcategories&post=11045"},{"taxonomy":"post_tag","embeddable":true,"href":"https:\/\/informebajio.com.mx\/index.php?rest_route=%2Fwp%2Fv2%2Ftags&post=11045"}],"curies":[{"name":"wp","href":"https:\/\/api.w.org\/{rel}","templated":true}]}}