{"id":11049,"date":"2023-05-31T00:01:01","date_gmt":"2023-05-31T05:01:01","guid":{"rendered":"https:\/\/informebajio.com.mx\/?p=11049"},"modified":"2023-05-31T00:01:01","modified_gmt":"2023-05-31T05:01:01","slug":"en-queretaro-avanza-reforma-contra-bullying","status":"publish","type":"post","link":"https:\/\/informebajio.com.mx\/?p=11049","title":{"rendered":"En Quer\u00e9taro avanza reforma contra bullying"},"content":{"rendered":"<div id=\"content-body-5851641-10127131\">\n<p>Diputados de la Comisi\u00f3n de Educaci\u00f3n y Cultura del Congreso estatal <b>aprobaron una reforma a la ley de educaci\u00f3n para contar con una cultura de paz y entornos escolares libres de <a href=\"https:\/\/www.diariodequeretaro.com.mx\/local\/queretaro-tercer-lugar-nacional-en-violencia-escolar-10072313.html\" target=\"_self\" rel=\"Follow noopener\">violencia <\/a>en la entidad,<\/b> los cuales permitan identificar qu\u00e9 hacer y a d\u00f3nde canalizar las situaciones de riesgo en las instituciones, adem\u00e1s de que los padres de familia sepan c\u00f3mo actuar ante estas situaciones.<\/p>\n<p>Durante sesi\u00f3n, Ana Paola L\u00f3pez Birlain, diputada presidenta de la comisi\u00f3n y autora de la iniciativa, destac\u00f3 que durante una gira por el estado se plante\u00f3 la necesidad de <b>trabajar en la prevenci\u00f3n, atenci\u00f3n y erradicaci\u00f3n de la violencia en entornos escolares, <\/b>por lo que se propuso dicha iniciativa que contempla lineamientos generales sobre la actuaci\u00f3n integral de las autoridades.<\/p>\n<p><i>\u201cTener entornos de paz y entornos libres de violencia en los planteles escolares es responsabilidad de todas y todos, ni la autoridad sola va a poder evitar pr\u00e1cticas que se han normalizado en nuestros centros escolares, ni los padres de familia por su cuenta, ni los alumnos\u201d,<\/i> enfatiz\u00f3.<\/p>\n<p>La legisladora reconoci\u00f3 que <b>ninguna ley resolver\u00e1 el problema de violencia escolar que se vive en el pa\u00eds<\/b>; sin embargo, consider\u00f3 que se deben hacer <b>esfuerzos para que todos los actores involucrados, incluso los padres de familia, abonen a tener espacios de sana convivencia.<\/b><\/p>\n<p><i>\u201cEs una propuesta para que sea integrada en la ley de educaci\u00f3n, es una propuesta que les da el parteaguas a muchas autoridades para saber qu\u00e9 hacer, c\u00f3mo hacer y a d\u00f3nde canalizar situaciones que pueden poner en riesgo a nuestras ni\u00f1as y ni\u00f1os, a nuestros docentes para saber c\u00f3mo actuar y hasta d\u00f3nde est\u00e1 su responsabilidad\u201d, <\/i>a\u00f1adi\u00f3.<\/p>\n<p>Asimismo, se aprob\u00f3 un exhorto al Congreso de la Uni\u00f3n, especialmente al Senado de la Rep\u00fablica y a las Legislaturas locales de 31 entidades federativas, para aprobar reformas y adiciones a las leyes con el objetivo de crear entornos escolares seguros en materia de movilidad, salvaguardando los derechos, la integridad f\u00edsica y la vida de ni\u00f1as, ni\u00f1os y adolescentes.<\/p>\n<p><b id=\"docs-internal-guid-a872607f-7fff-f781-7915-faef1c1db93f\"><b>\u27a1\ufe0f <\/b><a href=\"https:\/\/oem.us16.list-manage.com\/subscribe?u=c04a811ee61dc85305bf7133b&amp;id=f1b85ee5bb\"><b><u>Suscr\u00edbete a nuestro Newsletter y recibe las notas m\u00e1s relevantes en tu correo<\/u><\/b><\/a><\/b><\/p>\n<p>Al respecto Dulce Ventura Rend\u00f3n, diputada autora de dicho dictamen, se\u00f1al\u00f3 que la intenci\u00f3n es que se propicien <b>espacios de movilidad seguros <\/b>que dejen de ser un peligro para los estudiantes, esto en concordancia con la reforma a la Ley de tr\u00e1nsito del estado en materia de l\u00edmites de velocidad para garantizar la seguridad vial en los entornos escolares.<\/p>\n<\/div>\n<p><script>(function(d, s, id) {\nvar js, fjs = d.getElementsByTagName(s)[0];\nif (d.getElementById(id)) return;\njs = d.createElement(s); js.id = id;\njs.src = 'https:\/\/connect.facebook.net\/es_LA\/sdk.js#xfbml=1&version=v3.2&appId=232029482016746&autoLogAppEvents=1';\nfjs.parentNode.insertBefore(js, fjs);\n}(document, 'script', 'facebook-jssdk'));\n<\/script><\/p>\n","protected":false},"excerpt":{"rendered":"<p>Diputados de la Comisi\u00f3n de Educaci\u00f3n y Cultura del Congreso estatal aprobaron una reforma a la ley de educaci\u00f3n para contar con una cultura de paz y entornos escolares libres de violencia en la entidad, los cuales permitan identificar qu\u00e9 hacer y a d\u00f3nde canalizar las situaciones de riesgo en las instituciones, adem\u00e1s de que [&hellip;]<\/p>\n","protected":false},"author":2,"featured_media":11050,"comment_status":"","ping_status":"","sticky":false,"template":"","format":"standard","meta":{"_monsterinsights_skip_tracking":false,"_monsterinsights_sitenote_active":false,"_monsterinsights_sitenote_note":"","_monsterinsights_sitenote_category":0,"footnotes":""},"categories":[6],"tags":[],"class_list":["post-11049","post","type-post","status-publish","format-standard","has-post-thumbnail","hentry","category-san-juan-del-rio"],"_links":{"self":[{"href":"https:\/\/informebajio.com.mx\/index.php?rest_route=\/wp\/v2\/posts\/11049","targetHints":{"allow":["GET"]}}],"collection":[{"href":"https:\/\/informebajio.com.mx\/index.php?rest_route=\/wp\/v2\/posts"}],"about":[{"href":"https:\/\/informebajio.com.mx\/index.php?rest_route=\/wp\/v2\/types\/post"}],"author":[{"embeddable":true,"href":"https:\/\/informebajio.com.mx\/index.php?rest_route=\/wp\/v2\/users\/2"}],"replies":[{"embeddable":true,"href":"https:\/\/informebajio.com.mx\/index.php?rest_route=%2Fwp%2Fv2%2Fcomments&post=11049"}],"version-history":[{"count":0,"href":"https:\/\/informebajio.com.mx\/index.php?rest_route=\/wp\/v2\/posts\/11049\/revisions"}],"wp:featuredmedia":[{"embeddable":true,"href":"https:\/\/informebajio.com.mx\/index.php?rest_route=\/wp\/v2\/media\/11050"}],"wp:attachment":[{"href":"https:\/\/informebajio.com.mx\/index.php?rest_route=%2Fwp%2Fv2%2Fmedia&parent=11049"}],"wp:term":[{"taxonomy":"category","embeddable":true,"href":"https:\/\/informebajio.com.mx\/index.php?rest_route=%2Fwp%2Fv2%2Fcategories&post=11049"},{"taxonomy":"post_tag","embeddable":true,"href":"https:\/\/informebajio.com.mx\/index.php?rest_route=%2Fwp%2Fv2%2Ftags&post=11049"}],"curies":[{"name":"wp","href":"https:\/\/api.w.org\/{rel}","templated":true}]}}