{"id":11051,"date":"2023-05-31T00:51:57","date_gmt":"2023-05-31T05:51:57","guid":{"rendered":"https:\/\/informebajio.com.mx\/?p=11051"},"modified":"2023-05-31T00:51:57","modified_gmt":"2023-05-31T05:51:57","slug":"tras-los-ultimos-ataques-eliminaran-casetas-de-policia","status":"publish","type":"post","link":"https:\/\/informebajio.com.mx\/?p=11051","title":{"rendered":"Tras los \u00faltimos ataques eliminar\u00e1n casetas de polic\u00eda"},"content":{"rendered":"<div id=\"content-body-5851641-10139986\">\n<p><b>CELAYA, Gto. (OEM-Informex).-<\/b> Tras los <b>\u00faltimos ataques a la Polic\u00eda Municipal,<\/b> el presidente <b>Javier<\/b> <b>Mendoza M\u00e1rquez,<\/b> reconoci\u00f3 que <b>hay temor en la corporaci\u00f3n,<\/b> adem\u00e1s de que ya se <b>analiza retirar las casetas m\u00f3viles de la Secretar\u00eda de Seguridad de manera definitiva,<\/b> ya que son <b>blanco de la delincuencia.<\/b><\/p>\n<p><b><a href=\"http:\/\/oem.pressreader.com\/el-sol-de-bajio\" target=\"_self\" rel=\"Follow noopener\">\u27a1\ufe0fSuscr\u00edbete a nuestra edici\u00f3n digital<\/a><\/b><\/p>\n<p>Mientras que el gobernador del estado, <b>Diego Sinhue Rodr\u00edguez Vallejo<\/b> insisti\u00f3 en que los ataques son parte de la <b>reacci\u00f3n de un grupo criminal,<\/b> porque la <b>Polic\u00eda de Celaya<\/b> est\u00e1 teniendo una gran actuaci\u00f3n.<\/p>\n<h2><b><i>\u201cQUE YA LE PAREN\u201d: ALCALDE<\/i><\/b><\/h2>\n<p>El alcalde lament\u00f3 los recientes hechos violentos de los que han sido <b>blanco los oficiales<\/b>, y el tema lo est\u00e1 atendiendo la Fiscal\u00eda General del Estado <b>(FGE), en materia de investigaci\u00f3n;<\/b> y lo que le corresponde al Municipio es dar atenci\u00f3n a las familias de los polic\u00edas ca\u00eddos en el cumplimiento de su deber.<\/p>\n<p><b>\u201cEsperemos que ya le paren estas gentes, estamos haciendo lo necesario, requerimos m\u00e1s intervenci\u00f3n y coordinaci\u00f3n con la federaci\u00f3n\u201d,<\/b> dijo el alcalde.<\/p>\n<p>Sobre si la <b>polic\u00eda est\u00e1 bajo ataque, Mendoza M\u00e1rquez<\/b> mencion\u00f3 que todo deja ver qu\u00e9 lamentablemente son <b>blanco de la delincuencia,<\/b> se tienen que tomar prevenciones que son m\u00e1s de estrategia, que se platica a diario con el <b>secretario de Seguridad Ciudadana, Jes\u00fas Ignacio Rivera Peralta, y el general del Ej\u00e9rcito Mexicano, Enrique Garc\u00eda.<\/b><\/p>\n<p>Sobre lo que dicen los elementos de la Polic\u00eda Municipal sobre esta serie de ataques, el alcalde dijo: <b>\u201cen la tropa ya hay cierto temor\u201d.<\/b><\/p>\n<p>Sobre si las casetas policiales son efectivas, <b>Javier Mendoza M\u00e1rquez,<\/b> mencion\u00f3 que no es la mejor estrategia, porque son puntos <b>fijos para la delincuencia,<\/b> por tal motivo ya se analiza con el secretario retirarlas. <\/p>\n<p>Por \u00faltimo el presidente municipal <b>Mendoza M\u00e1rquez<\/b> resalt\u00f3 que, desde un inicio en su administraci\u00f3n, sab\u00edan que el <b>reto fuerte y m\u00e1s importante era la seguridad,<\/b> por eso se sigue trabajando para regresar la <b>paz a Celaya.<\/b> <\/p>\n<h2><b><i>DOS EX MILITARES COLOMBIANOS ENTRE LOS DETENIDOS<\/i><\/b><\/h2>\n<p>Respecto a estos constantes ataques en contra de la <b>Polic\u00eda Municipal de Celaya,<\/b> el gobernador del estado, <b>Diego Sinhue Rodr\u00edguez Vallejo,<\/b> volvi\u00f3 a insistir en que es parte de la reacci\u00f3n de un grupo criminal ante la acci\u00f3n de las autoridades.<\/p>\n<p><b>\u201cLa Polic\u00eda de Celaya ha tenido grandes actuaciones, ha detenido a muchos delincuentes, ha logrado abatir a otros tantos y este es el resultado. Por supuesto que lamentamos y condenamos estos hechos, pero es el riesgo que corren los polic\u00edas que est\u00e1n haciendo bien las cosas y Celaya lo est\u00e1 haciendo bien desde que se reforz\u00f3 la Polic\u00eda Municipal\u201d,<\/b> dijo.<\/p>\n<p>Advirti\u00f3 que est\u00e1n junto con la <b>Fiscal\u00eda y las Fuerzas de Seguridad P\u00fablica del Estado,<\/b> reforzando y aplicando protocolos, se\u00f1al\u00f3 que uno de los ataques de los polic\u00edas fue en un horario no laboral, <b>\u201cestaban en un gimnasio, un ataque cobarde ya que los enfrentan cuando no est\u00e1n armados\u201d.<\/b><\/p>\n<p>Al ser cuestionado sobre si ex militares colombianos est\u00e1n operando junto a un grupo criminal, reconoci\u00f3 que as\u00ed fue, ya que uno de los abatidos era de <b>origen colombiano<\/b> y el otro se encuentra detenido, adem\u00e1s inform\u00f3 que otros detenidos son oriundos de <b>Tamaulipas,<\/b> dijo que es com\u00fan la llegada de extranjeros para trabajar con la delincuencia organizada, dijo que durante su sexenio, ha habido muchos casos con personas de <b>Centroam\u00e9rica y Sudam\u00e9rica<\/b> que han sido detenidos y muchos m\u00e1s de otros estados de la rep\u00fablica mexicana.<\/p>\n<p>Explic\u00f3 que ante la detenci\u00f3n y debilitamiento de los <b>delincuentes locales,<\/b> han tenido que recurrir en apoyo de personas extranjeras, reconoci\u00f3 que muchos de ellos cuentan con capacitaci\u00f3n, como el caso de los colombianos que eran ex militares y un caso m\u00e1s de un <b>kaibil de Guatemala,<\/b> pero tambi\u00e9n hay muchas personas reclutadas que carecen de alg\u00fan tipo de instrucci\u00f3n, <b>\u201cla mayor\u00eda de los detenidos ya no son de Guanajuato y todos ellos pertenecen a un grupo criminal\u201d,<\/b> finaliz\u00f3.<\/p>\n<\/div>\n<p><script>(function(d, s, id) {\nvar js, fjs = d.getElementsByTagName(s)[0];\nif (d.getElementById(id)) return;\njs = d.createElement(s); js.id = id;\njs.src = 'https:\/\/connect.facebook.net\/es_LA\/sdk.js#xfbml=1&version=v3.2&appId=899106460676237&autoLogAppEvents=1';\nfjs.parentNode.insertBefore(js, fjs);\n}(document, 'script', 'facebook-jssdk'));\n<\/script><\/p>\n","protected":false},"excerpt":{"rendered":"<p>CELAYA, Gto. (OEM-Informex).- Tras los \u00faltimos ataques a la Polic\u00eda Municipal, el presidente Javier Mendoza M\u00e1rquez, reconoci\u00f3 que hay temor en la corporaci\u00f3n, adem\u00e1s de que ya se analiza retirar las casetas m\u00f3viles de la Secretar\u00eda de Seguridad de manera definitiva, ya que son blanco de la delincuencia. \u27a1\ufe0fSuscr\u00edbete a nuestra edici\u00f3n digital Mientras que [&hellip;]<\/p>\n","protected":false},"author":2,"featured_media":11052,"comment_status":"","ping_status":"","sticky":false,"template":"","format":"standard","meta":{"_monsterinsights_skip_tracking":false,"_monsterinsights_sitenote_active":false,"_monsterinsights_sitenote_note":"","_monsterinsights_sitenote_category":0,"footnotes":""},"categories":[8],"tags":[],"class_list":["post-11051","post","type-post","status-publish","format-standard","has-post-thumbnail","hentry","category-guanajuato"],"_links":{"self":[{"href":"https:\/\/informebajio.com.mx\/index.php?rest_route=\/wp\/v2\/posts\/11051","targetHints":{"allow":["GET"]}}],"collection":[{"href":"https:\/\/informebajio.com.mx\/index.php?rest_route=\/wp\/v2\/posts"}],"about":[{"href":"https:\/\/informebajio.com.mx\/index.php?rest_route=\/wp\/v2\/types\/post"}],"author":[{"embeddable":true,"href":"https:\/\/informebajio.com.mx\/index.php?rest_route=\/wp\/v2\/users\/2"}],"replies":[{"embeddable":true,"href":"https:\/\/informebajio.com.mx\/index.php?rest_route=%2Fwp%2Fv2%2Fcomments&post=11051"}],"version-history":[{"count":0,"href":"https:\/\/informebajio.com.mx\/index.php?rest_route=\/wp\/v2\/posts\/11051\/revisions"}],"wp:featuredmedia":[{"embeddable":true,"href":"https:\/\/informebajio.com.mx\/index.php?rest_route=\/wp\/v2\/media\/11052"}],"wp:attachment":[{"href":"https:\/\/informebajio.com.mx\/index.php?rest_route=%2Fwp%2Fv2%2Fmedia&parent=11051"}],"wp:term":[{"taxonomy":"category","embeddable":true,"href":"https:\/\/informebajio.com.mx\/index.php?rest_route=%2Fwp%2Fv2%2Fcategories&post=11051"},{"taxonomy":"post_tag","embeddable":true,"href":"https:\/\/informebajio.com.mx\/index.php?rest_route=%2Fwp%2Fv2%2Ftags&post=11051"}],"curies":[{"name":"wp","href":"https:\/\/api.w.org\/{rel}","templated":true}]}}