{"id":11067,"date":"2023-05-31T05:56:16","date_gmt":"2023-05-31T10:56:16","guid":{"rendered":"https:\/\/informebajio.com.mx\/?p=11067"},"modified":"2023-05-31T05:56:16","modified_gmt":"2023-05-31T10:56:16","slug":"grupismo-panista-entrego-baja-california-al-obradorismo-gustavo-de-hoyos","status":"publish","type":"post","link":"https:\/\/informebajio.com.mx\/?p=11067","title":{"rendered":"Grupismo panista entreg\u00f3 Baja California al obradorismo: Gustavo de Hoyos"},"content":{"rendered":"<div id=\"content-body-5851641-10142076\">\n<p>Le\u00f3n, Gto. (OEM-Informex). <b><u><a rel=\"Follow noopener\" target=\"_blank\" href=\"https:\/\/www.elsoldeleon.com.mx\/tags\/temas\/Gustavo_de_Hoyos\">Gustavo de Hoyos<\/a><\/u>,<\/b> expresidente de la<u><b><a href=\"https:\/\/www.elsoldeleon.com.mx\/tags\/temas\/coparmex\" target=\"_blank\" rel=\"Follow noopener\"> Confederaci\u00f3n Patronal de la Rep\u00fablica Mexicana (COPARMEX)<\/a><\/b><\/u>,<b> visit\u00f3 El Sol de Le\u00f3n<\/b> y dej\u00f3 un claro mensaje para el panismo guanajuatense, que privilegie estar cerca de la gente y la ciudadan\u00eda y que deje de lado el \u201cgrupismo\u201d para poner por delante el inter\u00e9s superior del estado; advirti\u00f3 que en Baja California, en donde el panismo tuvo dominancia por cerca de 30 a\u00f1os, <i><b>\u201cese grupismo termin\u00f3 por degradar a un movimiento que comenz\u00f3 siendo leg\u00edtimo y que termin\u00f3 entregado el estado al obradorismo. Y sentenci\u00f3: As\u00ed, \u201ccuando veas las barbas de tu vecino cortar, pon las tuyas a remojar.\u201d <\/b><\/i><\/p>\n<p>\u27a1 <u><a href=\"https:\/\/oem.pressreader.com\/el-sol-de-leon\" target=\"_blank\" rel=\"Follow noopener\"><b>Suscr\u00edbete a nuestra edici\u00f3n digital<\/b><\/a><\/u><\/p>\n<p><b>Acaba de tomar posesi\u00f3n como presidente de M\u00e9xico, \u00bfqu\u00e9 va a hacer los primeros 100 d\u00edas de su mandato, cu\u00e1les son las urgencias que tiene este pa\u00eds?<\/b><\/p>\n<p><b><br \/><\/b><\/p>\n<p>La primera de todos <b>convocar a la unidad nacional<\/b>, el principal da\u00f1o que el actual gobierno le est\u00e1 heredando al pa\u00eds es un ambiente de polarizaci\u00f3n y de odio entre los mexicanos. Sin lugar a dudas dedicar\u00e9 una parte sustancial de esos primeros d\u00edas a reconstruir el tejido social. <b>Hay que celebrar la diversidad<\/b>, fomentar la pluralidad y abonarle a la tolerancia.<\/p>\n<p>En segundo lugar,<b> reestructurar a fondo el sistema de seguridad p\u00fablica del pa\u00eds<\/b>. Hay que mejorar la seguridad cotidiana, la seguridad de las mujeres, muy especialmente, y tambi\u00e9n la seguridad nacional, en esas tres dimensiones. Tercero, hacer una revoluci\u00f3n para mejorar la calidad de los servicios p\u00fablicos b\u00e1sicos especialmente salud y educaci\u00f3n. Cuarto, iniciar las negociaciones para el nuevo gran acuerdo con Norteam\u00e9rica.<b> El TLC nos ha dado mucho el T-MEC en el cual me toc\u00f3 ser negociador<\/b>, nos ha mantenido las ventajas por un rato m\u00e1s, pero tenemos que celebrar el gran nuevo acuerdo en materia de inversi\u00f3n, en materia comercial, en materia de seguridad y en materia migratoria. Debemos ser el motor de una <b>Norteam\u00e9rica <\/b>que se parezca a la Uni\u00f3n Europa, con una moneda com\u00fan,<b> libre tr\u00e1nsito de personas y bienes<\/b>; el desarrollo del pa\u00eds m\u00e1s all\u00e1 de lo inercial que no es poca cosa ya merece un salto exponencial para generar bienestar.<\/p>\n<p><b>Los hechos de la elecci\u00f3n de 2018<\/b> se\u00f1alaron que el modelo econ\u00f3mico que sigui\u00f3 el gobierno federal durante 30 a\u00f1os provoc\u00f3 crecimiento econ\u00f3mico, pero tambi\u00e9n desigualdades.<b> \u00bfQu\u00e9 opina de esta era que est\u00e1 cambiando de este modelo econ\u00f3mico que dej\u00f3 saldos?<\/b><\/p>\n<p>Sin duda le volver\u00eda apostar a<b> la integraci\u00f3n de Norteam\u00e9rica ha sido la m\u00e1s importante pol\u00edtica p\u00fablica<\/b> de este pa\u00eds en las \u00faltimas tres d\u00e9cadas y no podemos entender el <b>Baj\u00edo<\/b> de hoy, por ejemplo, sin esta visi\u00f3n que se tuvo por el sector privado y por los <b>gobernantes <\/b>de entonces para dar el paso y atreverse abrirnos. [No obstante], cambiar\u00eda que no tuvimos la atenci\u00f3n suficiente en lo social. Pensamos que el desarrollo por si solo, el <b>crecimiento econ\u00f3mico<\/b>, iba a traer aparejado, m\u00e1gicamente, el <b>incremento de bienestar ah\u00ed hubo pecado de omisi\u00f3n por los gobiernos y el sector privado tambi\u00e9n.<\/b><\/p>\n<p><b><br \/><\/b><\/p>\n<p>El gran desaf\u00edo hacia delante es c\u00f3mo dar el siguiente paso en la integraci\u00f3n de Norteam\u00e9rica pero balanceado con <b>pol\u00edticas p\u00fablicas <\/b>que den satisfactores b\u00e1sicos a la poblaci\u00f3n, que el m\u00e1s <i>fregado, <\/i>el menos trabajador,<b> el menos preparado el menos favorecido no le falte lo esencial.<\/b><\/p>\n<p><b>El presidente <u><a rel=\"Follow noopener\" target=\"_blank\" href=\"https:\/\/www.elsoldeleon.com.mx\/tags\/temas\/andres-manuel-lopez-obrador\">L\u00f3pez Obrador<\/a><\/u> tambi\u00e9n opina que los menos favorecidos merecen atenci\u00f3n y por ello les otorga dinero; para que tengan lo m\u00ednimo para sobrevivir \u00bfqu\u00e9 opina?<\/b><\/p>\n<p>El presidente<b> L\u00f3pez Obrador <\/b>instrument\u00f3 la pol\u00edtica que yo le plantee desde la <b>Coparmex<\/b>, y est\u00e1 documentado, hace unos d\u00edas publique incluso un video en el cual \u00e9l dice: \u201creconozco a la <b>Coparmex<\/b> por la pol\u00edtica en materia salarial y la voy hacer m\u00eda\u201d, es decir, la pol\u00edtica del incremento al salario m\u00ednimo la desarrollamos en la Coparmex la presentamos al Candidato <b>L\u00f3pez Obrador<\/b> y los otros candidatos. <b>El gan\u00f3 la elecci\u00f3n y debo de reconocerle que los incrementos han sido consistentes con la ruta que planteamos,<\/b> literalmente con la propuesta tal y como se present\u00f3. Ah\u00ed hay un acierto en su gobierno, Tambi\u00e9n tom\u00f3 la propuesta que venimos trabajando con algunos ajustes en<b> materia pensionaria <\/b>y es el incremento que se dio hacia las <b>pensiones<\/b> y tercero, han sido un acierto los programas sociales.<\/p>\n<p><b>Te puede interesar: <\/b><a href=\"https:\/\/www.elsoldeleon.com.mx\/mexico\/politica\/un-ciudadano-debe-tomar-las-riendas-gustavo-de-hoyos-10026640.html\"><u><b>Un ciudadano debe tomar las riendas: Gustavo de Hoyos<\/b><\/u><\/a><\/p>\n<p>El desaf\u00edo es c\u00f3mo el siguiente gobierno que <b>yo pretendo encabezar<\/b> logre aumentar los recursos a los programas , pero establecerlos y organizarlos de una mejor manera, es decir, se puede hacer m\u00e1s y con el mismo dinero finalmente los tenemos que blindar para que no sean instrumento de control pol\u00edtico electoral. <b> No se trata de que no haya apoyo adultos mayores<\/b>; se trata de que est\u00e9n mejor distribuidos porque hoy d\u00eda a una se\u00f1ora de una condici\u00f3n desfavorable en educaci\u00f3n de marginalidad en la sierra de Guerrero le dan exactamente la misma ayuda que a mi <b>mam\u00e1,<\/b> que es una se\u00f1ora pensionada con bienes, <b>con trabajo y con ingresos.<\/b><\/p>\n<p><b><br \/><\/b><\/p>\n<p>Se tiene que repensar [los apoyos] para que se den de manera diferenciada en funci\u00f3n de la necesidad, la justicia no es repartir por parejo es la equidad, es darle a cada quien seg\u00fan lo que necesita y, sobre todo, <b>si algo le recrimino a los programas sociales es que se ligan se condicionan a la referencia pol\u00edtico electoral.<\/b><\/p>\n<p>Tenemos que garantizar que los mexicanos y mexicanas<b>, los j\u00f3venes <\/b>que lo reciben, los adultos mayores, los discapacitados sepan que es un apoyo del <b>estado mexicano <\/b>y no una d\u00e1diva de su Presidente en turno. Al final de cuentas, <b>se pagan con los impuestos de todos.<\/b><\/p>\n<h2><b>A Gustavo de Hoyos se le ubica en la ultraderecha \u00bfes as\u00ed?<\/b><\/h2>\n<p><b>No<\/b> y que bueno que me hacen la pregunta para poder aclarar.<b> Yo me defino como un liberal republicano<\/b>. Nada m\u00e1s. Alguien \u201cde derecha\u201d jam\u00e1s estar\u00eda planteando incremento a los salarios, pagos de impuesto justos. No estar\u00eda planteando ideas de inclusi\u00f3n hacia todos los pensamientos. En mi caso, en todos los \u00e1mbitos desde lo econ\u00f3mico hasta los temas axiol\u00f3gicos me describo como un liberal. <b>En mi familia coexisten distintas religiones <\/b>y adem\u00e1s, de una manera muy civilizada.<b> En mi c\u00edrculo m\u00e1s \u00edntimo<\/b> tengo desde personas que profesan la fe cat\u00f3lica de manera muy intensa como parte esencial de su vida, hasta personas que tienen otra religi\u00f3n y convivimos con total pluralidad y <b>mucho amor.<\/b><\/p>\n<p>Y en la <b>parte pol\u00edtica <\/b>mis ideas tienen que ver con la importancia del desarrollo, pero siempre poniendo por delante una econom\u00eda dirigida a las personas, es decir, al final del camino todo ese <b>desarrollo floreciente<\/b>, todos esos parque industriales esos corredores, esa <b>log\u00edstica<\/b>, tiene que traducirse en que un chico que salga de una universidad el d\u00eda que egresa y<b> tenga 3 o 5 oportunidades<\/b>, que pueda elegir la que m\u00e1s se acerque a sus expectativas, tenga una remuneraci\u00f3n y le d\u00e9 la estabilidad suficiente para proveerse su bienestar, incluidos sus gustos. Yo no estoy de acuerdo con esta visi\u00f3n del oficialismo de <i>pobreza franciscana. <\/i><b>Yo creo que en M\u00e9xico<\/b>, sobre todo la nueva generaci\u00f3n, requiere que le vaya muy bien, lo cual <b>no est\u00e1 peleado con la generosidad social.<\/b><\/p>\n<section>\n<article class=\"local&#10;media \">\n<div class=\"teaser \">\n<p>\n<iframe src=\"https:\/\/www.youtube.com\/embed\/-aMyRSPODko\" frameborder=\"0\" width=\"100%\" allowfullscreen=\"\"><\/iframe>\n<\/p>\n<\/div>\n<\/article>\n<\/section>\n<p><b>Hay ejemplos que tenemos en los que vemos que ser candidato independiente, no funcion\u00f3 porqu\u00e9 a la hora que gobierna no tienen los apoyos de los partidos pol\u00edticos.<\/b><i> \u00bf<b>Gustavo de Hoyos <\/b>puede conciliar los intereses de toda la oposici\u00f3n para enfrentar al Candidato de Morena en 2024 o es un esfuerzo quijotesco?<\/i><\/p>\n<p><b>Yo no estoy construyendo una candidatura independiente<\/b>, lo digo categ\u00f3ricamente. <b>Hoy es tiempo de unidad<\/b>. M\u00e1s all\u00e1 de cualquier aspiraci\u00f3n personal, se trata de lograr la unidad de la oposici\u00f3n para que sea competitiva. Hay que reconocer que los partidos pol\u00edticos, incluidos los de oposici\u00f3n,<b> est\u00e1n sumidos en un gran desgaste<\/b>, en un descr\u00e9dito ante amplios grupos de la poblaci\u00f3n y por eso yo cuando anunci\u00e9 mi aspiraci\u00f3n dije que<b> estamos <i>hasta la madre <\/i>de los pol\u00edticos<\/b>, sobre todo de que<b> no hay espacios para los ciudadanos.<\/b><\/p>\n<p>Estoy planteando yo una candidatura que venga de la sociedad civil, de una trayectoria de vida de haber trabajado por el bien com\u00fan y que logre aglutinar al <b>PAN,<\/b> PRI del <b>PRD<\/b> y <b>Movimiento Ciudadano. <\/b>Es una condici\u00f3n de \u00e9xito conciliar los cuatro.<\/p>\n<p><b>Yo fui un constructor de la coalici\u00f3n <i>Va por M\u00e9xico <\/i>desde el d\u00eda cero,<\/b> desde la idea embrionaria, desde el d\u00eda que era solamente una quimera hasta que se concret\u00f3 con la firma del convenio y sostengo que para conformar un gobierno de coalici\u00f3n la mejor f\u00f3rmula es alguien que venga de fuera de los partidos. <b>Estoy tratando de convencer a las dirigencias partidarias <\/b>y que entiendan que en este momento es lo que m\u00e1s les conviene a ellos y es lo que conviene tambi\u00e9n a los ciudadanos.<\/p>\n<h2><b>Seguridad cotidiana, nacional y de mujeres<\/b><\/h2>\n<p><b>\u00bfCu\u00e1l es el planteamiento en seguridad, para combatir un problema que ha rebasado al Estado en diversas regiones?<\/b><\/p>\n<p>Yo veo la seguridad en tres dimensiones, <b>primero la seguridad cotidiana<\/b>, que tiene que ver con polic\u00edas civiles, eficaces, suficientes para evitar que en las colonias se roben los cilindros de gas todos los d\u00edas cuando la gente sale a trabajar; que a los chavos les roben el celular en el<b> transporte p\u00fablico<\/b> y que a un trabajador o trabajadora de una empresa, de estas que hay muchas en<b> Guanajuato<\/b>, cuando salga a tomar el cami\u00f3n le roben la n\u00f3mina que acaba de sacar del cajero despu\u00e9s de una semana de <i>fregarse<\/i>. Lo b\u00e1sico, la seguridad cotidiana, la tenemos que recuperar porque no es posible que nos siga trastocando y aunque no est\u00e1 en los peri\u00f3dicos, son tragedias familiares de todos los d\u00edas. <b>A una familia que le roben su cilindro es fastidiarle un mes y no es poca cosa que le roben el celular a un chavo que se endeud\u00f3 en la tienda a cr\u00e9dito para comprarlo.<\/b><\/p>\n<p>En cuanto a <b>los empresarios<\/b>, a veces se habla de ellos y se imagina uno al se\u00f1or <b>Slim,<\/b> contratando seguridad entrenada de Israel para custodiar los Iphone que van del aeropuerto al <b>centro Telcel.<\/b> Esa es una cara de esa tragedia, pero yo te puedo decir que mis cu\u00f1ados que tienen un peque\u00f1o rancho en<b> Durango<\/b> hoy no pueden vender una cabeza de ganado si no pagan <i>derecho de piso <\/i>al crimen organizado. Son productores que<b> cr\u00edan su ganado <\/b>y que no lo est\u00e1n pudiendo comercializar porque el narco de la zona <b>tiene prohibido<\/b> que los compradores le adquieran si no llevan un papel que diga \u2018que ya pagaron el <b>derecho de piso\u2019<\/b>.<\/p>\n<p><b>Esa es la realidad de la inseguridad de nuestro pa\u00eds<\/b>, entonces cuando pensemos en los empresarios no pensemos s\u00f3lo en la protecci\u00f3n a los del nivel de CARSO, que tambi\u00e9n hay que cuidarlos, pensemos tambi\u00e9n en el peque\u00f1o productor agr\u00edcola, ganadero o tendero al que tambi\u00e9n le cobran derecho de piso; pensemos en la <b>Central de Abastos<\/b>, lo que no podemos permitir es que se niegue esta realidad y, segundo, normalizar que exista.<b> No podemos permitir que al rato todo mundo tengamos que estar pagando derecho de piso<\/b> y con el riesgo de perder la vida y con el riesgo incluso de que nos quemen el negocio.<\/p>\n<p>Por eso hablo de soluciones radicales, con fuerza porque hoy <b>hemos perdido la capacidad de asombro <\/b>y lo que creo es que este pa\u00eds ya merece a alguien que de soluciones a fondo. Dentro de la ley, claro que s\u00ed, no por impulso, no por ocurrencias, buscando las mejores<b> pr\u00e1cticas internacionales<\/b>, pero no con cobard\u00eda.<\/p>\n<p>La segunda dimensi\u00f3n es la seguridad nacional. <b>A m\u00ed s\u00ed me preocupa que el gobierno federal haya abdicado a esa responsabilidad fundamental de ejercer el monopolio de la fuerza p\u00fablica en al pa\u00eds y el control del territorio.<\/b><\/p>\n<p>Ando por todo el <b>pa\u00eds<\/b> y cada vez m\u00e1s me dicen \u201cpor aqu\u00ed no podemos pasar, hay que pasar de d\u00eda para llegar del punto A al punto B, hay que dar vuelta por ac\u00e1 aunque sea el triple de tiempo porque no podemos garantizar<b> la seguridad.<\/b>\u201d Eso que estoy viviendo en mis recorridos por el pa\u00eds, es lo que est\u00e1 viviendo la gente todos los d\u00edas, algunos pagando su <i>derecho de piso <\/i>para vender su ganado, para sacar su cosecha.<b> Es una gran tragedia<\/b> que tiene que ver si con el narcotr\u00e1fico pero tambi\u00e9n tiene que ver con c\u00f3mo el gobierno a cedido el control del territorio, de las carreteras y de los pueblos y esto infortunadamente <b>va creciendo en todo el pa\u00eds.<\/b><\/p>\n<p>Tercero, <b>la seguridad de las mujeres. <\/b> A m\u00ed me indigna que hoy <b>M\u00e9xico<\/b> sea el para\u00edso de los <b>feminicidas,<\/b> de los violadores y de las parejas violentas. Lo digo en primera persona porque a mi mujer la levantaron, la secuestraron, la golpearon y se tuvo que escapar. Yo s\u00e9 lo que significa la rabia de un <b>crimen<\/b> que se comente en contra de una mujer. Cuando anunci\u00e9 mi aspiraci\u00f3n, us\u00e9 una expresi\u00f3n que a algunos les escandaliz\u00f3 les dije que <b>ten\u00edamos que tratar a quienes atentan contra las mujeres con la misma dureza en El Salvador se est\u00e1 tratando a los <i>Maras<\/i><\/b>. No podemos mantenernos m\u00e1s tiempo en un pa\u00eds que solamente se acuerde de las tragedias de la mujer el d\u00eda 8 de marzo. Eso tiene que cambiar y el compromiso que he hecho es que, si soy Presidente, voy a poner en la m\u00e1s alta prioridad la seguridad en todos los \u00e1mbitos, pero especialmente el de las mujeres; porque <b>tengo hijas tengo una esposa que fue secuestrada<\/b> y me niego a pensar que todos los d\u00edas tenga que estar temblando de miedo si algo les va a ocurrir.<\/p>\n<p><b>Hoy los \u00edndices de violencia contra las mujeres en M\u00e9xico son mayores que en muchos pa\u00edses isl\u00e1micos<\/b>, de los que hace unos a\u00f1os nos asust\u00e1bamos de leer las cr\u00f3nicas period\u00edsticas de lo que pasaba. Hoy <b>M\u00e9xico<\/b> es mucho m\u00e1s riesgoso para una mujer, sin estigmatizar pa\u00edses como<b> Ir\u00e1n<\/b>, por ejemplo.<\/p>\n<p>Cuando el <b>Presidente <\/b>estigmatiza a una comunicadora, a una periodista porque se manifiesta, porque denuncia que no hay una pol\u00edtica adecuada para la protecci\u00f3n de las mujeres o se dice en la ret\u00f3rica oficial \u2018o se cuidan las mujeres o se mantiene el <b>Palacio Nacional\u2019.<\/b><\/p>\n<p>Tenemos que visibilizar el problema, porque si no est\u00e1 visible puede quedar oculto en cualquier <b>escritorio burocr\u00e1tico.<\/b> Segundo, tiene que haber una pol\u00edtica de Estado que ponga esto en la m\u00e1s alta prioridad. S\u00ed se puede hacer, pero se requiere decisi\u00f3n, recursos y se requiere empat\u00eda, tambi\u00e9n para entender. <b>No me gusta decirlo,<\/b> pero a veces pienso \u2018se nota que el Presidente <b>L\u00f3pez Obrador<\/b>, no tiene mujeres hijas\u2019, porque si tuviera, entender\u00eda lo que significa para un padre el riesgo de tener una hija.<\/p>\n<h2><b>\u00bfGustavo de Hoyos ser\u00e1 un Presidente con parientes \u2018inc\u00f3modos\u2019?<\/b><\/h2>\n<p><b>No soy un empresario acaudalado.<\/b> Mi familia es una familia de clase media que paulatinamente fue acumulando una seguridad patrimonial con base en esfuerzo. Yo sigo trabajando. Hoy me levant\u00e9 a las 5 de la ma\u00f1ana, para de 5 a 7 dejar los pendientes de mi <b>oficina <\/b>por correo electr\u00f3nico y a las 10 de la noche que regrese a mi oficina le doy un empujoncito a mis cosas. Como se pueden dar ustedes cuenta, recorro el pa\u00eds solo. <b>Me subo al avi\u00f3n solo<\/b>, llego solo y en cada lugar s\u00ed tengo grandes amigos que me mueven en sus carros, me prestan a alguien de su empresa para que me lleve y me traiga, as\u00ed estoy recorriendo el pa\u00eds. Literalmente,<b> no me acompa\u00f1a absolutamente nadie<\/b>. No llevo escolta. Es el estilo de cada quien. Yo soy un ciudadano de a pie, lo digo sin tanto rollo, una persona trabajadora, que tengo una cierta seguridad patrimonial que me permite dedicarle una parte de mi tiempo a esto.<b> Tengo buenos socios comprometidos con esta causa, pero bajo ninguna circunstancia me considero \u201cel candidato de la oligarqu\u00eda<\/b>\u201d, de los ricos del pa\u00eds. S\u00ed me considero que puedo ser el Presidente que puede inspirar a los mexicanos con base en el trabajo.<\/p>\n<p><b>Mi historia de vida habla de una complementariedad<\/b>, yo desde muy chavo le he dedicado 50% al activismo c\u00edvico-ciudadano y \u00faltimamente, empresarial, que en los \u00faltimos a\u00f1os me hizo figura p\u00fablica.<b> Tengo 30 a\u00f1os trabajando en causas de la sociedad civil <\/b>y por eso cuando levant\u00e9 la mano dije: \u2018ya es tiempo de alguien que no venga de la burocracia partidaria, lo digo muy respetuoso de las personas que se han forjado en ese \u00e1mbito, pueda tomar las riendas del pa\u00eds\u2019.<\/p>\n<h2><b>\u00bfEst\u00e1 logrando aglutinar a los partidos de oposici\u00f3n? <\/b><\/h2>\n<p>Estoy muy contento porque tengo pr\u00e1cticamente dos meses que empec\u00e9 con esta iniciativa y ha sido bien acogida, con algunos escepticismos claro. Porque se espera que las personas vengan de la<b> vida partidaria,<\/b> puedo decir que, en temas de reconocimiento de nombre, ya le ando pisando los talones a quienes ya tienen mucho tiempo en la oposici\u00f3n buscando la candidatura. <b>Ya cerca niveles cercanos al 50%.<\/b><\/p>\n<p>Algo que me enorgullece mucho, es que hubo un estudio reciente que habla de la positividad, una cosa es ser conocido y otra tener una opini\u00f3n p\u00fablica positiva. Y en el caso de la oposici\u00f3n <b>solo habemos dos personas que la tenemos por arriba del 75%<\/b>, uno es el gobernador de <b>Nuevo Le\u00f3n (Samuel Garc\u00eda) <\/b>y el otro soy yo. De los que me conocen es altamente positiva, \u00bfcu\u00e1l es el reto?, <b>recorrer el pa\u00eds para que m\u00e1s gente me pueda conocer<\/b>, pueda conocer mi propuesta.<\/p>\n<p>Y <b>estoy optimista<\/b> porque, aunque los partidos son huesos dif\u00edciles de roer creo que en esas circunstancias se est\u00e1n dando cuenta que solitos no les va alcanzar, para decirlo con todas sus letras. Se requiere una coalici\u00f3n de cuatro, yo estoy trabajando por ella, pero <b>se requiere la otra coalici\u00f3n que es el otro 50% de la ecuaci\u00f3n que es, la coalici\u00f3n con la sociedad civil y es de donde yo vengo.<\/b><\/p>\n<p>Perd\u00f3n que me eche un cebollazo yo mismo, pero cuando <b>hicimos en febrero la movilizaci\u00f3n en contra del Plan \u201cb\u201d<\/b> fue en el z\u00f3calo de la <b>CDMX<\/b> y otras 60 ciudades simult\u00e1neamente, platicaba yo con mi agenta partidario y le dec\u00eda: \u2018ustedes cuatro juntos, \u00bfpueden hacer esto, sin recursos?\u2019 y dijo \u2018no podemos\u2019.<\/p>\n<p><b>Lo que quiere la sociedad civil es un llamado legitimado, honesto, que sea horizontal y bueno es el ahora de la ciudadan\u00eda.<\/b> Los pa\u00edses tienen ciclos, yo fui testigo c\u00f3mo hace 30 a\u00f1os algunos liderazgos de la sociedad civil brincaron a la pol\u00edtica, as\u00ed como llegaron los <b>Medina Plascencia<\/b>, otros y otros, el propio <b>Vicente Fox<\/b> que lleg\u00f3 a la Presidencia de la Rep\u00fablica, vino un proceso de agotamiento, hubieron muchos errores de la clase pol\u00edtica, el caso de <b>Guanajuato no se escapa de esa realidad.<\/b><\/p>\n<p>Yo creo que es el momento de regresar a ese ciclo donde un grupo nutrido de ciudadanas y ciudadanos pueda tocar las puertas, si es necesario, de los partidos pol\u00edticos para que se abran en serio.<b> Mi propuesta es que, en el gobierno de coalici\u00f3n, el gabinete legal y ampliado provenga<\/b>, el 50 %, de personas experimentadas sin militancia partidaria. Es decir que la mitad venga de personas altamente calificadas, probadas, y que no vengan de estructuras partidarias. Ha habido gente en este pa\u00eds, que vienen fuera de estructuras partidarias que le han dado grandes resultados al pa\u00eds. Ah\u00ed tienes la <b>Secretar\u00eda de Educaci\u00f3n<\/b> del doctor Kumate, el doctor De la Fuente.<b> Hubo grandes personalidades que no estuvieron en la vida partidaria y que hicieron grandes cosas por el pa\u00eds.<\/b><\/p>\n<h2><b>\u00bfCu\u00e1l es su mensaje para la gente que simpatiza con Morena?<\/b><\/h2>\n<p>Todas y todos somos mexicanos. <b>Tenemos que dejar atr\u00e1s las camisetas partidarias<\/b> o quienes no tienen ninguna como camiseta, como es mi caso, y para decirlo en t\u00e9rminos futbol\u00edsticos ahora que acaba de ser la final, ponernos la camiseta <i>del TRI.<\/i><\/p>\n<p>Es decir, esto que hablo yo de la reconciliaci\u00f3n tiene que ver con eso que es para los mexicanos el deporte es muy muy normal, unos le van al Le\u00f3n, otros al<b> Am\u00e9rica <\/b>o a las Chivas, a los Tigres, se valen tener en la \u00e9poca en la competencia diferentes camisetas, pero tenemos que tener siempre<b> la camiseta del TRI.<\/b><\/p>\n<p>As\u00ed como le echamos porras a un delantero del equipo adversario cuando va a jugar un campeonato mundial, tenemos que aprender las y los mexicanos, especialmente el presidente, que cuando ya juega con camiseta del TRI hay que trabajar para todos. Yo creo que quienes han venido apoyando a <b>Morena,<\/b> tuvieron razones entendibles para apoyar la propuesta que parec\u00eda genuina del presidente <b>L\u00f3pez Obrador,<\/b> hoy creo que tienen razones para darse cuenta que esas promesas no fueron satisfechas y que al final de cuentas lo que construye un pa\u00eds es la posibilidad de alternancia. Y creo que el 2024, recuperando lo mejor que se haya hecho estos a\u00f1os: <b>la austeridad del presidente y todas las cosas que se puedan rescatar, as\u00ed como recuperar lo mejor del pasado y hacer una s\u00edntesis, para una visi\u00f3n de futuro.<\/b><\/p>\n<p><b>El presidente Andr\u00e9s Manuel L\u00f3pez Obrador termin\u00f3 un ciclo y una funci\u00f3n hist\u00f3rica y \u00bfahora es momento de pasar a un nuevo escenario?<\/b><\/p>\n<p>Afortunadamente tenemos una democracia que hoy por hoy no permite la reelecci\u00f3n del Presidente, tenemos una democracia que es republicana, que implica divisi\u00f3n de poderes. No es la primera vez que parece que tenemos un presidente muy fuerte y que se va a perpetrar, todos los presidentes que han tenido la tentaci\u00f3n de hacer un Maximato o algo parecido han fracasado. Lo que yo le digo a quien escuche o nos lee, que acordemos un poquito la historia, seguramente una vez que el Presidente destape su \u201ccorcholata\u201d (candidato) empezar\u00e1 un ciclo, como pasaba con el viejo r\u00e9gimen de los presidentes del PRI, descendente, surgir\u00e1 un liderazgo de quien \u00e9l determine y habr\u00e1 un liderazgo de la oposici\u00f3n. No pensemos que hay mal que dure 100 a\u00f1os ni pueblo que lo soporte. Estoy convencido que viene la hora de la alternancia.<\/p>\n<p><b>\u00bfC\u00f3mo impulsar\u00eda lo que sea para que los jueces y todo lo que padecemos los mexicanos en alg\u00fan momento el Poder Judicial, de que son procesos eternos \u00bfc\u00f3mo resolver ese problema?<\/b><\/p>\n<p>Conozco muy bien el sistema del <b>Poder de Justicia, <\/b>vivo de mi trabajo como litigante, soy abogado, as\u00ed que he padecido la corrupci\u00f3n de jueces y magistrados, he padecido que los plazos legales no se cumplan, he visto sentencias a modo, las he combatido, pero a\u00fan con esas deficiencias que est\u00e1n ah\u00ed soy un convencido de la importancia de la divisi\u00f3n de poderes. Del sistema de pesos y contrapesos y aunque hay problemas humanos muy graves, creo que hay que reconocer,<b> nadie lo niega y yo vivo cotidianamente en ese desaf\u00edo,<\/b> defiendo los intereses de mis clientes cuando veo una injusticia al frente.<\/p>\n<p>Me parece que es un valor primordial de nuestra naci\u00f3n mantener este <b>r\u00e9gimen republicano.<\/b> Y por eso celebro que el pasado domingo, en varios lugares del pa\u00eds de manera tan espont\u00e1nea, muchos ciudadanos y ciudadanas como fue el caso del <b>Baj\u00edo <\/b>y de la <b>CDMX <\/b>y en muchos lugares, nunca he visto yo una manifestaci\u00f3n en favor del Poder Judicial y que bueno porque me parece que eso es esperanzador y adem\u00e1s, en hora buena que sea una<b> Ministra Presidenta de la Corte,<\/b> mujer. \u00a1Qu\u00e9 gran legado en la historia mexicana, que cuando lleg\u00f3 una mujer a la<b> Suprema Corte<\/b> por primera vez, la gente salga de apoyo a la Corte y su presidenta! Creo que estamos viviendo momentos hist\u00f3ricos del pa\u00eds, pero m\u00e1s all\u00e1 de la Corte y de Norma Pi\u00f1a, que nos va a dejar esto, el pa\u00eds lo va a resistir, poder blindar para siempre el r\u00e9gimen republicano. Es decir que el <b>Poder Ejecutivo<\/b> tenga su lugar, que el <b>Poder Legislativo<\/b> discuta, proponga, haya minor\u00edas o mayor\u00edas que se respeten y que haya un Poder Judicial que sea garante de la vigencia de la constituci\u00f3n. Dicen que es tan importante el Poder Judicial, que su funci\u00f3n fundamental es defender, incluso, la ley y los derechos de las personas.<\/p>\n<p><b>Si eligiera una frase, con la que quisiera que se quedaran los lectores de los Soles y Noticias Vespertinas, de esta charla \u00bfcon qu\u00e9 idea quisiera que se quedaran de este precandidato a la Presidencia?<\/b><\/p>\n<p>Es tiempo de uno de nosotros, vamos juntos a la construcci\u00f3n de un M\u00e9xico ganador para todas y todos, no tengan duda, \u00a1ya nos toca!<\/p>\n<p><b>Con informaci\u00f3n de Efr\u00e9n Garc\u00eda Garc\u00eda.<\/b><\/p>\n<\/div>\n<p><script>(function(d, s, id) {\nvar js, fjs = d.getElementsByTagName(s)[0];\nif (d.getElementById(id)) return;\njs = d.createElement(s); js.id = id;\njs.src = 'https:\/\/connect.facebook.net\/es_LA\/sdk.js#xfbml=1&version=v3.2&appId=899106460676237&autoLogAppEvents=1';\nfjs.parentNode.insertBefore(js, fjs);\n}(document, 'script', 'facebook-jssdk'));\n<\/script><\/p>\n","protected":false},"excerpt":{"rendered":"<p>Le\u00f3n, Gto. (OEM-Informex). Gustavo de Hoyos, expresidente de la Confederaci\u00f3n Patronal de la Rep\u00fablica Mexicana (COPARMEX), visit\u00f3 El Sol de Le\u00f3n y dej\u00f3 un claro mensaje para el panismo guanajuatense, que privilegie estar cerca de la gente y la ciudadan\u00eda y que deje de lado el \u201cgrupismo\u201d para poner por delante el inter\u00e9s superior del [&hellip;]<\/p>\n","protected":false},"author":2,"featured_media":11068,"comment_status":"","ping_status":"","sticky":false,"template":"","format":"standard","meta":{"_monsterinsights_skip_tracking":false,"_monsterinsights_sitenote_active":false,"_monsterinsights_sitenote_note":"","_monsterinsights_sitenote_category":0,"footnotes":""},"categories":[8],"tags":[],"class_list":["post-11067","post","type-post","status-publish","format-standard","has-post-thumbnail","hentry","category-guanajuato"],"_links":{"self":[{"href":"https:\/\/informebajio.com.mx\/index.php?rest_route=\/wp\/v2\/posts\/11067","targetHints":{"allow":["GET"]}}],"collection":[{"href":"https:\/\/informebajio.com.mx\/index.php?rest_route=\/wp\/v2\/posts"}],"about":[{"href":"https:\/\/informebajio.com.mx\/index.php?rest_route=\/wp\/v2\/types\/post"}],"author":[{"embeddable":true,"href":"https:\/\/informebajio.com.mx\/index.php?rest_route=\/wp\/v2\/users\/2"}],"replies":[{"embeddable":true,"href":"https:\/\/informebajio.com.mx\/index.php?rest_route=%2Fwp%2Fv2%2Fcomments&post=11067"}],"version-history":[{"count":0,"href":"https:\/\/informebajio.com.mx\/index.php?rest_route=\/wp\/v2\/posts\/11067\/revisions"}],"wp:featuredmedia":[{"embeddable":true,"href":"https:\/\/informebajio.com.mx\/index.php?rest_route=\/wp\/v2\/media\/11068"}],"wp:attachment":[{"href":"https:\/\/informebajio.com.mx\/index.php?rest_route=%2Fwp%2Fv2%2Fmedia&parent=11067"}],"wp:term":[{"taxonomy":"category","embeddable":true,"href":"https:\/\/informebajio.com.mx\/index.php?rest_route=%2Fwp%2Fv2%2Fcategories&post=11067"},{"taxonomy":"post_tag","embeddable":true,"href":"https:\/\/informebajio.com.mx\/index.php?rest_route=%2Fwp%2Fv2%2Ftags&post=11067"}],"curies":[{"name":"wp","href":"https:\/\/api.w.org\/{rel}","templated":true}]}}