{"id":11069,"date":"2023-05-31T06:05:16","date_gmt":"2023-05-31T11:05:16","guid":{"rendered":"https:\/\/informebajio.com.mx\/?p=11069"},"modified":"2023-05-31T06:05:16","modified_gmt":"2023-05-31T11:05:16","slug":"golpe-de-estado-tecnico-del-poder-judicial-amlo","status":"publish","type":"post","link":"https:\/\/informebajio.com.mx\/?p=11069","title":{"rendered":"&quot;Golpe de Estado t\u00e9cnico&quot; del Poder Judicial: AMLO"},"content":{"rendered":"<div id=\"content_nitf\">\n<p><em>Ciudad de M\u00e9xico.<\/em> El Poder Judicial pretende neutralizar al Ejecutivo con fallos como el que frena la tala y desmonte para construir el Tren Maya, indic\u00f3 ayer el presidente Andr\u00e9s Manuel L\u00f3pez Obrador. \u201cEs cancelar un poder, ser\u00eda un golpe de Estado t\u00e9cnico\u201d, se\u00f1al\u00f3. \u201cUna cosa es que violen la Constituci\u00f3n y otra es querer dar un golpe de Estado, que ya no ejecutemos nada\u201d.<\/p>\n<p>En su conferencia matutina, el mandatario sostuvo que la pretensi\u00f3n de detener las obras de su gobierno va a continuar, \u201cpero no van a poder porque, de acuerdo con la Constituci\u00f3n, con las leyes, tenemos el derecho de hacer obras en beneficio del pueblo. No se van a poder cancelar las obras\u201d.<\/p>\n<p>\u2013\u00bfVe ese riesgo con los mandatos judiciales? \u2013se le pregunt\u00f3.<\/p>\n<p>\u2013S\u00ed, un senador del PAN present\u00f3 una iniciativa, luego la retir\u00f3: (Julen) Rementer\u00eda, ese s\u00ed muy cercano al pensamiento fascista. Ese plante\u00f3 eso, que se me destituyera, que la Corte me destituyera y era tan absurdo que tuvo que retirarla, le ech\u00f3 la culpa a sus asesores.<\/p>\n<p>Otra vez cuestion\u00f3 el Presidente el papel del Poder Judicial y critic\u00f3 a quienes participaron el domingo en la marcha de apoyo a la Suprema Corte de Justicia de la Naci\u00f3n (SCJN), que deriv\u00f3 en violencia.<\/p>\n<p>\u201cSe actu\u00f3, de parte de los que marcharon, con prepotencia. Pueden no estar de acuerdo con los que est\u00e1n manifest\u00e1ndose frente a la Corte, pero no debieron ir a provocar y quitarles las mantas. Hay que evitar la confrontaci\u00f3n, la violencia. Cuando se llega a eso es porque no se tiene la raz\u00f3n, el que usa la fuerza es porque no tiene capacidad para convencer\u201d, expuso.<\/p>\n<p>Es necesario saber qui\u00e9nes son los que participaron, sin \u00e1nimo de persecuci\u00f3n ni de represi\u00f3n, a\u00f1adi\u00f3.<\/p>\n<p><iframe style=\"width:100%;height:400px;border:none;\" src=\"https:\/\/videos.jornada.com.mx\/player\/87026408\/condena-amlo-violencia-en-marcha-a-favor-de-scjn\/\" clipboard-write=\"\" encrypted-media=\"\" gyroscope=\"\" picture-in-picture=\"\" allowfullscreen=\"\"><\/iframe><\/p>\n<p><\/p>\n<h2>Ve \u201ctendencia autoritaria\u201d en la oposici\u00f3n<\/h2>\n<p>Afirm\u00f3 que no hab\u00eda polic\u00edas en torno al plant\u00f3n de personas inconformes con el desempe\u00f1o del m\u00e1ximo tribunal.<\/p>\n<p>S\u00f3lo que \u201clos conservadores son muy autoritarios, no dir\u00eda fascistas. Puede haber algunos dirigentes fascistas, pero los opositores a nuestro movimiento son m\u00e1s que nada conservadores, pero tambi\u00e9n con tendencia autoritaria\u201d.<\/p>\n<p>Dijo que entre los participantes en la marcha estaba Jos\u00e9 \u00c1ngel Gurr\u00eda, secretario de Hacienda y canciller en el gobierno de Ernesto Zedillo (1994-2000), cuando se convirtieron las deudas de los bancos y grandes empresarios en deuda p\u00fablica. Tambi\u00e9n cit\u00f3 a Margarita Zavala, \u201cesposa de quien detent\u00f3 la Presidencia, porque \u00e9l no gan\u00f3, Felipe Calder\u00f3n. Es normal que ellos se manifestaron, y son libres\u201d.<\/p>\n<p>L\u00f3pez Obrador estim\u00f3 que debiera ser complicado defender a los ministros de la SCJN, cuando violan la Constituci\u00f3n porque devengan un salario cuatro o cinco veces superior al del Presidente, que oscila entre 140 y 150 mil pesos.<\/p>\n<p>La norma constitucional establece que ning\u00fan funcionario podr\u00e1 ganar m\u00e1s que el Presidente, por lo que, \u201cla verdad, no tienen causa, no tienen bandera, es complicado defender a la Corte, defender a jueces, magistrados y ministros\u201d.<\/p>\n<p>Record\u00f3 resoluciones del Poder Judicial a favor de la esposa del secretario de Seguridad P\u00fablica de Calder\u00f3n, Genaro Garc\u00eda Luna, quien logr\u00f3 el acceso a sus cuentas bancarias gracias a un fallo judicial.<\/p>\n<p>Agreg\u00f3 que una colaboradora de Garc\u00eda Luna se incorpor\u00f3 recientemente al Consejo de la Judicatura Federal, aunque est\u00e1 sometida a un proceso legal por corrupci\u00f3n a su paso por instancias de seguridad. Adelant\u00f3, adem\u00e1s, que autoridades identificaron a otra funcionaria cercana al ex secretario y ahora labora en la Corte.<\/p>\n<\/div>\n<p><script>\n      !function(f,b,e,v,n,t,s)\n      {if(f.fbq)return;n=f.fbq=function(){n.callMethod?\n      n.callMethod.apply(n,arguments):n.queue.push(arguments)};\n      if(!f._fbq)f._fbq=n;n.push=n;n.loaded=!0;n.version='2.0';\n      n.queue=[];t=b.createElement(e);t.async=!0;\n      t.src=v;s=b.getElementsByTagName(e)[0];\n      s.parentNode.insertBefore(t,s)}(window, document,'script',\n      'https:\/\/connect.facebook.net\/en_US\/fbevents.js');\n      fbq('init', '133913093805922');\n      fbq('track', 'PageView');\n      fbq('track', 'Contact');\n      fbq('track', 'Donate');\n      fbq('track', 'FindLocation');\n      fbq('track', 'Lead');\n      fbq('track', 'Search');\n      fbq('track', 'Subscribe', {value: '0.00', currency: 'MXN', predicted_ltv: '0.00'});\n      fbq('track', 'ViewContent');\n    <\/script><script type=\"text\/javascript\">(function(d, s, id) {\n\t  var js, fjs = d.getElementsByTagName(s)[0];\n\t  if (d.getElementById(id)) return;\n\t  js = d.createElement(s); js.id = id;\n\t  js.src = \"\/\/connect.facebook.net\/es_LA\/sdk.js#xfbml=1&amp;version=v3.3&amp;appId=774389309362880\";\n\t  fjs.parentNode.insertBefore(js, fjs);\n\t}(document, 'script', 'facebook-jssdk'));<\/script><\/p>\n","protected":false},"excerpt":{"rendered":"<p>Ciudad de M\u00e9xico. El Poder Judicial pretende neutralizar al Ejecutivo con fallos como el que frena la tala y desmonte para construir el Tren Maya, indic\u00f3 ayer el presidente Andr\u00e9s Manuel L\u00f3pez Obrador. \u201cEs cancelar un poder, ser\u00eda un golpe de Estado t\u00e9cnico\u201d, se\u00f1al\u00f3. \u201cUna cosa es que violen la Constituci\u00f3n y otra es querer [&hellip;]<\/p>\n","protected":false},"author":2,"featured_media":11070,"comment_status":"","ping_status":"","sticky":false,"template":"","format":"standard","meta":{"_monsterinsights_skip_tracking":false,"_monsterinsights_sitenote_active":false,"_monsterinsights_sitenote_note":"","_monsterinsights_sitenote_category":0,"footnotes":""},"categories":[9],"tags":[],"class_list":["post-11069","post","type-post","status-publish","format-standard","has-post-thumbnail","hentry","category-deportes"],"_links":{"self":[{"href":"https:\/\/informebajio.com.mx\/index.php?rest_route=\/wp\/v2\/posts\/11069","targetHints":{"allow":["GET"]}}],"collection":[{"href":"https:\/\/informebajio.com.mx\/index.php?rest_route=\/wp\/v2\/posts"}],"about":[{"href":"https:\/\/informebajio.com.mx\/index.php?rest_route=\/wp\/v2\/types\/post"}],"author":[{"embeddable":true,"href":"https:\/\/informebajio.com.mx\/index.php?rest_route=\/wp\/v2\/users\/2"}],"replies":[{"embeddable":true,"href":"https:\/\/informebajio.com.mx\/index.php?rest_route=%2Fwp%2Fv2%2Fcomments&post=11069"}],"version-history":[{"count":0,"href":"https:\/\/informebajio.com.mx\/index.php?rest_route=\/wp\/v2\/posts\/11069\/revisions"}],"wp:featuredmedia":[{"embeddable":true,"href":"https:\/\/informebajio.com.mx\/index.php?rest_route=\/wp\/v2\/media\/11070"}],"wp:attachment":[{"href":"https:\/\/informebajio.com.mx\/index.php?rest_route=%2Fwp%2Fv2%2Fmedia&parent=11069"}],"wp:term":[{"taxonomy":"category","embeddable":true,"href":"https:\/\/informebajio.com.mx\/index.php?rest_route=%2Fwp%2Fv2%2Fcategories&post=11069"},{"taxonomy":"post_tag","embeddable":true,"href":"https:\/\/informebajio.com.mx\/index.php?rest_route=%2Fwp%2Fv2%2Ftags&post=11069"}],"curies":[{"name":"wp","href":"https:\/\/api.w.org\/{rel}","templated":true}]}}