{"id":11071,"date":"2023-05-31T06:05:18","date_gmt":"2023-05-31T11:05:18","guid":{"rendered":"https:\/\/informebajio.com.mx\/?p=11071"},"modified":"2023-05-31T06:05:18","modified_gmt":"2023-05-31T11:05:18","slug":"ciclo-escolar-concluye-el-26-de-julio","status":"publish","type":"post","link":"https:\/\/informebajio.com.mx\/?p=11071","title":{"rendered":"Ciclo escolar concluye el 26 de julio"},"content":{"rendered":"<div id=\"content-body-5851641-10132989\">\n<p>El jefe de Departamento de Servicios Regionales III de la Unidad de <b>Servicios para la<\/b> <b>Educaci\u00f3n B\u00e1sica del Estado de Quer\u00e9taro<\/b> (USEBEQ), \u00c1lvaro Rafael Cabrera Monroy, dio a conocer que se determin\u00f3 concluir el ciclo escolar el 26 de julio en los municipios de San Juan del R\u00edo, Amealco, Pedro Escobedo y Tequisquiapan.<\/p>\n<p>Precis\u00f3 que esta determinaci\u00f3n se realiz\u00f3 por parte de la Secretar\u00eda de Educaci\u00f3n P\u00fablica (SEP), derivado de los d\u00edas inh\u00e1biles que se estuvieron registrando durante el periodo y uno de los meses con mayor n\u00famero de d\u00edas de descanso fue en mayo.<\/p>\n<p>El funcionario dijo que esta determinaci\u00f3n se ha notificado a las escuelas p\u00fablicas y privadas de los municipios regionales, con la finalidad de que se mantengan en estricto apego al \u00faltimo d\u00eda de clases.<\/p>\n<p>Coment\u00f3 que en un inicio <b>se ten\u00eda considerado que concluyera el ciclo escolar 2022-2023 en las \u00faltimas semanas de junio o primeras de julio<\/b>, sin embargo, se defini\u00f3 que fuera <b>el 26 de este \u00faltimo mes mencionado para mejores resultados en los estudiantes.<\/b><\/p>\n<p>Precis\u00f3 que entre los cuatro municipios, se cuenta con una matr\u00edcula de 96 mil 994 estudiantes, de ellos, 15 mil 224 son del nivel preescolar, 54 mil 825 de primaria y 26 mil 945 de secundaria en sus tres modalidades (general, t\u00e9cnica y telesecundaria).<\/p>\n<p>Por lo anterior, es que a finales de julio, es cuando en la regi\u00f3n, suspender\u00e1n sus labores tres mil 455 docentes, distribuidos de la siguiente manera, 572 de preescolar, mil 773 de primaria y mil 110 de secundaria.<\/p>\n<p><b id=\"docs-internal-guid-2db839dc-7fff-facd-3bbd-18f336515d2d\"><b>\u27a1\ufe0f <\/b><a href=\"https:\/\/oem.us16.list-manage.com\/subscribe?u=c04a811ee61dc85305bf7133b&amp;id=f1b85ee5bb\"><b><u>Suscr\u00edbete a nuestro Newsletter y recibe las notas m\u00e1s relevantes en tu correo<\/u><\/b><\/a><\/b><\/p>\n<p>Finalmente dijo que en este proceso de avance en el ciclo escolar, los docentes y directivos cuentan con la informaci\u00f3n necesaria del \u00faltimo d\u00eda de clases, as\u00ed como el desarrollo de los Consejos T\u00e9cnicos Escolares (CTE), y los periodos de capacitaci\u00f3n y planeaci\u00f3n para los profesionales de la educaci\u00f3n.<\/p>\n<\/div>\n<p><script>(function(d, s, id) {\nvar js, fjs = d.getElementsByTagName(s)[0];\nif (d.getElementById(id)) return;\njs = d.createElement(s); js.id = id;\njs.src = 'https:\/\/connect.facebook.net\/es_LA\/sdk.js#xfbml=1&version=v3.2&appId=232029482016746&autoLogAppEvents=1';\nfjs.parentNode.insertBefore(js, fjs);\n}(document, 'script', 'facebook-jssdk'));\n<\/script><\/p>\n","protected":false},"excerpt":{"rendered":"<p>El jefe de Departamento de Servicios Regionales III de la Unidad de Servicios para la Educaci\u00f3n B\u00e1sica del Estado de Quer\u00e9taro (USEBEQ), \u00c1lvaro Rafael Cabrera Monroy, dio a conocer que se determin\u00f3 concluir el ciclo escolar el 26 de julio en los municipios de San Juan del R\u00edo, Amealco, Pedro Escobedo y Tequisquiapan. Precis\u00f3 que [&hellip;]<\/p>\n","protected":false},"author":2,"featured_media":11072,"comment_status":"","ping_status":"","sticky":false,"template":"","format":"standard","meta":{"_monsterinsights_skip_tracking":false,"_monsterinsights_sitenote_active":false,"_monsterinsights_sitenote_note":"","_monsterinsights_sitenote_category":0,"footnotes":""},"categories":[6],"tags":[],"class_list":["post-11071","post","type-post","status-publish","format-standard","has-post-thumbnail","hentry","category-san-juan-del-rio"],"_links":{"self":[{"href":"https:\/\/informebajio.com.mx\/index.php?rest_route=\/wp\/v2\/posts\/11071","targetHints":{"allow":["GET"]}}],"collection":[{"href":"https:\/\/informebajio.com.mx\/index.php?rest_route=\/wp\/v2\/posts"}],"about":[{"href":"https:\/\/informebajio.com.mx\/index.php?rest_route=\/wp\/v2\/types\/post"}],"author":[{"embeddable":true,"href":"https:\/\/informebajio.com.mx\/index.php?rest_route=\/wp\/v2\/users\/2"}],"replies":[{"embeddable":true,"href":"https:\/\/informebajio.com.mx\/index.php?rest_route=%2Fwp%2Fv2%2Fcomments&post=11071"}],"version-history":[{"count":0,"href":"https:\/\/informebajio.com.mx\/index.php?rest_route=\/wp\/v2\/posts\/11071\/revisions"}],"wp:featuredmedia":[{"embeddable":true,"href":"https:\/\/informebajio.com.mx\/index.php?rest_route=\/wp\/v2\/media\/11072"}],"wp:attachment":[{"href":"https:\/\/informebajio.com.mx\/index.php?rest_route=%2Fwp%2Fv2%2Fmedia&parent=11071"}],"wp:term":[{"taxonomy":"category","embeddable":true,"href":"https:\/\/informebajio.com.mx\/index.php?rest_route=%2Fwp%2Fv2%2Fcategories&post=11071"},{"taxonomy":"post_tag","embeddable":true,"href":"https:\/\/informebajio.com.mx\/index.php?rest_route=%2Fwp%2Fv2%2Ftags&post=11071"}],"curies":[{"name":"wp","href":"https:\/\/api.w.org\/{rel}","templated":true}]}}