{"id":11077,"date":"2023-05-31T06:21:53","date_gmt":"2023-05-31T11:21:53","guid":{"rendered":"https:\/\/informebajio.com.mx\/?p=11077"},"modified":"2023-05-31T06:21:53","modified_gmt":"2023-05-31T11:21:53","slug":"ieeg-registra-32-denuncias-y-ambiente-polarizado-previo-a-elecciones-2024","status":"publish","type":"post","link":"https:\/\/informebajio.com.mx\/?p=11077","title":{"rendered":"IEEG registra 32 denuncias y ambiente polarizado previo a elecciones 2024"},"content":{"rendered":"<div id=\"content-body-5851641-10145831\">\n<p>Le\u00f3n, Gto.- Ante un ambiente polarizado por la proximidad de las <b>elecciones para el 2024<\/b>, el <b>Instituto Electoral del Estado de Guanajuato (IEEG)<\/b> ya registra <b>32 denuncias <\/b>en lo que va del a\u00f1o por supuestos actos anticipados de campa\u00f1a, uso indebido de recursos p\u00fablicos y por <b>violencia en raz\u00f3n de g\u00e9nero. <\/b><\/p>\n<p>\u27a1 <a href=\"https:\/\/oem.pressreader.com\/el-sol-de-irapuato\" target=\"_blank\" rel=\"noopener\"><b>Suscr\u00edbete a nuestra edici\u00f3n digital<\/b><\/a><\/p>\n<p>La <b>consejera presidenta, Brenda Canchola Elizarraraz<\/b>, dijo que ve un ambiente \u201cextremadamente competitivo\u201d donde se esperan una serie de expresiones pol\u00edticas tanto de manera f\u00edsica, pero especialmente en las <b>redes sociales<\/b> para posicionar posturas pol\u00edticas ante las <b>elecciones. <\/b><\/p>\n<p>\u201cHasta el \u00faltimo corte en t\u00e9rminos generales las denuncias han sido por actos anticipados de <b>campa\u00f1a<\/b>, por uso indebido de recursos p\u00fablicos y por violencia pol\u00edtica en raz\u00f3n de g\u00e9nero que son los procedimientos especiales sancionadores que se tramitan ante el instituto y hasta el \u00faltimo dato que me pasaron que fue el viernes tenemos 32, de 2023\u201d, dijo.<\/p>\n<p><u>Tambi\u00e9n te puede interesar: <a href=\"https:\/\/www.elsoldeleon.com.mx\/local\/programas-sociales-de-guanajuato-estan-blindados-libia-dennise-10135985.html\">Programas sociales de Guanajuato est\u00e1n blindados: Libia Dennise<\/a><\/u><\/p>\n<p>Coment\u00f3 que ya hay un contexto pol\u00edtico pa\u00eds complicado por la polarizaci\u00f3n ya que s\u00f3lo hay blancos y negros y la riqueza de los grises, refiri\u00e9ndose a la diversidad que existe en la sociedad, se esta perdiendo. <\/p>\n<p>\u201cYo veo un ambiente muy polarizado y en este sentido creo que vamos a tener expresiones de esta naturaleza de un lado o de otro lado y cuando perdemos la oportunidad de oro de que las fuerzas pol\u00edticas hagan su manifestaci\u00f3n de cuales son los postulados que realmente abarcan todo el resto de la sociedad que no est\u00e1 polarizada, creo que se viene por dem\u00e1s interesante, complicado y vamos a tener<b> una vigilancia muy fuerte a trav\u00e9s de las denuncias que se nos hagan de conocimiento para tratar de evitar estas ventajas anticipadas<\/b>\u201d, a\u00f1adi\u00f3.<\/p>\n<p><b>Canchola Elizarraraz<\/b> coment\u00f3 que a como va la situaci\u00f3n podr\u00eda ser que en <b>Guanajuato<\/b> se registre una contienda de mujeres. En ese sentido, celebr\u00f3 la<b> Ley 3 de 3 <\/b>que se aprob\u00f3 de manera reciente para que ning\u00fan agresor pueda postularse a un cargo p\u00fablico.<\/p>\n<p>\u201cCualquier ley que vaya en pro de erradicar la<b> violencia de g\u00e9nero <\/b>para m\u00ed es fabulosa, la verdad que elevarla las cosas al rango constitucional as\u00ed como pas\u00f3 con la paridad que la 3 de 3 est\u00e9 tambi\u00e9n ya en rango constitucional eso armoniza en todo el pa\u00eds las reglas que debe de haber, entonces personas que hayan ejercido violencia, que tengan una sentencia en este sentido que no puedan ser postuladas a m\u00ed me parece una determinaci\u00f3n\u201d, asegur\u00f3. <\/p>\n<\/div>\n<p><script>(function(d, s, id) {\nvar js, fjs = d.getElementsByTagName(s)[0];\nif (d.getElementById(id)) return;\njs = d.createElement(s); js.id = id;\njs.src = 'https:\/\/connect.facebook.net\/es_LA\/sdk.js#xfbml=1&version=v3.2&appId=899106460676237&autoLogAppEvents=1';\nfjs.parentNode.insertBefore(js, fjs);\n}(document, 'script', 'facebook-jssdk'));\n<\/script><\/p>\n","protected":false},"excerpt":{"rendered":"<p>Le\u00f3n, Gto.- Ante un ambiente polarizado por la proximidad de las elecciones para el 2024, el Instituto Electoral del Estado de Guanajuato (IEEG) ya registra 32 denuncias en lo que va del a\u00f1o por supuestos actos anticipados de campa\u00f1a, uso indebido de recursos p\u00fablicos y por violencia en raz\u00f3n de g\u00e9nero. \u27a1 Suscr\u00edbete a nuestra [&hellip;]<\/p>\n","protected":false},"author":2,"featured_media":11078,"comment_status":"","ping_status":"","sticky":false,"template":"","format":"standard","meta":{"_monsterinsights_skip_tracking":false,"_monsterinsights_sitenote_active":false,"_monsterinsights_sitenote_note":"","_monsterinsights_sitenote_category":0,"footnotes":""},"categories":[8],"tags":[],"class_list":["post-11077","post","type-post","status-publish","format-standard","has-post-thumbnail","hentry","category-guanajuato"],"_links":{"self":[{"href":"https:\/\/informebajio.com.mx\/index.php?rest_route=\/wp\/v2\/posts\/11077","targetHints":{"allow":["GET"]}}],"collection":[{"href":"https:\/\/informebajio.com.mx\/index.php?rest_route=\/wp\/v2\/posts"}],"about":[{"href":"https:\/\/informebajio.com.mx\/index.php?rest_route=\/wp\/v2\/types\/post"}],"author":[{"embeddable":true,"href":"https:\/\/informebajio.com.mx\/index.php?rest_route=\/wp\/v2\/users\/2"}],"replies":[{"embeddable":true,"href":"https:\/\/informebajio.com.mx\/index.php?rest_route=%2Fwp%2Fv2%2Fcomments&post=11077"}],"version-history":[{"count":0,"href":"https:\/\/informebajio.com.mx\/index.php?rest_route=\/wp\/v2\/posts\/11077\/revisions"}],"wp:featuredmedia":[{"embeddable":true,"href":"https:\/\/informebajio.com.mx\/index.php?rest_route=\/wp\/v2\/media\/11078"}],"wp:attachment":[{"href":"https:\/\/informebajio.com.mx\/index.php?rest_route=%2Fwp%2Fv2%2Fmedia&parent=11077"}],"wp:term":[{"taxonomy":"category","embeddable":true,"href":"https:\/\/informebajio.com.mx\/index.php?rest_route=%2Fwp%2Fv2%2Fcategories&post=11077"},{"taxonomy":"post_tag","embeddable":true,"href":"https:\/\/informebajio.com.mx\/index.php?rest_route=%2Fwp%2Fv2%2Ftags&post=11077"}],"curies":[{"name":"wp","href":"https:\/\/api.w.org\/{rel}","templated":true}]}}