{"id":11085,"date":"2023-05-31T09:53:22","date_gmt":"2023-05-31T14:53:22","guid":{"rendered":"https:\/\/informebajio.com.mx\/?p=11085"},"modified":"2023-05-31T09:53:22","modified_gmt":"2023-05-31T14:53:22","slug":"vamos-mexico-filantropia-con-sentido-y-responsabilidad","status":"publish","type":"post","link":"https:\/\/informebajio.com.mx\/?p=11085","title":{"rendered":"Vamos M\u00e9xico, filantrop\u00eda con sentido y responsabilidad"},"content":{"rendered":"<div id=\"content-body-5851641-10136852\">\n<p>Le\u00f3n, Gto. (OEM-Informex). El 24 de septiembre de 2001, comenz\u00f3 actividades la <b>Fundaci\u00f3n Vamos M\u00e9xico. <\/b>A decir de <b>Marta Sahag\u00fan de Fox,<\/b> su presidenta, se convirti\u00f3 &#8220;en su misi\u00f3n de vida&#8221; despu\u00e9s de que concluy\u00f3 la presidencia de <b>Vicente Fox. <\/b><\/p>\n<p>\u27a1 <u><a rel=\"Follow noopener\" target=\"_blank\" href=\"https:\/\/oem.pressreader.com\/el-sol-de-leon\"><b>Suscr\u00edbete a nuestra edici\u00f3n digital<\/b><\/a><\/u><\/p>\n<p><b>En exclusiva para la Organizaci\u00f3n Editorial Mexicana<\/b>, Marta Sahag\u00fan recuerda que seis meses antes de que concluya el mandato de Vicente Fox, la Fundaci\u00f3n Vamos M\u00e9xico fue trasladada a San Crist\u00f3bal, <b>en San Francisco del Rinc\u00f3n<\/b>, para trabajar en favor de la educaci\u00f3n, la salud, el<b> desarrollo humano y comunitario.<\/b><\/p>\n<h2><b>Causas y rumbo<\/b><\/h2>\n<p><b>Vamos M\u00e9xico cuenta hoy con siete programas: <\/b>El Centro de Rehabilitaci\u00f3n Integral San Miguel de Allende (CRISMA); A rodar con amor (ARCA); Comunidad en Desarrollo Reactivando Oportunidades (Cedro); Capacitando Organizaciones Nacionales y Orientando Caminos con Esfuerzo (Conocer); <b>M\u00e9xico Activando la Nutrici\u00f3n con Objetivos Sociales<\/b> (Manos) y <b>Ciudadanos Atendidos en Salud y Acompa\u00f1amiento <\/b>(Casa).<\/p>\n<p>&#8220;Siempre mi principal vocaci\u00f3n ha sido el tema social \u2013reflexiona Sahag\u00fan. Desde los 8 a\u00f1os empec\u00e9 a trabajar en temas de voluntariado para grupos vulnerables. <b>A los 12 a\u00f1os mi trabajo social era visitar la c\u00e1rcel de mujeres<\/b>. Y as\u00ed puedo mencionar cada etapa de mi vida incluida cuando estuvimos en<b> presidencia de la Rep\u00fablica<\/b>.&#8221;<\/p>\n<p><b>Esta vocaci\u00f3n de servicio y ayuda a la poblaci\u00f3n con discapacidad que no cuenta con los recursos para acceder a una rehabilitaci\u00f3n especializada se concreta en el CRISMA<\/b>, que busca que los pacientes \u2013infantes o adultos\u2013 adquieran capacidad de independencia con terapia de rehabilitaci\u00f3n, audici\u00f3n y <b>lenguaje <\/b>y psicol\u00f3gica.<\/p>\n<p>Despu\u00e9s de haber suspendido algunas actividades debido a la pandemia, en 2022 CRISMA <b>volvi\u00f3 a recibir a alrededor de 230 pacientes al mes para hidroterapia<\/b> \u2013 en el tanque terap\u00e9utico m\u00e1s grande de Latinoam\u00e9rica\u2013 y a cuidar a aproximadamente 250 familias con atenci\u00f3n desde el n\u00facleo familiar para lograr la independencia funcional de los pacientes, esfuerzo al que se sum\u00f3 The HSLopez Family Foundation y <b>Cristina Mundial International Public Foundation.<\/b><\/p>\n<p><b>Marta Sahag\u00fan<\/b> asegura que su mayor satisfacci\u00f3n es haber puesto junto con su equipo &#8220;un granito de arena para transformar la vida de las personas y sus familias, otorgando a trav\u00e9s de nuestros programas la posibilidad de lograr mejor calidad de vida reconociendo su dignidad.&#8221;<\/p>\n<p>De ah\u00ed que con RODAR, <b>Vamos M\u00e9xico ha proporcionado 622 sillas de ruedas <\/b>en todas las regiones del pa\u00eds en alianza con el Fondo Unido Rotario de M\u00e9xico y Free Wheelchair Mission.<\/p>\n<p>Tresguerras y First Cash se sumaron a este esfuerzo en el cual tambi\u00e9n<b> se capacit\u00f3 a la poblaci\u00f3n<\/b> en el armado de sillas de ruedas en poblaciones como Romita, Salvatierra, Uni\u00f3n de San Antonio,<b> Ecuandureo<\/b>, Contepec y Celaya. <\/p>\n<h2><b>El gobierno no puede solo<\/b><\/h2>\n<p><b>Marta Sahag\u00fan<\/b> sentencia: &#8220;el gobierno no lo puede todo, la sociedad no puede sola&#8221;. Explica que lo que hace Vamos M\u00e9xico y cientos de fundaciones es &#8220;apoyar en temas sociales que transforman el bien ser y el bien estar de las personas reconociendo sus capacidades y su potencial de cada uno, que les permite en mejores condiciones mejorar su vida y la de sus familias&#8221;.<\/p>\n<p>En 2022, con el <b>Programa Manos y en alianza con Alov\u00e9a<\/b>, Manna Relief y Vitamin Angels, Vamos M\u00e9xico ha aportado beneficios a 1.2 millones de personas con dotaciones de dosis de polvo nutricional Hope Blend a habitantes de las comunidades y zonas rurales.<\/p>\n<p><b>Este complemento vitam\u00ednico, hecho a base de aloe vera, fortalece al sistema inmune con lo que se disminuyen las enfermedades respiratorias y gastrointestinales.<\/b><\/p>\n<p>En el mismo sentido, con el programa Cedro<b>, Vamos M\u00e9xico ha trabajado con la comunidad de San Crist\u00f3bal<\/b> y poblaciones aleda\u00f1as para mejorar la calidad de vida. Ah\u00ed, 80 brigadistas voluntarios han brindado atenci\u00f3n m\u00e9dica, 35 adultos mayores han sido atendidos en actividades de motricidad, <b>80 mujeres han recibido pl\u00e1ticas sobre prevenci\u00f3n y detecci\u00f3n de c\u00e1ncer de mama<\/b> y 368 consultas en medicina general, odontolog\u00eda, nutrici\u00f3n, fisioterapia, laboratorio y psicolog\u00eda, en alianza con la <b>Escuela Nacional de Estudios Superiores de la UNAM en Le\u00f3n<\/b>, brigadistas M\u00e9dicos del Baj\u00edo, Providencia, Perdura y Altex Next, entre otras organizaciones y empresas.<\/p>\n<p>Entre las actividades de este programa tambi\u00e9n destacaron ex\u00e1menes de la vista para personas de San Crist\u00f3bal, El Consuelo, <b>San Jos\u00e9 del Resplandor<\/b> y <b>San Judas. <\/b><\/p>\n<p>En lo que corresponde a la capacitaci\u00f3n, a trav\u00e9s de Conoce las organizaciones asistentes han tenido la posibilidad de atender, de manera presencial y virtual conferencias y cursos para aumentar sus habilidades y conocimientos organizacionales en materia solo uso de las TI, procuraci\u00f3n de fondos, marketing, comunicaci\u00f3n interna, evaluaci\u00f3n de proyectos, programas GTO Contigo S\u00ed. A estas actividades asistieron casi 2 mil 500 participantes entre personas f\u00edsicas y representantes de organizaciones.<\/p>\n<p><b>Te puede interesar: <\/b><a href=\"https:\/\/www.elsoldeleon.com.mx\/local\/hay-mucha-desinformacion-en-el-tema-de-la-cannabis-marta-sahagun-8953348.html\"><u><b>Hay mucha desinformaci\u00f3n en el tema de la Cannabis: Marta Sahag\u00fan<\/b><\/u><\/a><\/p>\n<p>En alianza con la <b>Universidad de California en San Diego,<\/b> Vamos M\u00e9xico form\u00f3 en 2022 con su programa Alas, a la 6a generaci\u00f3n de l\u00edderes comunitarios en actividades educativas, ecol\u00f3gicas de integraci\u00f3n social, desarrollo comunitario y emprendimiento. Los l\u00edderes han otorgado talleres para adolescentes,<b> rallyes deportivos<\/b>, recreaci\u00f3n con adultos mayores, obras de teatro, <b>limpieza de comunidades <\/b>y talleres de emprendimiento, entre otras actividades.<\/p>\n<p>Finalmente, con el programa Casa, <b>Vamos M\u00e9xico ha atendido <\/b>o canalizado s\u00f3lo el a\u00f1o pasado, <b>m\u00e1s de mil 200 apoyos directos<\/b> o vinculaciones de tratamientos medicamentos o incluso implantaci\u00f3n de pr\u00f3tesis cocleares o de piernas para volver a caminar.<\/p>\n<h2><b>Transparencia e institucionalidad<\/b><\/h2>\n<p><b>El Centro Mexicano para la Filantrop\u00eda <\/b>ha acreditado a la <b>Fundaci\u00f3n Vamos M\u00e9xico<\/b> con el nivel \u00f3ptimo en materia de transparencia e institucionalidad.<\/p>\n<p>A quienes atacan a <b>Vamos M\u00e9xico <\/b>y afirman que ha sido un medio para que sus integrantes lucren, Marta Sahag\u00fan les responde: &#8220;mienten rotundamente queriendo hacer da\u00f1o a un trabajo que se ha venido desarroll\u00e1ndose a trav\u00e9s de 23 a\u00f1os. <\/p>\n<p>Que mienten porque desconocen lo que es el trabajo social y <b>el trabajo comprometido<\/b> y honesto de quienes formamos esta asociaci\u00f3n y de todos quienes generosamente <b>lo hacemos posible.<\/b><\/p>\n<p><b>Lee tambi\u00e9n: <\/b><a href=\"https:\/\/www.elsoldeleon.com.mx\/mexico\/politica\/mas-que-primera-dama-una-cogobernante-marta-sahagun-8542010.html\"><u><b>M\u00e1s que primera dama, una cogobernante: Marta Sahag\u00fan<\/b><\/u><\/a><\/p>\n<p> Y a\u00f1ade: &#8220;La mentira solo destruye. Y tristemente es usada para fines pol\u00edticos a los cuales nosotros no nos dedicamos. Nuestro trabajo es social y a favor de las personas.&#8221;<\/p>\n<p>La pol\u00edtica no es parte de Vamos M\u00e9xico, asegura <b>Marta Sahag\u00fan<\/b>: &#8220;Vamos M\u00e9xico es una AC que tiene dentro de sus estatutos no permitir trabajar con fines pol\u00edticos partidistas ni religiosos. Nuestro trabajo tiene que ver con el bien ser y bienestar de las personas. No tiene nada que ver con temas pol\u00edticos. Nada&#8221;, concluye.<\/p>\n<\/div>\n<p><script>(function(d, s, id) {\nvar js, fjs = d.getElementsByTagName(s)[0];\nif (d.getElementById(id)) return;\njs = d.createElement(s); js.id = id;\njs.src = 'https:\/\/connect.facebook.net\/es_LA\/sdk.js#xfbml=1&version=v3.2&appId=899106460676237&autoLogAppEvents=1';\nfjs.parentNode.insertBefore(js, fjs);\n}(document, 'script', 'facebook-jssdk'));\n<\/script><\/p>\n","protected":false},"excerpt":{"rendered":"<p>Le\u00f3n, Gto. (OEM-Informex). El 24 de septiembre de 2001, comenz\u00f3 actividades la Fundaci\u00f3n Vamos M\u00e9xico. A decir de Marta Sahag\u00fan de Fox, su presidenta, se convirti\u00f3 &#8220;en su misi\u00f3n de vida&#8221; despu\u00e9s de que concluy\u00f3 la presidencia de Vicente Fox. \u27a1 Suscr\u00edbete a nuestra edici\u00f3n digital En exclusiva para la Organizaci\u00f3n Editorial Mexicana, Marta Sahag\u00fan [&hellip;]<\/p>\n","protected":false},"author":2,"featured_media":11086,"comment_status":"","ping_status":"","sticky":false,"template":"","format":"standard","meta":{"_monsterinsights_skip_tracking":false,"_monsterinsights_sitenote_active":false,"_monsterinsights_sitenote_note":"","_monsterinsights_sitenote_category":0,"footnotes":""},"categories":[8],"tags":[],"class_list":["post-11085","post","type-post","status-publish","format-standard","has-post-thumbnail","hentry","category-guanajuato"],"_links":{"self":[{"href":"https:\/\/informebajio.com.mx\/index.php?rest_route=\/wp\/v2\/posts\/11085","targetHints":{"allow":["GET"]}}],"collection":[{"href":"https:\/\/informebajio.com.mx\/index.php?rest_route=\/wp\/v2\/posts"}],"about":[{"href":"https:\/\/informebajio.com.mx\/index.php?rest_route=\/wp\/v2\/types\/post"}],"author":[{"embeddable":true,"href":"https:\/\/informebajio.com.mx\/index.php?rest_route=\/wp\/v2\/users\/2"}],"replies":[{"embeddable":true,"href":"https:\/\/informebajio.com.mx\/index.php?rest_route=%2Fwp%2Fv2%2Fcomments&post=11085"}],"version-history":[{"count":0,"href":"https:\/\/informebajio.com.mx\/index.php?rest_route=\/wp\/v2\/posts\/11085\/revisions"}],"wp:featuredmedia":[{"embeddable":true,"href":"https:\/\/informebajio.com.mx\/index.php?rest_route=\/wp\/v2\/media\/11086"}],"wp:attachment":[{"href":"https:\/\/informebajio.com.mx\/index.php?rest_route=%2Fwp%2Fv2%2Fmedia&parent=11085"}],"wp:term":[{"taxonomy":"category","embeddable":true,"href":"https:\/\/informebajio.com.mx\/index.php?rest_route=%2Fwp%2Fv2%2Fcategories&post=11085"},{"taxonomy":"post_tag","embeddable":true,"href":"https:\/\/informebajio.com.mx\/index.php?rest_route=%2Fwp%2Fv2%2Ftags&post=11085"}],"curies":[{"name":"wp","href":"https:\/\/api.w.org\/{rel}","templated":true}]}}