{"id":11087,"date":"2023-05-31T12:05:30","date_gmt":"2023-05-31T17:05:30","guid":{"rendered":"https:\/\/informebajio.com.mx\/?p=11087"},"modified":"2023-05-31T12:05:30","modified_gmt":"2023-05-31T17:05:30","slug":"plantean-operativo-alcoholimetro-en-feria-san-juan-del-rio","status":"publish","type":"post","link":"https:\/\/informebajio.com.mx\/?p=11087","title":{"rendered":"Plantean operativo alcohol\u00edmetro en Feria San Juan del R\u00edo"},"content":{"rendered":"<div id=\"content-body-5851641-10138286\">\n<p>Con la intenci\u00f3n de <b>evitar accidentes automovil\u00edsticos<\/b> en el periodo de la<b> Feria San Juan del R\u00edo<\/b>, te llevar\u00e1n a cabo el<b> programa de alcohol\u00edmetro<\/b> con diferentes puntos de la ciudad inform\u00f3 <b>\u00c1ngel Rangel Nieves<\/b>, secretario de seguridad P\u00fablica Municipal de esta demarcaci\u00f3n, al mencionar que, este es uno de los principales puntos a cuidar para estos festejos.<\/p>\n<p>Mencion\u00f3 que, en breve se dar\u00e1n a conocer los por menores de la operaci\u00f3n que tendr\u00e1 la corporaci\u00f3n, con el <b>objetivo de evitar las incidencias<\/b>, haciendo hincapi\u00e9 en las entradas y salidas del municipio, pero principalmente haciendo una presencia<b> en las inmediaciones del centro de feria<\/b>, justo en la <b>carretera federal 120, San Juan del R\u00edo &#8211; Xilitla.<\/b><\/p>\n<p>De igual manera dijo que estar\u00e1n teniendo <b>coordinaci\u00f3n para la operaci\u00f3n con municipios <\/b>como Amealco, Tequisquiapan y Pedro Escobedo, adem\u00e1s de la capital del estado, al referir que en ocasiones anteriores San Juan del R\u00edo tambi\u00e9n ha contribuido con las tareas de vigilancia haciendo equipo con la polic\u00eda queretana.<\/p>\n<p><i>&#8220;Especialmente cuando los artistas sean muy atractivos para la poblaci\u00f3n y que el consumo de alcohol se pueda elevar y la intenci\u00f3n es evitar a toda costa el riesgo de tener accidentes de tr\u00e1nsito a consecuencia del consumo elevado del alcohol, hemos hecho mucho hincapi\u00e9 en que los traslados a la feria puedan ser utilizando el transporte p\u00fablico&#8221;.<\/i><\/p>\n<p>Rangel Nieves expres\u00f3 que, <b>se van a contar con cuatro rutas<\/b> para poder mover a las personas que gusten de alg\u00fan atractivo de feria, y que su estancia<b> se garantice la seguridad,<\/b> tambi\u00e9n adelant\u00f3 que en breve se van a dar a conocer las tarifas que son producto de las mesas de trabajo en coordinaci\u00f3n con la Agencia de Movilidad del Estado de Quer\u00e9taro y con la Secretar\u00eda de Gobierno local.<\/p>\n<p><b>\u27a1\ufe0f <\/b><a href=\"https:\/\/oem.us16.list-manage.com\/subscribe?u=c04a811ee61dc85305bf7133b&amp;id=f1b85ee5bb\"><b>Suscr\u00edbete a nuestro Newsletter y recibe las notas m\u00e1s relevantes en tu correo<\/b><\/a><b\/><\/p>\n<p><i>&#8220;Con estas cuatro frutas vamos a estar moviendo a las personas que gusten de ir desde diferentes puntos de la ciudad al recinto ferial, todas ellas van a contar con el apoyo de la corporaci\u00f3n para ser puntuales en que los festejos se desarrollen en paz y orden&#8221;<\/i><\/p>\n<\/div>\n<p><script>(function(d, s, id) {\nvar js, fjs = d.getElementsByTagName(s)[0];\nif (d.getElementById(id)) return;\njs = d.createElement(s); js.id = id;\njs.src = 'https:\/\/connect.facebook.net\/es_LA\/sdk.js#xfbml=1&version=v3.2&appId=232029482016746&autoLogAppEvents=1';\nfjs.parentNode.insertBefore(js, fjs);\n}(document, 'script', 'facebook-jssdk'));\n<\/script><\/p>\n","protected":false},"excerpt":{"rendered":"<p>Con la intenci\u00f3n de evitar accidentes automovil\u00edsticos en el periodo de la Feria San Juan del R\u00edo, te llevar\u00e1n a cabo el programa de alcohol\u00edmetro con diferentes puntos de la ciudad inform\u00f3 \u00c1ngel Rangel Nieves, secretario de seguridad P\u00fablica Municipal de esta demarcaci\u00f3n, al mencionar que, este es uno de los principales puntos a cuidar [&hellip;]<\/p>\n","protected":false},"author":2,"featured_media":11088,"comment_status":"","ping_status":"","sticky":false,"template":"","format":"standard","meta":{"_monsterinsights_skip_tracking":false,"_monsterinsights_sitenote_active":false,"_monsterinsights_sitenote_note":"","_monsterinsights_sitenote_category":0,"footnotes":""},"categories":[6],"tags":[],"class_list":["post-11087","post","type-post","status-publish","format-standard","has-post-thumbnail","hentry","category-san-juan-del-rio"],"_links":{"self":[{"href":"https:\/\/informebajio.com.mx\/index.php?rest_route=\/wp\/v2\/posts\/11087","targetHints":{"allow":["GET"]}}],"collection":[{"href":"https:\/\/informebajio.com.mx\/index.php?rest_route=\/wp\/v2\/posts"}],"about":[{"href":"https:\/\/informebajio.com.mx\/index.php?rest_route=\/wp\/v2\/types\/post"}],"author":[{"embeddable":true,"href":"https:\/\/informebajio.com.mx\/index.php?rest_route=\/wp\/v2\/users\/2"}],"replies":[{"embeddable":true,"href":"https:\/\/informebajio.com.mx\/index.php?rest_route=%2Fwp%2Fv2%2Fcomments&post=11087"}],"version-history":[{"count":0,"href":"https:\/\/informebajio.com.mx\/index.php?rest_route=\/wp\/v2\/posts\/11087\/revisions"}],"wp:featuredmedia":[{"embeddable":true,"href":"https:\/\/informebajio.com.mx\/index.php?rest_route=\/wp\/v2\/media\/11088"}],"wp:attachment":[{"href":"https:\/\/informebajio.com.mx\/index.php?rest_route=%2Fwp%2Fv2%2Fmedia&parent=11087"}],"wp:term":[{"taxonomy":"category","embeddable":true,"href":"https:\/\/informebajio.com.mx\/index.php?rest_route=%2Fwp%2Fv2%2Fcategories&post=11087"},{"taxonomy":"post_tag","embeddable":true,"href":"https:\/\/informebajio.com.mx\/index.php?rest_route=%2Fwp%2Fv2%2Ftags&post=11087"}],"curies":[{"name":"wp","href":"https:\/\/api.w.org\/{rel}","templated":true}]}}