{"id":11091,"date":"2023-05-31T13:38:18","date_gmt":"2023-05-31T18:38:18","guid":{"rendered":"https:\/\/informebajio.com.mx\/?p=11091"},"modified":"2023-05-31T13:38:18","modified_gmt":"2023-05-31T18:38:18","slug":"comentario-en-sancion-a-gallos-intacta-por-elegant-king-size-bed-luxury-home-furniture","status":"publish","type":"post","link":"https:\/\/informebajio.com.mx\/?p=11091","title":{"rendered":"Comentario en Sanci\u00f3n a Gallos intacta por elegant king size bed. luxury home furniture"},"content":{"rendered":"<div>\n<p>Ha pasado poco m\u00e1s de medio a\u00f1o desde aquella trifulca desatada por las barras del Quer\u00e9taro y el Atlas en el estadio La Corregidora, pero el tiempo no ha hecho que se piense en disminuir los castigos impuestos. Mikel Arriola, presidente de la Liga MX, reitera que a los Gallos Blancos les resta medio a\u00f1o de jugar en casa a puerta cerrada y, aunque en alg\u00fan momento podr\u00eda revisarse la sanci\u00f3n, es poco probable que se reduzca.<\/p>\n<p>\u201c[El castigo] se impuso en la Asamblea de Due\u00f1os el 8 de marzo y es de un a\u00f1o por los acontecimientos\u201d, asegura. Por lo que el Quer\u00e9taro aspirar\u00e1 a volver a tener p\u00fablico en sus gradas hasta la segunda mitad del Clausura 2023. En cuanto a la venta de la franquicia, actualmente en poder de Grupo Caliente, el directivo no duda de que se dar\u00e1.<\/p>\n<p>\u201cLa primera etapa se dio con una condici\u00f3n de hacerlo en diciembre de este a\u00f1o\u201d, recuerda. \u201cLos due\u00f1os tienen claro que los precios se comparan con otros y no quieren que la prisa reduzca el valor. Nosotros s\u00f3lo somos facilitadores para que se d\u00e9 una buena transacci\u00f3n\u201d.<\/p>\n<p><!-- Composite Start --><\/p>\n<p><!-- Composite End --><\/p>\n<p>Para lo que, considera, podr\u00eda ayudar la Leagues Cup 2023, que se llevar\u00e1 a cabo durante el verano de ese a\u00f1o entre todos los equipos de la Liga MX y la Major League Soccer, en cotejos a matar o morir.<\/p>\n<\/div>\n<p><\/p>\n","protected":false},"excerpt":{"rendered":"<p>Ha pasado poco m\u00e1s de medio a\u00f1o desde aquella trifulca desatada por las barras del Quer\u00e9taro y el Atlas en el estadio La Corregidora, pero el tiempo no ha hecho que se piense en disminuir los castigos impuestos. Mikel Arriola, presidente de la Liga MX, reitera que a los Gallos Blancos les resta medio a\u00f1o [&hellip;]<\/p>\n","protected":false},"author":2,"featured_media":11092,"comment_status":"","ping_status":"","sticky":false,"template":"","format":"standard","meta":{"_monsterinsights_skip_tracking":false,"_monsterinsights_sitenote_active":false,"_monsterinsights_sitenote_note":"","_monsterinsights_sitenote_category":0,"footnotes":""},"categories":[4],"tags":[],"class_list":["post-11091","post","type-post","status-publish","format-standard","has-post-thumbnail","hentry","category-queretaro"],"_links":{"self":[{"href":"https:\/\/informebajio.com.mx\/index.php?rest_route=\/wp\/v2\/posts\/11091","targetHints":{"allow":["GET"]}}],"collection":[{"href":"https:\/\/informebajio.com.mx\/index.php?rest_route=\/wp\/v2\/posts"}],"about":[{"href":"https:\/\/informebajio.com.mx\/index.php?rest_route=\/wp\/v2\/types\/post"}],"author":[{"embeddable":true,"href":"https:\/\/informebajio.com.mx\/index.php?rest_route=\/wp\/v2\/users\/2"}],"replies":[{"embeddable":true,"href":"https:\/\/informebajio.com.mx\/index.php?rest_route=%2Fwp%2Fv2%2Fcomments&post=11091"}],"version-history":[{"count":0,"href":"https:\/\/informebajio.com.mx\/index.php?rest_route=\/wp\/v2\/posts\/11091\/revisions"}],"wp:featuredmedia":[{"embeddable":true,"href":"https:\/\/informebajio.com.mx\/index.php?rest_route=\/wp\/v2\/media\/11092"}],"wp:attachment":[{"href":"https:\/\/informebajio.com.mx\/index.php?rest_route=%2Fwp%2Fv2%2Fmedia&parent=11091"}],"wp:term":[{"taxonomy":"category","embeddable":true,"href":"https:\/\/informebajio.com.mx\/index.php?rest_route=%2Fwp%2Fv2%2Fcategories&post=11091"},{"taxonomy":"post_tag","embeddable":true,"href":"https:\/\/informebajio.com.mx\/index.php?rest_route=%2Fwp%2Fv2%2Ftags&post=11091"}],"curies":[{"name":"wp","href":"https:\/\/api.w.org\/{rel}","templated":true}]}}