{"id":11095,"date":"2023-05-31T16:20:32","date_gmt":"2023-05-31T21:20:32","guid":{"rendered":"https:\/\/informebajio.com.mx\/?p=11095"},"modified":"2023-05-31T16:20:32","modified_gmt":"2023-05-31T21:20:32","slug":"fiscal-argentino-cierra-la-indagatoria-del-atentado-contra-cristina-fernandez","status":"publish","type":"post","link":"https:\/\/informebajio.com.mx\/?p=11095","title":{"rendered":"Fiscal argentino cierra la indagatoria del atentado contra Cristina Fern\u00e1ndez"},"content":{"rendered":"<div id=\"content_nitf\">\n<p>Buenos Aires., Un fiscal federal argentino cerr\u00f3 ayer la investigaci\u00f3n por el intento de asesinato que sufri\u00f3 la vicepresidenta Cristina Fern\u00e1ndez de Kirchner el pasado 1\u00ba de septiembre, decisi\u00f3n que fue rechazada por la tambi\u00e9n ex mandataria, al calificarla de \u201cun nuevo acto de consagraci\u00f3n de la impunidad\u201d.<\/p>\n<p>La causa, a cargo de la juez Mar\u00eda Eugenia Capuchetti, qued\u00f3 catalogada por el fiscal Carlos R\u00edvolo de \u201chomicidio doblemente calificado por alevos\u00eda y por el concurso premeditado de dos o m\u00e1s personas, agravado por el empleo de un arma de fuego, en grado de tentativa\u201d.<\/p>\n<p>Los acusados, que cumplen prisi\u00f3n preventiva, son Fernando Sabag Montiel, de 35 a\u00f1os, quien gatill\u00f3 un arma a cent\u00edmetros de la cara de Kirchner sin que saliera un disparo, y su novia Brenda Uliarte (23 a\u00f1os), acusados como \u201ccoautores\u201d. Mientras Nicol\u00e1s Carrizo, de 27 a\u00f1os, est\u00e1 imputado como \u201cpart\u00edcipe necesario\u201d, y es quien empleaba a la pareja en su emprendimiento de venta callejera de algodones de az\u00facar.<\/p>\n<p>En un escrito difundido ayer, el fiscal consider\u00f3 que la conducta de los tres acusados fue \u201cpremeditada\u201d con un plan\u201d para asesinar a la vicepresidenta.<\/p>\n<p>En una carta en sus redes sociales, Fern\u00e1ndez de Kirchner se\u00f1al\u00f3 que para ella \u201cno hay ni habr\u00e1 justicia, ni como acusada ni como v\u00edctima\u201d, y denunci\u00f3 que nunca hubo verdaderas intenciones de investigar lo ocurrido, ni identificar a los autores intelectuales ni a quienes financiaron el atentado.<\/p>\n<p>\u201cDesde el primer d\u00eda hasta hoy, las autoridades judiciales han puesto una traba tras otra para impedir que salga a la luz la verdad de lo ocurrido el 1\u00ba de septiembre de 2022\u201d, se\u00f1al\u00f3 en su misiva titulada \u201cA 40 a\u00f1os de democracia. El <em>Partido Judicial<\/em> y la consagraci\u00f3n de la impunidad\u201d.<\/p>\n<p>\u201cMe quieren presa o muerta\u201d, reiter\u00f3 y afirm\u00f3: \u201cLo dije una y mil veces: ni Capuchetti ni R\u00edvolo quisieron investigar el intento de asesinato y ahora pretenden cerrar la investigaci\u00f3n con una celeridad que nunca mostraron en ninguna causa.<\/p>\n<p>\u201cToda la investigaci\u00f3n se caracteriz\u00f3 por evitar conocer la verdad. Est\u00e1 plagada de testigos que borraron sus tel\u00e9fonos, prueba que se destruy\u00f3 sin investigar sus causas y motivaciones, y un intento evidente y desesperado por evitar hallar la posible participaci\u00f3n de terceros, financistas e instigadores\u201d, asegur\u00f3.<\/p>\n<p>\u201cEl fiscal omite por completo valorar todo lo relacionado con las l\u00edneas de investigaci\u00f3n que apuntan a personas que van m\u00e1s all\u00e1 de Uliarte, Sabag Montiel y Carrizo. No hay pr\u00e1ctica m\u00e1s clara para buscar la impunidad de causas complejas que partirlas en pedacitos\u201d, escribi\u00f3 la vicepresidenta, quien desisti\u00f3 de postularse para las elecciones generales de octubre tras recibir una condena a ocho a\u00f1os de prisi\u00f3n e inhabilitaci\u00f3n de por vida en un juicio sin pruebas de su culpabilidad.<\/p>\n<\/div>\n<p><script>\n      !function(f,b,e,v,n,t,s)\n      {if(f.fbq)return;n=f.fbq=function(){n.callMethod?\n      n.callMethod.apply(n,arguments):n.queue.push(arguments)};\n      if(!f._fbq)f._fbq=n;n.push=n;n.loaded=!0;n.version='2.0';\n      n.queue=[];t=b.createElement(e);t.async=!0;\n      t.src=v;s=b.getElementsByTagName(e)[0];\n      s.parentNode.insertBefore(t,s)}(window, document,'script',\n      'https:\/\/connect.facebook.net\/en_US\/fbevents.js');\n      fbq('init', '133913093805922');\n      fbq('track', 'PageView');\n      fbq('track', 'Contact');\n      fbq('track', 'Donate');\n      fbq('track', 'FindLocation');\n      fbq('track', 'Lead');\n      fbq('track', 'Search');\n      fbq('track', 'Subscribe', {value: '0.00', currency: 'MXN', predicted_ltv: '0.00'});\n      fbq('track', 'ViewContent');\n    <\/script><script type=\"text\/javascript\">(function(d, s, id) {\n\t  var js, fjs = d.getElementsByTagName(s)[0];\n\t  if (d.getElementById(id)) return;\n\t  js = d.createElement(s); js.id = id;\n\t  js.src = \"\/\/connect.facebook.net\/es_LA\/sdk.js#xfbml=1&amp;version=v3.3&amp;appId=774389309362880\";\n\t  fjs.parentNode.insertBefore(js, fjs);\n\t}(document, 'script', 'facebook-jssdk'));<\/script><\/p>\n","protected":false},"excerpt":{"rendered":"<p>Buenos Aires., Un fiscal federal argentino cerr\u00f3 ayer la investigaci\u00f3n por el intento de asesinato que sufri\u00f3 la vicepresidenta Cristina Fern\u00e1ndez de Kirchner el pasado 1\u00ba de septiembre, decisi\u00f3n que fue rechazada por la tambi\u00e9n ex mandataria, al calificarla de \u201cun nuevo acto de consagraci\u00f3n de la impunidad\u201d. La causa, a cargo de la juez [&hellip;]<\/p>\n","protected":false},"author":2,"featured_media":11096,"comment_status":"","ping_status":"","sticky":false,"template":"","format":"standard","meta":{"_monsterinsights_skip_tracking":false,"_monsterinsights_sitenote_active":false,"_monsterinsights_sitenote_note":"","_monsterinsights_sitenote_category":0,"footnotes":""},"categories":[9],"tags":[],"class_list":["post-11095","post","type-post","status-publish","format-standard","has-post-thumbnail","hentry","category-deportes"],"_links":{"self":[{"href":"https:\/\/informebajio.com.mx\/index.php?rest_route=\/wp\/v2\/posts\/11095","targetHints":{"allow":["GET"]}}],"collection":[{"href":"https:\/\/informebajio.com.mx\/index.php?rest_route=\/wp\/v2\/posts"}],"about":[{"href":"https:\/\/informebajio.com.mx\/index.php?rest_route=\/wp\/v2\/types\/post"}],"author":[{"embeddable":true,"href":"https:\/\/informebajio.com.mx\/index.php?rest_route=\/wp\/v2\/users\/2"}],"replies":[{"embeddable":true,"href":"https:\/\/informebajio.com.mx\/index.php?rest_route=%2Fwp%2Fv2%2Fcomments&post=11095"}],"version-history":[{"count":0,"href":"https:\/\/informebajio.com.mx\/index.php?rest_route=\/wp\/v2\/posts\/11095\/revisions"}],"wp:featuredmedia":[{"embeddable":true,"href":"https:\/\/informebajio.com.mx\/index.php?rest_route=\/wp\/v2\/media\/11096"}],"wp:attachment":[{"href":"https:\/\/informebajio.com.mx\/index.php?rest_route=%2Fwp%2Fv2%2Fmedia&parent=11095"}],"wp:term":[{"taxonomy":"category","embeddable":true,"href":"https:\/\/informebajio.com.mx\/index.php?rest_route=%2Fwp%2Fv2%2Fcategories&post=11095"},{"taxonomy":"post_tag","embeddable":true,"href":"https:\/\/informebajio.com.mx\/index.php?rest_route=%2Fwp%2Fv2%2Ftags&post=11095"}],"curies":[{"name":"wp","href":"https:\/\/api.w.org\/{rel}","templated":true}]}}