{"id":11101,"date":"2023-05-31T18:05:52","date_gmt":"2023-05-31T23:05:52","guid":{"rendered":"https:\/\/informebajio.com.mx\/?p=11101"},"modified":"2023-05-31T18:05:52","modified_gmt":"2023-05-31T23:05:52","slug":"inauguran-encuentro-de-artes-y-oficios-en-la-uaq","status":"publish","type":"post","link":"https:\/\/informebajio.com.mx\/?p=11101","title":{"rendered":"Inauguran encuentro de artes y oficios en la UAQ"},"content":{"rendered":"<div id=\"content-body-5851641-10148200\">\n<p><b>Estudiantes de la Escuela de <a href=\"https:\/\/www.elsoldesanjuandelrio.com.mx\/local\/artes-y-oficios-abre-convocatoria-2844342.html\" target=\"_self\" rel=\"Follow noopener\">Artes y Oficios <\/a><\/b>(EAO), de la <b>Universidad Aut\u00f3noma de Quer\u00e9taro<\/b> (UAQ), campus <b>San Juan del R\u00edo<\/b>, participaron en el <b>Primer Encuentro de Artes y Oficios <\/b>llevado a cabo en la explanada de rector\u00eda para exponer su talento.<\/p>\n<p>Para lo anterior, la rectora de la m\u00e1xima casa de estudios, <b>Teresa Garc\u00eda Gasca, inaugur\u00f3 el espacio <\/b>en el cual adem\u00e1s de los estudiantes del municipio sanjuanense, <b>tambi\u00e9n participaron de Toliman, mediante 15 stands <\/b>con productos resultados de su formaci\u00f3n en la instituci\u00f3n.<\/p>\n<p>Refiri\u00f3 que la EAO naci\u00f3 en 2015 con el prop\u00f3sito de consolidar el acercamiento de la Instituci\u00f3n con la sociedad, es por ello, que <b>reconoci\u00f3 a todas y todos quienes hacen a la Escuela lo que hoy es, por su dedicaci\u00f3n y esfuerzo.<\/b><\/p>\n<p><i>\u201cAtendemos a un sector de la poblaci\u00f3n que, sin estos programas de Artes y Oficios, no tendr\u00edamos la oportunidad y la Universidad debe tener alcance y espacio para todas las personas. Muchas gracias por su confianza y por estar presentes en este evento\u201d<\/i>, expres\u00f3.<\/p>\n<p>Asimismo, adelant\u00f3 que -previa aprobaci\u00f3n del Consejo Universitario- la Universidad<b> contar\u00e1 con el primer programa curricular de la Escuela de Artes y Oficios<\/b>, formando como t\u00e9cnicos en Carpinter\u00eda a los interesados.<\/p>\n<p>En su oportunidad, la coordinadora General de las escuelas de artes y oficios de la UAQ, Anelisse Yerett Oliveri Rivera, comparti\u00f3 que <b>esta muestra permite ver la magia y el trabajo que cada estudiante<\/b> desarrolla durante su formaci\u00f3n.<\/p>\n<p><i>\u201cEste es un esfuerzo conjunto, de todo el equipo de artes y oficios, que ha hecho hasta lo imposible porque este evento pueda suceder, que cada d\u00eda ustedes tengan movilidad, herramientas, los mejores maestros y los mejores espacios para que puedan seguir creciendo\u201d, <\/i>afirm\u00f3.<\/p>\n<p>Durante el protocolo, se entregaron diplomas a quienes concluyeron su formaci\u00f3n en los cursos de reposter\u00eda, dise\u00f1o de u\u00f1as y modas; tambi\u00e9n a las y los egresados de los talleres de carpinter\u00eda, dise\u00f1o de modas, dibujo y pintura y cer\u00e1mica.<\/p>\n<p><b>La Escuela de Artes y Oficios cuenta con m\u00e1s de 37 cursos disponibles<\/b> para la poblaci\u00f3n en general, entre ellos: mec\u00e1nica automotriz, carpinter\u00eda, cer\u00e1mica, dise\u00f1o de modas, serigraf\u00eda, dibujo y pintura, huertos y agricultura urbana, cosm\u00e9tica natural, marketing digital y modelado e impresi\u00f3n 3D.<\/p>\n<p><b>Los interesados en aprender un oficio o t\u00e9cnica art\u00edstica<\/b> para expandir habilidades, conocimientos y su formaci\u00f3n pueden contactar v\u00eda telef\u00f3nica al <b>442 192 12 00 Ext. 65521\/65522 en Quer\u00e9taro <\/b>y a la <b>Ext. 48060 en San Juan del R\u00edo<\/b>; v\u00eda Whatsapp al <b>442 269 85 45;<\/b> por correo electr\u00f3nico a <b>artesyoficios@uaq.edu.mx\/eaocomunica@uaq.edu.mx;<\/b> y por redes sociales, en <b>Facebook e Instagram.<\/b><\/p>\n<p><b>\u27a1\ufe0f <\/b><a href=\"https:\/\/oem.us16.list-manage.com\/subscribe?u=c04a811ee61dc85305bf7133b&amp;id=f1b85ee5bb\"><b>Suscr\u00edbete a nuestro Newsletter y recibe las notas m\u00e1s relevantes en tu correo<\/b><\/a><b\/><\/p>\n<p>La capacitaci\u00f3n que otorga la EAO se estructura en<b> m\u00f3dulos semestrales de 80 y 40 horas<\/b>, tanto en modalidad <b>presencial como virtual<\/b>. Al cierre del \u00faltimo semestre, este espacio registr\u00f3 una <b>plantilla de 720 personas en sus diferentes artes y oficios<\/b>, tan solo en los campus de Quer\u00e9taro, San Juan del R\u00edo y Landa de Matamoros.<\/p>\n<\/div>\n<p><script>(function(d, s, id) {\nvar js, fjs = d.getElementsByTagName(s)[0];\nif (d.getElementById(id)) return;\njs = d.createElement(s); js.id = id;\njs.src = 'https:\/\/connect.facebook.net\/es_LA\/sdk.js#xfbml=1&version=v3.2&appId=232029482016746&autoLogAppEvents=1';\nfjs.parentNode.insertBefore(js, fjs);\n}(document, 'script', 'facebook-jssdk'));\n<\/script><\/p>\n","protected":false},"excerpt":{"rendered":"<p>Estudiantes de la Escuela de Artes y Oficios (EAO), de la Universidad Aut\u00f3noma de Quer\u00e9taro (UAQ), campus San Juan del R\u00edo, participaron en el Primer Encuentro de Artes y Oficios llevado a cabo en la explanada de rector\u00eda para exponer su talento. Para lo anterior, la rectora de la m\u00e1xima casa de estudios, Teresa Garc\u00eda [&hellip;]<\/p>\n","protected":false},"author":2,"featured_media":11102,"comment_status":"","ping_status":"","sticky":false,"template":"","format":"standard","meta":{"_monsterinsights_skip_tracking":false,"_monsterinsights_sitenote_active":false,"_monsterinsights_sitenote_note":"","_monsterinsights_sitenote_category":0,"footnotes":""},"categories":[6],"tags":[],"class_list":["post-11101","post","type-post","status-publish","format-standard","has-post-thumbnail","hentry","category-san-juan-del-rio"],"_links":{"self":[{"href":"https:\/\/informebajio.com.mx\/index.php?rest_route=\/wp\/v2\/posts\/11101","targetHints":{"allow":["GET"]}}],"collection":[{"href":"https:\/\/informebajio.com.mx\/index.php?rest_route=\/wp\/v2\/posts"}],"about":[{"href":"https:\/\/informebajio.com.mx\/index.php?rest_route=\/wp\/v2\/types\/post"}],"author":[{"embeddable":true,"href":"https:\/\/informebajio.com.mx\/index.php?rest_route=\/wp\/v2\/users\/2"}],"replies":[{"embeddable":true,"href":"https:\/\/informebajio.com.mx\/index.php?rest_route=%2Fwp%2Fv2%2Fcomments&post=11101"}],"version-history":[{"count":0,"href":"https:\/\/informebajio.com.mx\/index.php?rest_route=\/wp\/v2\/posts\/11101\/revisions"}],"wp:featuredmedia":[{"embeddable":true,"href":"https:\/\/informebajio.com.mx\/index.php?rest_route=\/wp\/v2\/media\/11102"}],"wp:attachment":[{"href":"https:\/\/informebajio.com.mx\/index.php?rest_route=%2Fwp%2Fv2%2Fmedia&parent=11101"}],"wp:term":[{"taxonomy":"category","embeddable":true,"href":"https:\/\/informebajio.com.mx\/index.php?rest_route=%2Fwp%2Fv2%2Fcategories&post=11101"},{"taxonomy":"post_tag","embeddable":true,"href":"https:\/\/informebajio.com.mx\/index.php?rest_route=%2Fwp%2Fv2%2Ftags&post=11101"}],"curies":[{"name":"wp","href":"https:\/\/api.w.org\/{rel}","templated":true}]}}