{"id":11120,"date":"2023-05-31T20:10:47","date_gmt":"2023-06-01T01:10:47","guid":{"rendered":"https:\/\/informebajio.com.mx\/?p=11120"},"modified":"2023-05-31T20:10:47","modified_gmt":"2023-06-01T01:10:47","slug":"federacion-debe-blindar-al-estado-gustavo-de-hoyos","status":"publish","type":"post","link":"https:\/\/informebajio.com.mx\/?p=11120","title":{"rendered":"Federaci\u00f3n debe blindar al estado:\u00a0Gustavo de Hoyos"},"content":{"rendered":"<div id=\"content-body-5851641-10146473\">\n<p><b>CELAYA, Gto. (OEM-Informex).-<\/b> \u201cLa posici\u00f3n de <b>Guanajuato<\/b> la hace muy atractiva para los <b>negocios,<\/b> pero tambi\u00e9n para las <b>actividades il\u00edcitas<\/b>\u201d, asegur\u00f3 <b>Gustavo de Hoyos Walther,<\/b> ex presidente de la Confederaci\u00f3n Patronal de la Rep\u00fablica Mexicana <b>(COPARMEX),<\/b> quien destac\u00f3 que el estado es un ejemplo para el pa\u00eds en materia de <b>desarrollo econ\u00f3mico,<\/b> ya que gracias a la visi\u00f3n tan acertada que ha tenido en este tema, es que ha logrado concretar el desarrollo industrial, de manera especial, en la zona del baj\u00edo, por tal motivo, considera importante que <b>\u201cel gobierno federal blinde a toda costa a una entidad como esta\u201d.<\/b><\/p>\n<p><b><a href=\"http:\/\/oem.pressreader.com\/el-sol-de-bajio\" target=\"_self\" rel=\"Follow noopener\">\u27a1\ufe0fSuscr\u00edbete a nuestra edici\u00f3n digital<\/a><\/b><\/p>\n<p><b>Gustavo de Hoyos, <\/b>durante la reuni\u00f3n que sostuvo con los empresarios del Consejo Coordinador Empresarial de Celaya <b>(CCEC), <\/b>destac\u00f3 que muchos estados del pa\u00eds deben aprender todo lo que en <b>Guanajuato <\/b>se ha hecho en el tema de desarrollo econ\u00f3mico. <\/p>\n<p>Por otra parte, reconoci\u00f3 que de acuerdo con los datos del Consejo Nacional de Evaluaci\u00f3n de la Pol\u00edtica de Desarrollo Social <b>(CONEVAL),<\/b> hay n\u00facleos importantes en los \u00e1mbitos urbanos del estado y, aunque s\u00ed se tienen empleos, los niveles salariales no permiten una vida arm\u00f3nica, por lo que, existe un gran desaf\u00edo para que las empresas puedan evolucionar a procesos industriales de mayor valor agregado, para que los trabajos tengan mejor remuneraci\u00f3n.<\/p>\n<p>En el caso de la <b>inseguridad,<\/b> dijo, lo que ha determinado que exista <b>violencia en el pa\u00eds,<\/b> son los problemas de origen local, que a los gobiernos les ha faltado tomar decisiones oportunas, a veces de continuidad, del cese de funcionarios, de cambios de pol\u00edticas y, de manera especial, el abandono del gobierno federal al <b>combate al crimen organizado.<\/b><\/p>\n<p>Considera que de acuerdo a la posici\u00f3n que tiene <b>Guanajuato,<\/b> el gobierno federal debe blindar a toda costa la entidad, por lo que, m\u00e1s all\u00e1 de las preferencias pol\u00edticas de la poblaci\u00f3n y de los impuestos que paga, debe recibir m\u00e1s inversi\u00f3n, ya que la que recibe queda mucho a deber.<\/p>\n<p><b>\u201cPor eso la lucha en contra de este fen\u00f3meno delictivo de inseguridad es algo que tiene que ir mucho m\u00e1s all\u00e1, con mucha planeaci\u00f3n, estudio cient\u00edfico y dinero. Se requieren m\u00e1s recursos para que la delincuencia, aquella que afecta la seguridad cotidiana, la seguridad de las mujeres y la seguridad regional y nacional pueda ser combatida a fondo\u201d. <\/b><\/p>\n<p>Mencion\u00f3 que para combatir la <b>extorsi\u00f3n y el cobro de piso,<\/b> es necesario la <b>cero tolerancia,<\/b> ya que no se debe permitir que sean presa del <b>crimen organizado<\/b> las grandes empresas y el peque\u00f1o comerciante. <\/p>\n<p>Por otro lado, anunci\u00f3 que, aunque no est\u00e1 afiliado a alg\u00fan partido pol\u00edtico, tiene la aspiraci\u00f3n de encabezar la candidatura presidencial del conjunto de los partidos en la oposici\u00f3n integrado por el Partido Acci\u00f3n Nacional <b>(PAN),<\/b> el Partido Revolucionario Institucional <b>(PRI),<\/b> Partido de la Revoluci\u00f3n Democr\u00e1tica <b>(PRD)<\/b> y el Partido Movimiento Ciudadano <b>(MC).<\/b> <\/p>\n<p><b>Su vocaci\u00f3n, indic\u00f3, es estar m\u00e1s con la sociedad civil que de los partidos pol\u00edticos<\/b>, sin embargo, al ser los segundos figuras indispensables para la vida democr\u00e1tica del pa\u00eds, considera importante que cambien de manera profunda para lograr rescatar la confianza de los ciudadanos. <\/p>\n<p><b>\u201cNo estoy construyendo una candidatura independiente que pretenda registrarse, obtener la posibilidad de competir ajeno a los partidos, yo creo que son momentos de unidad y se requiere que haya una candidatura respaldada por cuatro partidos, el PAN, PRI, PRD y MC, que sea producto de un proceso abierto, democr\u00e1tico y que al final del camino permita congregar en unidad a todos los que pensamos que el pa\u00eds requiere una alternancia que no sea de todo o nada, sino que tome lo mejor del presente y pueda levantar la mirada y construir un mejor futuro para el pa\u00eds\u201d. <\/b><\/p>\n<p>En caso de que no se de la <b>coalici\u00f3n,<\/b> dijo, hay posibilidad de que se pueda mantener el gobierno del actual r\u00e9gimen y la posibilidad de alternancia se hace m\u00e1s lejana, por tal motivo, indica que es importante que <b>los ciudadanos sepan que no deben decidir por tanto partido, sino por un proyecto distinto del pa\u00eds.<\/b><\/p>\n<p>Finalmente, refiri\u00f3 que <b>es importante que se abra un espacio a quienes como \u00e9l no tienen un partido pol\u00edtico, pero s\u00ed las ganas, el conocimiento y el trabajo para lograr un cambio.<\/b><\/p>\n<\/div>\n<p><script>(function(d, s, id) {\nvar js, fjs = d.getElementsByTagName(s)[0];\nif (d.getElementById(id)) return;\njs = d.createElement(s); js.id = id;\njs.src = 'https:\/\/connect.facebook.net\/es_LA\/sdk.js#xfbml=1&version=v3.2&appId=899106460676237&autoLogAppEvents=1';\nfjs.parentNode.insertBefore(js, fjs);\n}(document, 'script', 'facebook-jssdk'));\n<\/script><\/p>\n","protected":false},"excerpt":{"rendered":"<p>CELAYA, Gto. (OEM-Informex).- \u201cLa posici\u00f3n de Guanajuato la hace muy atractiva para los negocios, pero tambi\u00e9n para las actividades il\u00edcitas\u201d, asegur\u00f3 Gustavo de Hoyos Walther, ex presidente de la Confederaci\u00f3n Patronal de la Rep\u00fablica Mexicana (COPARMEX), quien destac\u00f3 que el estado es un ejemplo para el pa\u00eds en materia de desarrollo econ\u00f3mico, ya que gracias [&hellip;]<\/p>\n","protected":false},"author":2,"featured_media":11121,"comment_status":"","ping_status":"","sticky":false,"template":"","format":"standard","meta":{"_monsterinsights_skip_tracking":false,"_monsterinsights_sitenote_active":false,"_monsterinsights_sitenote_note":"","_monsterinsights_sitenote_category":0,"footnotes":""},"categories":[8],"tags":[],"class_list":["post-11120","post","type-post","status-publish","format-standard","has-post-thumbnail","hentry","category-guanajuato"],"_links":{"self":[{"href":"https:\/\/informebajio.com.mx\/index.php?rest_route=\/wp\/v2\/posts\/11120","targetHints":{"allow":["GET"]}}],"collection":[{"href":"https:\/\/informebajio.com.mx\/index.php?rest_route=\/wp\/v2\/posts"}],"about":[{"href":"https:\/\/informebajio.com.mx\/index.php?rest_route=\/wp\/v2\/types\/post"}],"author":[{"embeddable":true,"href":"https:\/\/informebajio.com.mx\/index.php?rest_route=\/wp\/v2\/users\/2"}],"replies":[{"embeddable":true,"href":"https:\/\/informebajio.com.mx\/index.php?rest_route=%2Fwp%2Fv2%2Fcomments&post=11120"}],"version-history":[{"count":0,"href":"https:\/\/informebajio.com.mx\/index.php?rest_route=\/wp\/v2\/posts\/11120\/revisions"}],"wp:featuredmedia":[{"embeddable":true,"href":"https:\/\/informebajio.com.mx\/index.php?rest_route=\/wp\/v2\/media\/11121"}],"wp:attachment":[{"href":"https:\/\/informebajio.com.mx\/index.php?rest_route=%2Fwp%2Fv2%2Fmedia&parent=11120"}],"wp:term":[{"taxonomy":"category","embeddable":true,"href":"https:\/\/informebajio.com.mx\/index.php?rest_route=%2Fwp%2Fv2%2Fcategories&post=11120"},{"taxonomy":"post_tag","embeddable":true,"href":"https:\/\/informebajio.com.mx\/index.php?rest_route=%2Fwp%2Fv2%2Ftags&post=11120"}],"curies":[{"name":"wp","href":"https:\/\/api.w.org\/{rel}","templated":true}]}}