{"id":11126,"date":"2023-05-31T21:20:31","date_gmt":"2023-06-01T02:20:31","guid":{"rendered":"https:\/\/informebajio.com.mx\/?p=11126"},"modified":"2023-05-31T21:20:31","modified_gmt":"2023-06-01T02:20:31","slug":"cortazar-se-prepara-para-las-fiestas-de-corpus-christi-2023-esta-es-la-programacion-completa","status":"publish","type":"post","link":"https:\/\/informebajio.com.mx\/?p=11126","title":{"rendered":"Cortazar se prepara para las Fiestas de Corpus Christi 2023: esta es la programaci\u00f3n completa"},"content":{"rendered":"<div id=\"content-body-5851641-10149115\">\n<p>CORTAZAR, Gto.- (OEM-Informex).- Fue presentado el programa de las tradicionales <b>Fiestas de Corpus Christi 2023<\/b>, las que adem\u00e1s de su contenido religioso y ceras escamadas artesanales, incluye la realizaci\u00f3n de la <b>Expo Feria Ganadera<\/b>, con pabell\u00f3n gastro artesanal, <b>juegos mec\u00e1nicos<\/b>, <b>exhibici\u00f3n de ganado<\/b> bovino, ovino, caprino y porcino, mini granja y talleres para capacitaci\u00f3n.<\/p>\n<p><b><a rel=\"Follow noopener\" target=\"_self\" href=\"http:\/\/oem.pressreader.com\/el-sol-de-bajio\">Suscr\u00edbete a nuestra edici\u00f3n digital<\/a><\/b><\/p>\n<p>Para el efecto se realiz\u00f3 una rueda de prensa con la participaci\u00f3n del secretario de Desarrollo Agroalimentario <b>Paulo Ba\u00f1uelos<\/b>, el alcalde<b> Ariel Corona<\/b>, el secretario del Ayuntamiento <b>Alejandro Perea<\/b>, el director de Desarrollo Rural <b>Andr\u00e9s Ojeda Preciado<\/b>, el p\u00e1rroco de San Jos\u00e9 <b>fray Orlando G\u00f3mez<\/b> y <b>\u00c1lvaro Montoya<\/b>, presidente de la Asociaci\u00f3n Ganadera local.<\/p>\n<p>Al dar la bienvenida, el alcalde destac\u00f3 los recuerdos que hacen los gremios en de esta festividad de <b>Corpus Christi<\/b>, quisimos no solo mantener esta tradici\u00f3n viva, sino a\u00f1adirle algo tambi\u00e9n que era muy solicitado por gente de Cortazar y que era rescatar la tradici\u00f3n de las ferias ganaderas.<\/p>\n<p>Coment\u00f3 que cuando lo hablaron con los ganaderos locales, se estimaba un <b>presupuesto de 50 mil pesos<\/b> y al solicitar el apoyo del secretario Paulo Ba\u00f1uelos, <b>ser\u00e1n 900 mil pesos los que aporte el estado<\/b>, m\u00e1s el<b> recurso municipal por 144 mil pesos<\/b>, tambi\u00e9n extern\u00f3 la disposici\u00f3n del Ayuntamiento para apoyar la parte religiosa para que siga teniendo auge.<\/p>\n<p><b>Te puede interesar: <a rel=\"Follow noopener\" target=\"_self\" href=\"https:\/\/www.elsoldelbajio.com.mx\/local\/cumplio-las-expectativas-la-caminata-sobre-prevencion-del-maltrato-animal-en-cortazar-10138669.html\">Cumpli\u00f3 las expectativas la Caminata sobre prevenci\u00f3n del maltrato animal en Cortazar<\/a><\/b><\/p>\n<p>El p\u00e1rroco por su parte dio a conocer el<b> programa de peregrinaciones<\/b> de los que le toca una determinada fecha a cada gremio: Campesinos comunidades y agricultores el d\u00eda 7, Alba\u00f1iles plomeros y electricistas el 8, Herreros, torneros mec\u00e1nicos y carpinteros el d\u00eda 9, Tortilleros, asociaciones y grupos parroquiales el d\u00eda 10, Panaderos, estilistas, aseadores de calzado y estibadores el d\u00eda 11, Arrieros, chiveros, y asociaciones charras el 12, Choferes y transportistas el d\u00eda 13,Comerciantes y tablajeros el 14, Ayuntamiento, empleados, deportistas y escuelas el d\u00eda 15 y Tomateros y lechugueros el 16, <b>no se permitir\u00e1 alcohol ni m\u00fasica ruidosa<\/b>, y se pidi\u00f3 a quienes participen que no lleven objetos peligrosos. <\/p>\n<p>Andr\u00e9 Ojeda Preciado dio a conocer que el Expo Ganadera se tendr\u00e1 una zona de exposici\u00f3n de ganado, complement\u00e1ndola con <b>expositores agropecuarios<\/b>, tambi\u00e9n un \u00e1rea artesanal en el que se contar\u00e1 con<b> 80 expositores de artesan\u00edas y comidas<\/b>.<\/p>\n<p>Habr\u00e1 una zona de comedor y de representaciones art\u00edsticas en la que se fomentar\u00e1 el talento local de los cortazarenses, las presentaciones ser\u00e1n a las 5:00, 6:30 y 8:00 de la noche durante los 4 d\u00edas de la feria.<\/p>\n<p>Habr\u00e1 <b>juegos mec\u00e1nicos<\/b> donde se contar\u00e1 con cinco juegos para adultos y m\u00e1s de seis juegos para ni\u00f1os, aqu\u00ed se podr\u00e1 adquirir paquetes de boletos de <b>cuatro boletos a 100 pesos <\/b>para subir a los juegos, la entrada a la feria es absolutamente <b>gratuita<\/b>, el horario de la zona Ganadera ser\u00e1 de las 8:00 de la ma\u00f1ana a las 6:00 de la tarde, se tendr\u00e1n en el pabell\u00f3n ganadero <b>120 ejemplares sementales,<\/b> con especies como bovinos, ovinos y caprinos, tambi\u00e9n y siguiendo la recomendaci\u00f3n zoosanitaria, habr\u00e1 cat\u00e1logos para porcinos.<\/p>\n<p>Se contar\u00e1 tambi\u00e9n con especies de <b>mini granja<\/b> en donde se contemplar\u00e1n algunos animales para los peque\u00f1ines, tambi\u00e9n habr\u00e1 pabell\u00f3n con equinos, se contar\u00e1 adem\u00e1s con stand de equipamiento y productos agropecuarios en donde son necesarios para el buen manejo de las unidades de producci\u00f3n.<\/p>\n<p> El secretario Paulo Ba\u00f1uelos extern\u00f3 que \u201cyo les puedo asegurar que va a venir mucha gente de toda la regi\u00f3n Laja Baj\u00edo\u201d, y anunci\u00f3 que petici\u00f3n de los ganaderos de Cortazar se aperturar\u00e1 ventanilla solo para sementales sino tambi\u00e9n para vientres porcinos, \u201cno hay ning\u00fan problema porque para eso estamos, para apoyar precisamente un sector tan importante que es el agroalimentario. Ning\u00fan otro gobierno apoya la mejora gen\u00e9tica como lo hace el gobierno del estado, hoy les puedo asegurar que de Cortazar se va a venir mucha gente porque tienen una actividad porc\u00edcola muy importante, vamos a abrir ventanilla para que las mujeres y hombres se lleven su ejemplar, su semental, y paguen \u00fanicamente la diferencia del costo del mismo\u201d.<\/p>\n<\/div>\n<p><script>(function(d, s, id) {\nvar js, fjs = d.getElementsByTagName(s)[0];\nif (d.getElementById(id)) return;\njs = d.createElement(s); js.id = id;\njs.src = 'https:\/\/connect.facebook.net\/es_LA\/sdk.js#xfbml=1&version=v3.2&appId=899106460676237&autoLogAppEvents=1';\nfjs.parentNode.insertBefore(js, fjs);\n}(document, 'script', 'facebook-jssdk'));\n<\/script><\/p>\n","protected":false},"excerpt":{"rendered":"<p>CORTAZAR, Gto.- (OEM-Informex).- Fue presentado el programa de las tradicionales Fiestas de Corpus Christi 2023, las que adem\u00e1s de su contenido religioso y ceras escamadas artesanales, incluye la realizaci\u00f3n de la Expo Feria Ganadera, con pabell\u00f3n gastro artesanal, juegos mec\u00e1nicos, exhibici\u00f3n de ganado bovino, ovino, caprino y porcino, mini granja y talleres para capacitaci\u00f3n. Suscr\u00edbete [&hellip;]<\/p>\n","protected":false},"author":2,"featured_media":11127,"comment_status":"","ping_status":"","sticky":false,"template":"","format":"standard","meta":{"_monsterinsights_skip_tracking":false,"_monsterinsights_sitenote_active":false,"_monsterinsights_sitenote_note":"","_monsterinsights_sitenote_category":0,"footnotes":""},"categories":[8],"tags":[],"class_list":["post-11126","post","type-post","status-publish","format-standard","has-post-thumbnail","hentry","category-guanajuato"],"_links":{"self":[{"href":"https:\/\/informebajio.com.mx\/index.php?rest_route=\/wp\/v2\/posts\/11126","targetHints":{"allow":["GET"]}}],"collection":[{"href":"https:\/\/informebajio.com.mx\/index.php?rest_route=\/wp\/v2\/posts"}],"about":[{"href":"https:\/\/informebajio.com.mx\/index.php?rest_route=\/wp\/v2\/types\/post"}],"author":[{"embeddable":true,"href":"https:\/\/informebajio.com.mx\/index.php?rest_route=\/wp\/v2\/users\/2"}],"replies":[{"embeddable":true,"href":"https:\/\/informebajio.com.mx\/index.php?rest_route=%2Fwp%2Fv2%2Fcomments&post=11126"}],"version-history":[{"count":0,"href":"https:\/\/informebajio.com.mx\/index.php?rest_route=\/wp\/v2\/posts\/11126\/revisions"}],"wp:featuredmedia":[{"embeddable":true,"href":"https:\/\/informebajio.com.mx\/index.php?rest_route=\/wp\/v2\/media\/11127"}],"wp:attachment":[{"href":"https:\/\/informebajio.com.mx\/index.php?rest_route=%2Fwp%2Fv2%2Fmedia&parent=11126"}],"wp:term":[{"taxonomy":"category","embeddable":true,"href":"https:\/\/informebajio.com.mx\/index.php?rest_route=%2Fwp%2Fv2%2Fcategories&post=11126"},{"taxonomy":"post_tag","embeddable":true,"href":"https:\/\/informebajio.com.mx\/index.php?rest_route=%2Fwp%2Fv2%2Ftags&post=11126"}],"curies":[{"name":"wp","href":"https:\/\/api.w.org\/{rel}","templated":true}]}}