{"id":11130,"date":"2023-05-31T22:52:24","date_gmt":"2023-06-01T03:52:24","guid":{"rendered":"https:\/\/informebajio.com.mx\/?p=11130"},"modified":"2023-05-31T22:52:24","modified_gmt":"2023-06-01T03:52:24","slug":"sabias-que-los-perros-negros-son-los-menos-adoptados-aqui-te-decimos-por-que","status":"publish","type":"post","link":"https:\/\/informebajio.com.mx\/?p=11130","title":{"rendered":"\u00bfSab\u00edas que los perros negros son los menos adoptados? \u00a1Aqu\u00ed! te decimos por qu\u00e9"},"content":{"rendered":"<div id=\"content-body-5851641-10140345\">\n<p><b>CELAYA, Gto. (OEM-Informex).-<\/b> Con el objetivo de <b>recaudar alimento y promover la adopci\u00f3n de perritos de color negro, \u201cporque son los que m\u00e1s tardan en adoptarse\u201d, el grupo \u201cCoraz\u00f3n Canino Celaya llev\u00f3 a cabo por primera ocasi\u00f3n el \u201cCanHijo Fest\u201d,<\/b> en las instalaciones del <b>Parque<\/b> <b>Lineal,<\/b> lugar donde cerca de <b>20 canes participaron en una pasarela,<\/b> pero <b>solo uno qued\u00f3 en proceso de adopci\u00f3n.<\/b><\/p>\n<p><b><a href=\"http:\/\/oem.pressreader.com\/el-sol-de-bajio\" target=\"_self\" rel=\"Follow noopener\">\u27a1\ufe0fSuscr\u00edbete a nuestra edici\u00f3n digital<\/a><\/b><\/p>\n<p><b>Sonia Hern\u00e1ndez,<\/b> presidenta del grupo <b>Coraz\u00f3n Canino Celaya,<\/b> explic\u00f3 que en este primer evento se recaudaron <b>20 bultos de croquetas de 20 kilos,<\/b> as\u00ed como otros <b>20 bultos de croquetas de dos<\/b> y <b>cuatro kilos<\/b>, los cuales fueron entregados al <b>Parque Lineal,<\/b> debido a que en el lugar tambi\u00e9n los rescatan y albergan.<\/p>\n<p><b>\u201cDurante el festival se hizo una pasarela de perritos negros de ambos sexos, de todas las edades y razas para dar en adopci\u00f3n, decidimos que fueran de este color porque son los que tardan m\u00e1s en adoptarse, como que hay cierta discriminaci\u00f3n con ellos. Aqu\u00ed tambi\u00e9n participaron compa\u00f1eras de otras asociaciones protectoras de animales, quienes llevaron los que ellas tienen en espera de hogar\u201d.<\/b><\/p>\n<p><b><br \/><\/b><\/p>\n<p><b>\u201cTristemente de los cerca de 20 canes que se pusieron en adopci\u00f3n, solo uno est\u00e1 en proceso de adopci\u00f3n. Creo que esto se debe a la falta de conciencia y responsabilidad, a que hay m\u00e1s perritos buscando un hogar y menos familias buscando una mascota y las personas que les gustan mucho los animales ya tienen hasta dos o tres perros y ya no est\u00e1n buscando adoptar otro\u201d.<\/b><\/p>\n<p><b><br \/><\/b><\/p>\n<p>De igual forma, mencion\u00f3 que una realidad, en <b>Celaya y todo el pa\u00eds,<\/b> es que existe mucho abandono y, es que, <b>en lugar de adoptar se deshacen de su mascota por diferentes motivos, <\/b>siendo los m\u00e1s comunes el <b>cambio de casa, embarazo y alergia,<\/b> por lo que, <b>terminan en la calle,<\/b> en las <b>perreras o en las asociaciones rescatistas.<\/b> <\/p>\n<p>Por tal motivo, asegur\u00f3 que <b>\u201cpara dar en adopci\u00f3n a un perrito, lo que principalmente buscamos son hogares responsables, que la persona de verdad les vaya a dar una vida digna, que no solo los adopte por moda, por quedar bien o por salir en una foto. Queremos que adopten con el compromiso que conlleva el tener un perro por muchos a\u00f1os\u201d. <\/b><\/p>\n<p>Por otra parte, coment\u00f3 que las personas que acudieron al festival con sus perritos de color negro participaron en un <b>concurso de talento,<\/b> donde hubo tres primeros lugares, los cuales recibieron regalos por parte de los patrocinadores del evento. <\/p>\n<p>Espera que a finales de este a\u00f1o se lleve a cabo el <b>segundo CanHijo Fest<\/b> tambi\u00e9n en las instalaciones del <b>Parque Lineal.<\/b> Asimismo, anunci\u00f3 que el <b>pr\u00f3ximo 3 y 4 de junio,<\/b> se llevar\u00e1 a cabo una <b>campa\u00f1a de esterilizaci\u00f3n a bajo costo<\/b> para seguir evitando la sobrepoblaci\u00f3n de perros y gatos. <\/p>\n<p>Las personas interesadas en participar en la campa\u00f1a de esterilizaci\u00f3n o los que deseen adoptar un perrito, pueden comunicarse a trav\u00e9s de <b>la p\u00e1gina de Facebook: Coraz\u00f3n Canino Celaya, donde tambi\u00e9n podr\u00e1n encontrar las fotos de los caninos en adopci\u00f3n.<\/b><\/p>\n<\/div>\n<p><script>(function(d, s, id) {\nvar js, fjs = d.getElementsByTagName(s)[0];\nif (d.getElementById(id)) return;\njs = d.createElement(s); js.id = id;\njs.src = 'https:\/\/connect.facebook.net\/es_LA\/sdk.js#xfbml=1&version=v3.2&appId=899106460676237&autoLogAppEvents=1';\nfjs.parentNode.insertBefore(js, fjs);\n}(document, 'script', 'facebook-jssdk'));\n<\/script><\/p>\n","protected":false},"excerpt":{"rendered":"<p>CELAYA, Gto. (OEM-Informex).- Con el objetivo de recaudar alimento y promover la adopci\u00f3n de perritos de color negro, \u201cporque son los que m\u00e1s tardan en adoptarse\u201d, el grupo \u201cCoraz\u00f3n Canino Celaya llev\u00f3 a cabo por primera ocasi\u00f3n el \u201cCanHijo Fest\u201d, en las instalaciones del Parque Lineal, lugar donde cerca de 20 canes participaron en una [&hellip;]<\/p>\n","protected":false},"author":2,"featured_media":11131,"comment_status":"","ping_status":"","sticky":false,"template":"","format":"standard","meta":{"_monsterinsights_skip_tracking":false,"_monsterinsights_sitenote_active":false,"_monsterinsights_sitenote_note":"","_monsterinsights_sitenote_category":0,"footnotes":""},"categories":[8],"tags":[],"class_list":["post-11130","post","type-post","status-publish","format-standard","has-post-thumbnail","hentry","category-guanajuato"],"_links":{"self":[{"href":"https:\/\/informebajio.com.mx\/index.php?rest_route=\/wp\/v2\/posts\/11130","targetHints":{"allow":["GET"]}}],"collection":[{"href":"https:\/\/informebajio.com.mx\/index.php?rest_route=\/wp\/v2\/posts"}],"about":[{"href":"https:\/\/informebajio.com.mx\/index.php?rest_route=\/wp\/v2\/types\/post"}],"author":[{"embeddable":true,"href":"https:\/\/informebajio.com.mx\/index.php?rest_route=\/wp\/v2\/users\/2"}],"replies":[{"embeddable":true,"href":"https:\/\/informebajio.com.mx\/index.php?rest_route=%2Fwp%2Fv2%2Fcomments&post=11130"}],"version-history":[{"count":0,"href":"https:\/\/informebajio.com.mx\/index.php?rest_route=\/wp\/v2\/posts\/11130\/revisions"}],"wp:featuredmedia":[{"embeddable":true,"href":"https:\/\/informebajio.com.mx\/index.php?rest_route=\/wp\/v2\/media\/11131"}],"wp:attachment":[{"href":"https:\/\/informebajio.com.mx\/index.php?rest_route=%2Fwp%2Fv2%2Fmedia&parent=11130"}],"wp:term":[{"taxonomy":"category","embeddable":true,"href":"https:\/\/informebajio.com.mx\/index.php?rest_route=%2Fwp%2Fv2%2Fcategories&post=11130"},{"taxonomy":"post_tag","embeddable":true,"href":"https:\/\/informebajio.com.mx\/index.php?rest_route=%2Fwp%2Fv2%2Ftags&post=11130"}],"curies":[{"name":"wp","href":"https:\/\/api.w.org\/{rel}","templated":true}]}}