{"id":11132,"date":"2023-05-31T23:17:27","date_gmt":"2023-06-01T04:17:27","guid":{"rendered":"https:\/\/informebajio.com.mx\/?p=11132"},"modified":"2023-05-31T23:17:27","modified_gmt":"2023-06-01T04:17:27","slug":"con-la-totalidad-de-sus-integrantes-junta-de-gobierno-de-interapas-acuerda-dar-seguimiento-a-crisis-de-agua","status":"publish","type":"post","link":"https:\/\/informebajio.com.mx\/?p=11132","title":{"rendered":"CON LA TOTALIDAD DE SUS INTEGRANTES, JUNTA DE GOBIERNO DE INTERAPAS ACUERDA DAR SEGUIMIENTO A CRISIS DE AGUA"},"content":{"rendered":"<div>\n<p>En la Ducent\u00e9sima D\u00e9cima S\u00e9ptima Sesi\u00f3n Ordinaria del Organismo Intermunicipal participaron los tres Presidentes Municipales con participaci\u00f3n en el organismo.<\/p>\n<p>SLP.- Con la presencia de la Presidenta Municipal de Cerro de San Pedro, Abigail Nava Loredo; el Alcalde de San Luis Potos\u00ed, Enrique Galindo Ceballos y la Presidenta Municipal de Soledad de Graciano S\u00e1nchez, Leonor Noyola Cervantes; este martes se llev\u00f3 a cabo la Ducent\u00e9sima D\u00e9cima S\u00e9ptima Sesi\u00f3n Ordinaria de la Junta de Gobierno de Interapas, en la que se acord\u00f3 llevar a cabo una sesi\u00f3n extraordinaria para abordar temas y presentar avances relacionados a la crisis del agua en la Zona Metropolitana.  <\/p>\n<figure class=\"wp-block-image size-large\"><img loading=\"lazy\" decoding=\"async\" width=\"950\" height=\"634\" alt=\"\" srcset=\"https:\/\/laroja.com.mx\/wp-content\/uploads\/2023\/05\/IMG-20230531-WA0005-950x634.jpg 950w, https:\/\/laroja.com.mx\/wp-content\/uploads\/2023\/05\/IMG-20230531-WA0005-600x400.jpg 600w, https:\/\/laroja.com.mx\/wp-content\/uploads\/2023\/05\/IMG-20230531-WA0005-150x100.jpg 150w, https:\/\/laroja.com.mx\/wp-content\/uploads\/2023\/05\/IMG-20230531-WA0005.jpg 1024w\" src=\"https:\/\/laroja.com.mx\/wp-content\/uploads\/2023\/05\/IMG-20230531-WA0005-950x634.jpg\" data-sizes=\"(max-width: 950px) 100vw, 950px\" class=\"wp-image-148522 lazyload\" bad-src=\"data:image\/gif;base64,R0lGODlhAQABAAAAACH5BAEKAAEALAAAAAABAAEAAAICTAEAOw==\"\/><noscript><img loading=\"lazy\" decoding=\"async\" width=\"950\" height=\"634\" src=\"https:\/\/laroja.com.mx\/wp-content\/uploads\/2023\/05\/IMG-20230531-WA0005-950x634.jpg\" alt=\"\" class=\"wp-image-148522\" srcset=\"https:\/\/laroja.com.mx\/wp-content\/uploads\/2023\/05\/IMG-20230531-WA0005-950x634.jpg 950w, https:\/\/laroja.com.mx\/wp-content\/uploads\/2023\/05\/IMG-20230531-WA0005-600x400.jpg 600w, https:\/\/laroja.com.mx\/wp-content\/uploads\/2023\/05\/IMG-20230531-WA0005-150x100.jpg 150w, https:\/\/laroja.com.mx\/wp-content\/uploads\/2023\/05\/IMG-20230531-WA0005.jpg 1024w\" sizes=\"auto, (max-width: 950px) 100vw, 950px\"\/><\/noscript><\/figure>\n<p>En la asamblea del \u00f3rgano de Gobierno, se aprobaron los estados financieros del mes de abril de 2023, en los que destaca la existencia de un equilibrio financiero en el organismo, en vista de no se han generado adeudos nuevos.  <\/p>\n<p>Asimismo se tom\u00f3 un acuerdo para que se env\u00ede a todos los integrantes de la junta el informe de gesti\u00f3n del \u00d3rgano Interno de Control para su an\u00e1lisis; se atendieron solicitudes presentadas ante el pleno por parte de las Presidentas de Soledad de Graciano y Cerro de San Pedro como la de proponer a los organizadores del Foro Estatal del Agua que el pr\u00f3ximo a\u00f1o se realice en \u00e9stos municipios este evento de car\u00e1cter estatal.<\/p>\n<figure class=\"is-layout-flex wp-block-gallery-1 wp-block-gallery has-nested-images columns-default is-cropped\">\n<figure class=\"wp-block-image size-large\"><img loading=\"lazy\" decoding=\"async\" width=\"950\" height=\"634\" data-id=\"148523\" alt=\"\" srcset=\"https:\/\/laroja.com.mx\/wp-content\/uploads\/2023\/05\/IMG-20230531-WA0004-950x634.jpg 950w, https:\/\/laroja.com.mx\/wp-content\/uploads\/2023\/05\/IMG-20230531-WA0004-600x400.jpg 600w, https:\/\/laroja.com.mx\/wp-content\/uploads\/2023\/05\/IMG-20230531-WA0004-150x100.jpg 150w, https:\/\/laroja.com.mx\/wp-content\/uploads\/2023\/05\/IMG-20230531-WA0004.jpg 1024w\" src=\"https:\/\/laroja.com.mx\/wp-content\/uploads\/2023\/05\/IMG-20230531-WA0004-950x634.jpg\" data-sizes=\"(max-width: 950px) 100vw, 950px\" class=\"wp-image-148523 lazyload\" bad-src=\"data:image\/gif;base64,R0lGODlhAQABAAAAACH5BAEKAAEALAAAAAABAAEAAAICTAEAOw==\"\/><noscript><img loading=\"lazy\" decoding=\"async\" width=\"950\" height=\"634\" data-id=\"148523\" src=\"https:\/\/laroja.com.mx\/wp-content\/uploads\/2023\/05\/IMG-20230531-WA0004-950x634.jpg\" alt=\"\" class=\"wp-image-148523\" srcset=\"https:\/\/laroja.com.mx\/wp-content\/uploads\/2023\/05\/IMG-20230531-WA0004-950x634.jpg 950w, https:\/\/laroja.com.mx\/wp-content\/uploads\/2023\/05\/IMG-20230531-WA0004-600x400.jpg 600w, https:\/\/laroja.com.mx\/wp-content\/uploads\/2023\/05\/IMG-20230531-WA0004-150x100.jpg 150w, https:\/\/laroja.com.mx\/wp-content\/uploads\/2023\/05\/IMG-20230531-WA0004.jpg 1024w\" sizes=\"auto, (max-width: 950px) 100vw, 950px\"\/><\/noscript><\/figure>\n<figure class=\"wp-block-image size-large\"><img loading=\"lazy\" decoding=\"async\" width=\"950\" height=\"634\" data-id=\"148524\" alt=\"\" srcset=\"https:\/\/laroja.com.mx\/wp-content\/uploads\/2023\/05\/IMG-20230531-WA0002-950x634.jpg 950w, https:\/\/laroja.com.mx\/wp-content\/uploads\/2023\/05\/IMG-20230531-WA0002-600x400.jpg 600w, https:\/\/laroja.com.mx\/wp-content\/uploads\/2023\/05\/IMG-20230531-WA0002-150x100.jpg 150w, https:\/\/laroja.com.mx\/wp-content\/uploads\/2023\/05\/IMG-20230531-WA0002.jpg 1024w\" src=\"https:\/\/laroja.com.mx\/wp-content\/uploads\/2023\/05\/IMG-20230531-WA0002-950x634.jpg\" data-sizes=\"(max-width: 950px) 100vw, 950px\" class=\"wp-image-148524 lazyload\" bad-src=\"data:image\/gif;base64,R0lGODlhAQABAAAAACH5BAEKAAEALAAAAAABAAEAAAICTAEAOw==\"\/><noscript><img loading=\"lazy\" decoding=\"async\" width=\"950\" height=\"634\" data-id=\"148524\" src=\"https:\/\/laroja.com.mx\/wp-content\/uploads\/2023\/05\/IMG-20230531-WA0002-950x634.jpg\" alt=\"\" class=\"wp-image-148524\" srcset=\"https:\/\/laroja.com.mx\/wp-content\/uploads\/2023\/05\/IMG-20230531-WA0002-950x634.jpg 950w, https:\/\/laroja.com.mx\/wp-content\/uploads\/2023\/05\/IMG-20230531-WA0002-600x400.jpg 600w, https:\/\/laroja.com.mx\/wp-content\/uploads\/2023\/05\/IMG-20230531-WA0002-150x100.jpg 150w, https:\/\/laroja.com.mx\/wp-content\/uploads\/2023\/05\/IMG-20230531-WA0002.jpg 1024w\" sizes=\"auto, (max-width: 950px) 100vw, 950px\"\/><\/noscript><\/figure>\n<\/figure>\n<p>La sesi\u00f3n alcanz\u00f3 el qu\u00f3rum legal, con la presencia del Director General del Interapas, Jos\u00e9 Antonio Lugo \u00c1lvarez; el Director General de la Comisi\u00f3n Estatal del Agua, Benjam\u00edn P\u00e9rez \u00c1lvarez; los regidores: por la ciudad capital, Mar\u00eda de los \u00c1ngeles Hermosillo Casas; por Soledad de Graciano S\u00e1nchez, Jos\u00e9 Antonio Zamarripa Quintero y por Cerro de San Pedro, Eugenio Mart\u00ednez Alonso. <\/p>\n<figure class=\"wp-block-image size-large\"><img loading=\"lazy\" decoding=\"async\" width=\"950\" height=\"634\" alt=\"\" srcset=\"https:\/\/laroja.com.mx\/wp-content\/uploads\/2023\/05\/IMG-20230531-WA0003-950x634.jpg 950w, https:\/\/laroja.com.mx\/wp-content\/uploads\/2023\/05\/IMG-20230531-WA0003-600x400.jpg 600w, https:\/\/laroja.com.mx\/wp-content\/uploads\/2023\/05\/IMG-20230531-WA0003-150x100.jpg 150w, https:\/\/laroja.com.mx\/wp-content\/uploads\/2023\/05\/IMG-20230531-WA0003.jpg 1024w\" src=\"https:\/\/laroja.com.mx\/wp-content\/uploads\/2023\/05\/IMG-20230531-WA0003-950x634.jpg\" data-sizes=\"(max-width: 950px) 100vw, 950px\" class=\"wp-image-148525 lazyload\" bad-src=\"data:image\/gif;base64,R0lGODlhAQABAAAAACH5BAEKAAEALAAAAAABAAEAAAICTAEAOw==\"\/><noscript><img loading=\"lazy\" decoding=\"async\" width=\"950\" height=\"634\" src=\"https:\/\/laroja.com.mx\/wp-content\/uploads\/2023\/05\/IMG-20230531-WA0003-950x634.jpg\" alt=\"\" class=\"wp-image-148525\" srcset=\"https:\/\/laroja.com.mx\/wp-content\/uploads\/2023\/05\/IMG-20230531-WA0003-950x634.jpg 950w, https:\/\/laroja.com.mx\/wp-content\/uploads\/2023\/05\/IMG-20230531-WA0003-600x400.jpg 600w, https:\/\/laroja.com.mx\/wp-content\/uploads\/2023\/05\/IMG-20230531-WA0003-150x100.jpg 150w, https:\/\/laroja.com.mx\/wp-content\/uploads\/2023\/05\/IMG-20230531-WA0003.jpg 1024w\" sizes=\"auto, (max-width: 950px) 100vw, 950px\"\/><\/noscript><\/figure>\n<p>Estuvieron presentes por parte del Consejo Consultivo del organismo Francisco Correa Viramontes, Fernando D\u00edaz de Le\u00f3n Hern\u00e1ndez y Pedro Mart\u00ednez Abaroa. <\/p>\n<figure class=\"wp-block-image size-large\"><img loading=\"lazy\" decoding=\"async\" width=\"950\" height=\"634\" alt=\"\" srcset=\"https:\/\/laroja.com.mx\/wp-content\/uploads\/2023\/05\/IMG-20230531-WA0006-950x634.jpg 950w, https:\/\/laroja.com.mx\/wp-content\/uploads\/2023\/05\/IMG-20230531-WA0006-600x400.jpg 600w, https:\/\/laroja.com.mx\/wp-content\/uploads\/2023\/05\/IMG-20230531-WA0006-150x100.jpg 150w, https:\/\/laroja.com.mx\/wp-content\/uploads\/2023\/05\/IMG-20230531-WA0006.jpg 1024w\" src=\"https:\/\/laroja.com.mx\/wp-content\/uploads\/2023\/05\/IMG-20230531-WA0006-950x634.jpg\" data-sizes=\"(max-width: 950px) 100vw, 950px\" class=\"wp-image-148526 lazyload\" bad-src=\"data:image\/gif;base64,R0lGODlhAQABAAAAACH5BAEKAAEALAAAAAABAAEAAAICTAEAOw==\"\/><noscript><img loading=\"lazy\" decoding=\"async\" width=\"950\" height=\"634\" src=\"https:\/\/laroja.com.mx\/wp-content\/uploads\/2023\/05\/IMG-20230531-WA0006-950x634.jpg\" alt=\"\" class=\"wp-image-148526\" srcset=\"https:\/\/laroja.com.mx\/wp-content\/uploads\/2023\/05\/IMG-20230531-WA0006-950x634.jpg 950w, https:\/\/laroja.com.mx\/wp-content\/uploads\/2023\/05\/IMG-20230531-WA0006-600x400.jpg 600w, https:\/\/laroja.com.mx\/wp-content\/uploads\/2023\/05\/IMG-20230531-WA0006-150x100.jpg 150w, https:\/\/laroja.com.mx\/wp-content\/uploads\/2023\/05\/IMG-20230531-WA0006.jpg 1024w\" sizes=\"auto, (max-width: 950px) 100vw, 950px\"\/><\/noscript><\/figure>\n<\/div>\n<p><\/p>\n","protected":false},"excerpt":{"rendered":"<p>En la Ducent\u00e9sima D\u00e9cima S\u00e9ptima Sesi\u00f3n Ordinaria del Organismo Intermunicipal participaron los tres Presidentes Municipales con participaci\u00f3n en el organismo. SLP.- Con la presencia de la Presidenta Municipal de Cerro de San Pedro, Abigail Nava Loredo; el Alcalde de San Luis Potos\u00ed, Enrique Galindo Ceballos y la Presidenta Municipal de Soledad de Graciano S\u00e1nchez, Leonor [&hellip;]<\/p>\n","protected":false},"author":2,"featured_media":11133,"comment_status":"","ping_status":"","sticky":false,"template":"","format":"standard","meta":{"_monsterinsights_skip_tracking":false,"_monsterinsights_sitenote_active":false,"_monsterinsights_sitenote_note":"","_monsterinsights_sitenote_category":0,"footnotes":""},"categories":[5],"tags":[],"class_list":["post-11132","post","type-post","status-publish","format-standard","has-post-thumbnail","hentry","category-san-luis-potosi"],"_links":{"self":[{"href":"https:\/\/informebajio.com.mx\/index.php?rest_route=\/wp\/v2\/posts\/11132","targetHints":{"allow":["GET"]}}],"collection":[{"href":"https:\/\/informebajio.com.mx\/index.php?rest_route=\/wp\/v2\/posts"}],"about":[{"href":"https:\/\/informebajio.com.mx\/index.php?rest_route=\/wp\/v2\/types\/post"}],"author":[{"embeddable":true,"href":"https:\/\/informebajio.com.mx\/index.php?rest_route=\/wp\/v2\/users\/2"}],"replies":[{"embeddable":true,"href":"https:\/\/informebajio.com.mx\/index.php?rest_route=%2Fwp%2Fv2%2Fcomments&post=11132"}],"version-history":[{"count":0,"href":"https:\/\/informebajio.com.mx\/index.php?rest_route=\/wp\/v2\/posts\/11132\/revisions"}],"wp:featuredmedia":[{"embeddable":true,"href":"https:\/\/informebajio.com.mx\/index.php?rest_route=\/wp\/v2\/media\/11133"}],"wp:attachment":[{"href":"https:\/\/informebajio.com.mx\/index.php?rest_route=%2Fwp%2Fv2%2Fmedia&parent=11132"}],"wp:term":[{"taxonomy":"category","embeddable":true,"href":"https:\/\/informebajio.com.mx\/index.php?rest_route=%2Fwp%2Fv2%2Fcategories&post=11132"},{"taxonomy":"post_tag","embeddable":true,"href":"https:\/\/informebajio.com.mx\/index.php?rest_route=%2Fwp%2Fv2%2Ftags&post=11132"}],"curies":[{"name":"wp","href":"https:\/\/api.w.org\/{rel}","templated":true}]}}