{"id":11138,"date":"2023-06-01T00:06:37","date_gmt":"2023-06-01T05:06:37","guid":{"rendered":"https:\/\/informebajio.com.mx\/?p=11138"},"modified":"2023-06-01T00:06:37","modified_gmt":"2023-06-01T05:06:37","slug":"realizaron-festival-de-arte-y-cultura-en-pedro-escobedo","status":"publish","type":"post","link":"https:\/\/informebajio.com.mx\/?p=11138","title":{"rendered":"Realizaron festival de arte y cultura en Pedro Escobedo"},"content":{"rendered":"<div id=\"content-body-5851641-10129577\">\n<p>Con la participaci\u00f3n de <b>84 j\u00f3venes de 12 plateles del Centro de Estudios Cient\u00edficos y Tecnol\u00f3gicos del Estado de Quer\u00e9taro<\/b> (Cecyteq), el municipio de <b><a href=\"https:\/\/www.elsoldesanjuandelrio.com.mx\/local\/inician-ruta-de-educacion-tecnologica-en-escobedo-8434196.html\" target=\"_self\" rel=\"Follow noopener\">Pedro Escobedo<\/a><\/b> fue la sede del<b> XXI Festival de Arte y Cultura<\/b>, un evento que tuvo como objetivo <b>fomentar el talento art\u00edstico de los estudiantes<\/b>, as\u00ed como impulsar su formaci\u00f3n integral.<\/p>\n<p>De acuerdo con informaci\u00f3n compartida, el festival <b>se llev\u00f3 a cabo en las inmediaciones del Jard\u00edn \u00c1lvaro Tejeida<\/b>. En \u00e9l se dieron cita los alumnos provenientes de los diferentes municipios para <b>participar y competir en ocho disciplinas<\/b>, a trav\u00e9s de las cuales demostraron sus talentos y habilidades. <b>Las categor\u00edas<\/b> que se tuvieron fueron <b>cuento corto, poes\u00eda, declamaci\u00f3n, oratoria, canto, escultura, pintura y ajedrez. <\/b><\/p>\n<p>Ahora bien, durante su intervenci\u00f3n, el presidente municipal, <b>Amarildo B\u00e1rcenas Res\u00e9ndiz<\/b>, destac\u00f3 que la educaci\u00f3n es fundamental para el desarrollo de cualquier comunidad o municipio. Adem\u00e1s, destac\u00f3 que <b>la cultura y las artes son elementos esenciales para el crecimiento y formaci\u00f3n del alumnado. <\/b><\/p>\n<p>Asimismo, apunt\u00f3 que con las inversiones que est\u00e1n llegando a la demarcaci\u00f3n s<b>e abre una ventana para que los j\u00f3venes encuentren una oportunidad de empleo<\/b>, pues record\u00f3 que en a\u00f1os anteriores Pedro Escobedo era una fuente de recursos humanos para empresas de otros municipios. <\/p>\n<p><i>\u201cEste gobierno s\u00ed est\u00e1 trabajando por el presente y futuro de Pedro Escobedo, porque antes \u00e9ramos fuente de recursos humanos de otros municipios (\u2026). Hoy me preocupa que la juventud de Pedro Escobedo siga estudiando, porque nos dar\u00eda mucho gusto que, por qu\u00e9 no, que los altos directivos en estas empresas que est\u00e1n llegando sean alguno de ustedes\u201d,<\/i> coment\u00f3. <\/p>\n<p>En ese sentido, <b>puntualiz\u00f3<\/b> que una muestra de su compromiso con la educaci\u00f3n han sido las inversiones que se han realizado en las tres instituciones de media superior que hay en la demarcaci\u00f3n. Adem\u00e1s, adelant\u00f3 que durante<b> el pr\u00f3ximo mes se realizar\u00e1 la entrega de equipamiento y mobiliario al Cecyteq Pedro Escobedo. <\/b><\/p>\n<p>Refiri\u00f3 que de igual forma s<b>e apoyan a los alumnos de educaci\u00f3n superior<\/b>, tal y como sucedi\u00f3 hace unas semanas, cuando el Gobierno Municipal entreg\u00f3 herramientas tecnol\u00f3gicas a 15 j\u00f3venes escobedenses con mejor promedios de la Universidad Tecnol\u00f3gica de San Juan del R\u00edo.<\/p>\n<p><b>\u27a1\ufe0f <\/b><a href=\"https:\/\/oem.us16.list-manage.com\/subscribe?u=c04a811ee61dc85305bf7133b&amp;id=f1b85ee5bb\"><b>Suscr\u00edbete a nuestro Newsletter y recibe las notas m\u00e1s relevantes en tu correo<\/b><\/a><\/p>\n<p>Finalmente, durante XXI Festival de Arte y Cultura, <b>los estudiantes participantes fueron apoyados por 51 asesores y calificados<\/b> por un jurado conformado por <b>22 especialistas en las diversas \u00e1reas.<\/b><\/p>\n<\/div>\n<p><script>(function(d, s, id) {\nvar js, fjs = d.getElementsByTagName(s)[0];\nif (d.getElementById(id)) return;\njs = d.createElement(s); js.id = id;\njs.src = 'https:\/\/connect.facebook.net\/es_LA\/sdk.js#xfbml=1&version=v3.2&appId=232029482016746&autoLogAppEvents=1';\nfjs.parentNode.insertBefore(js, fjs);\n}(document, 'script', 'facebook-jssdk'));\n<\/script><\/p>\n","protected":false},"excerpt":{"rendered":"<p>Con la participaci\u00f3n de 84 j\u00f3venes de 12 plateles del Centro de Estudios Cient\u00edficos y Tecnol\u00f3gicos del Estado de Quer\u00e9taro (Cecyteq), el municipio de Pedro Escobedo fue la sede del XXI Festival de Arte y Cultura, un evento que tuvo como objetivo fomentar el talento art\u00edstico de los estudiantes, as\u00ed como impulsar su formaci\u00f3n integral. [&hellip;]<\/p>\n","protected":false},"author":2,"featured_media":11139,"comment_status":"","ping_status":"","sticky":false,"template":"","format":"standard","meta":{"_monsterinsights_skip_tracking":false,"_monsterinsights_sitenote_active":false,"_monsterinsights_sitenote_note":"","_monsterinsights_sitenote_category":0,"footnotes":""},"categories":[6],"tags":[],"class_list":["post-11138","post","type-post","status-publish","format-standard","has-post-thumbnail","hentry","category-san-juan-del-rio"],"_links":{"self":[{"href":"https:\/\/informebajio.com.mx\/index.php?rest_route=\/wp\/v2\/posts\/11138","targetHints":{"allow":["GET"]}}],"collection":[{"href":"https:\/\/informebajio.com.mx\/index.php?rest_route=\/wp\/v2\/posts"}],"about":[{"href":"https:\/\/informebajio.com.mx\/index.php?rest_route=\/wp\/v2\/types\/post"}],"author":[{"embeddable":true,"href":"https:\/\/informebajio.com.mx\/index.php?rest_route=\/wp\/v2\/users\/2"}],"replies":[{"embeddable":true,"href":"https:\/\/informebajio.com.mx\/index.php?rest_route=%2Fwp%2Fv2%2Fcomments&post=11138"}],"version-history":[{"count":0,"href":"https:\/\/informebajio.com.mx\/index.php?rest_route=\/wp\/v2\/posts\/11138\/revisions"}],"wp:featuredmedia":[{"embeddable":true,"href":"https:\/\/informebajio.com.mx\/index.php?rest_route=\/wp\/v2\/media\/11139"}],"wp:attachment":[{"href":"https:\/\/informebajio.com.mx\/index.php?rest_route=%2Fwp%2Fv2%2Fmedia&parent=11138"}],"wp:term":[{"taxonomy":"category","embeddable":true,"href":"https:\/\/informebajio.com.mx\/index.php?rest_route=%2Fwp%2Fv2%2Fcategories&post=11138"},{"taxonomy":"post_tag","embeddable":true,"href":"https:\/\/informebajio.com.mx\/index.php?rest_route=%2Fwp%2Fv2%2Ftags&post=11138"}],"curies":[{"name":"wp","href":"https:\/\/api.w.org\/{rel}","templated":true}]}}