{"id":11144,"date":"2023-06-01T02:20:42","date_gmt":"2023-06-01T07:20:42","guid":{"rendered":"https:\/\/informebajio.com.mx\/?p=11144"},"modified":"2023-06-01T02:20:42","modified_gmt":"2023-06-01T07:20:42","slug":"alejandra-del-moral-cancela-cierre-de-campana-en-tlalnepantla","status":"publish","type":"post","link":"https:\/\/informebajio.com.mx\/?p=11144","title":{"rendered":"Alejandra del Moral cancela cierre de campa\u00f1a en Tlalnepantla"},"content":{"rendered":"<div id=\"content_nitf\">\n<p><em>Toluca M\u00e9x.<\/em> En el \u00faltimo d\u00eda de las campa\u00f1as electorales en el Estado de M\u00e9xico, la candidata de la coalici\u00f3n que integran PRI-PAN-PRD y Nueva Alianza, Alejandra del Moral Vela decidi\u00f3 cancelar su cierre de campa\u00f1a programado en el municipio de Tlalnepantla, la demarcaci\u00f3n m\u00e1s grande y poblada que gobierna el tricolor en la entidad.<\/p>\n<p>Adem\u00e1s, la abanderada de la Coalici\u00f3n Va por el Estado de M\u00e9xico tambi\u00e9n cancel\u00f3 su asistencia al noticiero matutino de Televisa, que hab\u00eda pactado con antelaci\u00f3n, y prefiri\u00f3 presentarse en un programa del publicista Carlos Alazraki, que se transmite en YouTube.<\/p>\n<p>Panistas y perredistas, aliados a Del Moral se mostraron contrariados por las decisiones de la candidata, pues muchos ya ten\u00edan previstos contingentes para llenar la plaza municipal de Tlalnepantla.<\/p>\n<p>Incluso, se pudo conocer que el s\u00e1bado y domingo, se reunieron las estructuras del PRI en Tlalnepantla para coordinar la log\u00edstica y la asistencia de contingentes de los municipios m\u00e1s cercanos.<\/p>\n<p>Del Moral se dedic\u00f3 este mi\u00e9rcoles a ofrecer entrevistas con medios de informaci\u00f3n. Entre otros, estuvo por segunda ocasi\u00f3n en una semana en el espacio radiof\u00f3nico de Joaqu\u00edn L\u00f3pez D\u00f3riga.<\/p>\n<p>Su equipo de campa\u00f1a subi\u00f3 a redes sociales un par de videos de la candidata; en uno se dirige a las beneficiarias del Salario Rosa, programa emblema de la administraci\u00f3n que encabeza Alfredo Del Mazo, a quienes les pidi\u00f3 su voto para poder seguir fortaleciendo y ampliando este apoyo bimestral que se les da a las amas de casa en condici\u00f3n de vulnerabilidad.<\/p>\n<p>En el segundo video, Del Moral le habla a todos aquellos a los que se han sentido agraviados por Morena, \u201ca los que han insultado y tachado de fifis\u201d.<\/p>\n<p>A ellos tambi\u00e9n les pidi\u00f3 su voto para impedir que el partido que fund\u00f3 L\u00f3pez Obrador se quede con la gubernatura mexiquense. \u201cNo permitamos que la destrucci\u00f3n que representa Morena llegue al Estado de M\u00e9xico. Nosotros somos m\u00e1s, pero votamos menos, por eso les pido que salgamos todos a votar el 4 de junio, que lleven a su familia y amigos, pues esto no se trata de partidos sino de salvar a M\u00e9xico\u201d.<\/p>\n<\/div>\n<p><script>\n      !function(f,b,e,v,n,t,s)\n      {if(f.fbq)return;n=f.fbq=function(){n.callMethod?\n      n.callMethod.apply(n,arguments):n.queue.push(arguments)};\n      if(!f._fbq)f._fbq=n;n.push=n;n.loaded=!0;n.version='2.0';\n      n.queue=[];t=b.createElement(e);t.async=!0;\n      t.src=v;s=b.getElementsByTagName(e)[0];\n      s.parentNode.insertBefore(t,s)}(window, document,'script',\n      'https:\/\/connect.facebook.net\/en_US\/fbevents.js');\n      fbq('init', '133913093805922');\n      fbq('track', 'PageView');\n      fbq('track', 'Contact');\n      fbq('track', 'Donate');\n      fbq('track', 'FindLocation');\n      fbq('track', 'Lead');\n      fbq('track', 'Search');\n      fbq('track', 'Subscribe', {value: '0.00', currency: 'MXN', predicted_ltv: '0.00'});\n      fbq('track', 'ViewContent');\n    <\/script><script type=\"text\/javascript\">(function(d, s, id) {\n\t  var js, fjs = d.getElementsByTagName(s)[0];\n\t  if (d.getElementById(id)) return;\n\t  js = d.createElement(s); js.id = id;\n\t  js.src = \"\/\/connect.facebook.net\/es_LA\/sdk.js#xfbml=1&amp;version=v3.3&amp;appId=774389309362880\";\n\t  fjs.parentNode.insertBefore(js, fjs);\n\t}(document, 'script', 'facebook-jssdk'));<\/script><\/p>\n","protected":false},"excerpt":{"rendered":"<p>Toluca M\u00e9x. En el \u00faltimo d\u00eda de las campa\u00f1as electorales en el Estado de M\u00e9xico, la candidata de la coalici\u00f3n que integran PRI-PAN-PRD y Nueva Alianza, Alejandra del Moral Vela decidi\u00f3 cancelar su cierre de campa\u00f1a programado en el municipio de Tlalnepantla, la demarcaci\u00f3n m\u00e1s grande y poblada que gobierna el tricolor en la entidad. [&hellip;]<\/p>\n","protected":false},"author":2,"featured_media":11145,"comment_status":"","ping_status":"","sticky":false,"template":"","format":"standard","meta":{"_monsterinsights_skip_tracking":false,"_monsterinsights_sitenote_active":false,"_monsterinsights_sitenote_note":"","_monsterinsights_sitenote_category":0,"footnotes":""},"categories":[9],"tags":[],"class_list":["post-11144","post","type-post","status-publish","format-standard","has-post-thumbnail","hentry","category-deportes"],"_links":{"self":[{"href":"https:\/\/informebajio.com.mx\/index.php?rest_route=\/wp\/v2\/posts\/11144","targetHints":{"allow":["GET"]}}],"collection":[{"href":"https:\/\/informebajio.com.mx\/index.php?rest_route=\/wp\/v2\/posts"}],"about":[{"href":"https:\/\/informebajio.com.mx\/index.php?rest_route=\/wp\/v2\/types\/post"}],"author":[{"embeddable":true,"href":"https:\/\/informebajio.com.mx\/index.php?rest_route=\/wp\/v2\/users\/2"}],"replies":[{"embeddable":true,"href":"https:\/\/informebajio.com.mx\/index.php?rest_route=%2Fwp%2Fv2%2Fcomments&post=11144"}],"version-history":[{"count":0,"href":"https:\/\/informebajio.com.mx\/index.php?rest_route=\/wp\/v2\/posts\/11144\/revisions"}],"wp:featuredmedia":[{"embeddable":true,"href":"https:\/\/informebajio.com.mx\/index.php?rest_route=\/wp\/v2\/media\/11145"}],"wp:attachment":[{"href":"https:\/\/informebajio.com.mx\/index.php?rest_route=%2Fwp%2Fv2%2Fmedia&parent=11144"}],"wp:term":[{"taxonomy":"category","embeddable":true,"href":"https:\/\/informebajio.com.mx\/index.php?rest_route=%2Fwp%2Fv2%2Fcategories&post=11144"},{"taxonomy":"post_tag","embeddable":true,"href":"https:\/\/informebajio.com.mx\/index.php?rest_route=%2Fwp%2Fv2%2Ftags&post=11144"}],"curies":[{"name":"wp","href":"https:\/\/api.w.org\/{rel}","templated":true}]}}