{"id":11148,"date":"2023-06-01T02:34:53","date_gmt":"2023-06-01T07:34:53","guid":{"rendered":"https:\/\/informebajio.com.mx\/?p=11148"},"modified":"2023-06-01T02:34:53","modified_gmt":"2023-06-01T07:34:53","slug":"este-jueves-sera-aprobada-nueva-ley-de-movilidad-para-michoacan","status":"publish","type":"post","link":"https:\/\/informebajio.com.mx\/?p=11148","title":{"rendered":"Este jueves ser\u00e1 aprobada nueva Ley de Movilidad para Michoac\u00e1n"},"content":{"rendered":"<div id=\"content-body-225-10149316\">\n<p>Morelia, Michoac\u00e1n (OEM-Infomex).- Para este jueves en sesi\u00f3n del Congreso, ser\u00e1 aprobada la nueva <b>Ley de Movilidad y Seguridad Vial de Michoac\u00e1n, <\/b>as\u00ed lo adelant\u00f3 la presidenta de la<b> Mesa Directiva del Legislativo, Julieta Garc\u00eda Zepeda<\/b>, luego de destacar que la iniciativa priorizar\u00e1 la movilidad de las personas y no de los autom\u00f3viles o del transporte. <\/p>\n<p>La diputada del partido <b>Movimiento Regeneraci\u00f3n Nacional (Morena),<\/b> refiri\u00f3 que la nueva Ley que tendr\u00e1 en Michoac\u00e1n ser\u00e1 trascendental en la entidad, porque despu\u00e9s de varios meses de trabajo donde incluso se realizaron foros a los ciudadanos al interior del estado para obtener las opiniones de los diferentes sectores, la legislaci\u00f3n estar\u00e1 completa y beneficiar\u00e1 a los sectores m\u00e1s vulnerables. <\/p>\n<p>De acuerdo con la presidenta del Congreso, este jueves en sesi\u00f3n extraordinaria convocada a las 9:00 horas ser\u00e1 sometido a votaci\u00f3n ante el pleno el Dictamen que fue aprobado ayer por la tarde por los integrantes de la<b> Comisi\u00f3n de Comunicaciones y Transportes<\/b> en el que se expide la<b> Ley de Movilidad y Seguridad Vial del Estado de Michoac\u00e1n. <\/b><\/p>\n<p>El integrante de la <b>Comisi\u00f3n de Comunicaciones y Transportes del Congreso, Fidel Calder\u00f3n Torreblanca<\/b>, inform\u00f3 que la nueva Ley abarca varios aspectos, principalmente los que est\u00e1n relacionados a la forma en c\u00f3mo se mueven las personas y no necesariamente a trav\u00e9s del transporte p\u00fablico concesionado, que estar\u00e1 regulado en la legislaci\u00f3n, sino en quienes utilizan la bicicleta, patineta o los ciudadanos que andan en sillas de ruedas. <\/p>\n<p>Lo que se\u00f1ala la nueva iniciativa, es la promoci\u00f3n de una cultura de la movilidad libre y segura, en la cual, no deben existir obst\u00e1culos para cualquier ciudadano, como por ejemplo la colocaci\u00f3n de macetas, botes o jardineras que impiden el paso a los ciudadanos y a las personas con alg\u00fan tipo de discapacidad. <\/p>\n<p>En entrevista, <b>Calder\u00f3n Torreblanca, <\/b>expuso que la nueva Ley, adem\u00e1s de regular al transporte, tendr\u00e1 un mayor impacto en los empresarios que hacen obras urbanas en <b>Michoac\u00e1n<\/b>, quienes deber\u00e1n garantizar la movilidad libre y segura de las personas, ya que los fraccionadores no priorizan a los peatones, por lo cual, en muchas zonas no se puede caminar por banquetas, porque ni siquiera las hay. <\/p>\n<p><i>\u201cSolo por poner un ejemplo, en Morelia hay muchas zonas que no son rutas seguras para los peatones o quienes andan en bicicleta, por ejemplo, para llegar a Altozano no se puede ir a pie, o donde est\u00e1 el Ramal Camelinas tampoco, porque todo fue desarrollado pensando en los autom\u00f3viles\u201d,<\/i> insisti\u00f3 el legislador morenista. <\/p>\n<p>Recordar que en el padr\u00f3n vehicular supera los<b> 2.6 millones de veh\u00edculos de transporte particular, <\/b>mientras que el padr\u00f3n de unidades del transporte p\u00fablico, el estado registra aproximadamente 36 mil unidades, siendo la tercera entidad con mayor cantidad de veh\u00edculos en circulaci\u00f3n, convirti\u00e9ndose en una entidad que carece de movilidad sustentable.<\/p>\n<\/div>\n<p><script>(function(d, s, id) {\nvar js, fjs = d.getElementsByTagName(s)[0];\nif (d.getElementById(id)) return;\njs = d.createElement(s); js.id = id;\njs.src = 'https:\/\/connect.facebook.net\/es_LA\/sdk.js#xfbml=1&version=v3.2&appId=2304818722879035&autoLogAppEvents=1';\nfjs.parentNode.insertBefore(js, fjs);\n}(document, 'script', 'facebook-jssdk'));\n<\/script><\/p>\n","protected":false},"excerpt":{"rendered":"<p>Morelia, Michoac\u00e1n (OEM-Infomex).- Para este jueves en sesi\u00f3n del Congreso, ser\u00e1 aprobada la nueva Ley de Movilidad y Seguridad Vial de Michoac\u00e1n, as\u00ed lo adelant\u00f3 la presidenta de la Mesa Directiva del Legislativo, Julieta Garc\u00eda Zepeda, luego de destacar que la iniciativa priorizar\u00e1 la movilidad de las personas y no de los autom\u00f3viles o del [&hellip;]<\/p>\n","protected":false},"author":2,"featured_media":11149,"comment_status":"","ping_status":"","sticky":false,"template":"","format":"standard","meta":{"_monsterinsights_skip_tracking":false,"_monsterinsights_sitenote_active":false,"_monsterinsights_sitenote_note":"","_monsterinsights_sitenote_category":0,"footnotes":""},"categories":[7],"tags":[],"class_list":["post-11148","post","type-post","status-publish","format-standard","has-post-thumbnail","hentry","category-michoacan"],"_links":{"self":[{"href":"https:\/\/informebajio.com.mx\/index.php?rest_route=\/wp\/v2\/posts\/11148","targetHints":{"allow":["GET"]}}],"collection":[{"href":"https:\/\/informebajio.com.mx\/index.php?rest_route=\/wp\/v2\/posts"}],"about":[{"href":"https:\/\/informebajio.com.mx\/index.php?rest_route=\/wp\/v2\/types\/post"}],"author":[{"embeddable":true,"href":"https:\/\/informebajio.com.mx\/index.php?rest_route=\/wp\/v2\/users\/2"}],"replies":[{"embeddable":true,"href":"https:\/\/informebajio.com.mx\/index.php?rest_route=%2Fwp%2Fv2%2Fcomments&post=11148"}],"version-history":[{"count":0,"href":"https:\/\/informebajio.com.mx\/index.php?rest_route=\/wp\/v2\/posts\/11148\/revisions"}],"wp:featuredmedia":[{"embeddable":true,"href":"https:\/\/informebajio.com.mx\/index.php?rest_route=\/wp\/v2\/media\/11149"}],"wp:attachment":[{"href":"https:\/\/informebajio.com.mx\/index.php?rest_route=%2Fwp%2Fv2%2Fmedia&parent=11148"}],"wp:term":[{"taxonomy":"category","embeddable":true,"href":"https:\/\/informebajio.com.mx\/index.php?rest_route=%2Fwp%2Fv2%2Fcategories&post=11148"},{"taxonomy":"post_tag","embeddable":true,"href":"https:\/\/informebajio.com.mx\/index.php?rest_route=%2Fwp%2Fv2%2Ftags&post=11148"}],"curies":[{"name":"wp","href":"https:\/\/api.w.org\/{rel}","templated":true}]}}