{"id":11152,"date":"2023-06-01T04:42:24","date_gmt":"2023-06-01T09:42:24","guid":{"rendered":"https:\/\/informebajio.com.mx\/?p=11152"},"modified":"2023-06-01T04:42:24","modified_gmt":"2023-06-01T09:42:24","slug":"comentario-en-soriano-abrira-las-puertas-de-la-basilica-en-la-fiesta-grande-por-rajacuan","status":"publish","type":"post","link":"https:\/\/informebajio.com.mx\/?p=11152","title":{"rendered":"Comentario en Soriano  abrir\u00e1 las puertas de la Bas\u00edlica en la fiesta grande por rajacuan"},"content":{"rendered":"<div>\n<p>Por Manuel Pared\u00f3n<\/p>\n<p>Noticias<\/p>\n<p>La Bas\u00edlica de Nuestra Se\u00f1ora de los Dolores de Soriano, abrir\u00e1 sus puertas \u2014con todas las medidas sanitarias\u2014,\u00a0 durante su fiesta grande\u00a0 a fin de que la visiten\u00a0 y veneren los\u00a0 fieles devotos.<\/p>\n<p><!-- Composite Start --><\/p>\n<p><!-- Composite End --><\/p>\n<p>El a\u00f1o anterior, cuando la epidemia del COVID-19 cobraba mayor fuerza, no fue posible la celebraci\u00f3n de la festividad de la milagrosa imagen.<\/p>\n<p>El obispo Fidencio L\u00f3pez\u00a0 Plaza, con una serie de recomendaciones, as\u00ed lo dispuso.<\/p>\n<p>Refiere que a dos a\u00f1os de la epidemia del COVID-19 y con todos los esfuerzos de los fieles y autoridades competentes, durante este tiempo y considerando el escenario \u201cA\u201d\u00a0 vigente desde el pasado mes de febrero, respecto a la festividad de Nuestra Se\u00f1ora de los Dolores de Soriano,\u00a0 comunica lo siguiente:<\/p>\n<p>Seguimos comprometidos con\u00a0 el cuidado de la salud, cumpliendo debidamente\u00a0 con los protocolos sanitarios<\/p>\n<p>Por tanto, el purpurado conmina a todos los fieles devotos de la Sant\u00edsima Virgen de los Dolores de Soriano,\u00a0 a ser responsables y acatar las disposiciones que se den en todo momento.<\/p>\n<p>En ocasi\u00f3n al Viernes de Dolores,\u00a0 su\u00a0 Bas\u00edlica Menor\u00a0 permanecer\u00e1 abierta\u00a0 diariamente en los horarios habituales.<\/p>\n<p>Las personas que\u00a0 acudan a la Bas\u00edlica, podr\u00e1n saludar a la Sant\u00edsima Virgen, entrando por la puerta principal\u00a0 sin detenerse,\u00a0 saliendo por la puerta lateral.<\/p>\n<p>\u00a0Las celebraciones eucar\u00edsticas se realizaran en la Plaza de la Coronaci\u00f3n\u00a0 con un aforo limitado de acuerdo con los horarios que se dar\u00e1n a conocer m\u00e1s adelante.<\/p>\n<p>El obispo pide a los p\u00e1rrocos\u00a0 que consideren reducir el n\u00famero de fieles de las parroquias\u00a0 que participaran en la fiesta grande para poder\u00a0 transitar con mayor fluidez.<\/p>\n<p>La santa misa y\u00a0 dem\u00e1s actos de\u00a0 piedad, podr\u00e1n seguirse a trav\u00e9s\u00a0 de la plataforma de Facebook Bas\u00edlica de Nuestra Se\u00f1ora de los Dolores de Soriano.<\/p>\n<p>Recuerda que la\u00a0 visita a la Bas\u00edlica es bajo la propia responsabilidad de los fieles, evitando asistir los grupos vulnerables, personas de la tercera\u00a0 edad, personas con enfermedades cr\u00f3nicas y ni\u00f1os.<\/p>\n<p>El se\u00f1or obispo insisti\u00f3 en acatar las medidas sanitarias pertinentes, uso de cubre bocas,\u00a0\u00a0 gel antibacterial y guardar la sana distancia.<\/p>\n<p>Para los d\u00edas de la Semana Santa, se observaran las mismas disposiciones\u00a0 y medidas de seguridad.<\/p>\n<\/div>\n<p><\/p>\n","protected":false},"excerpt":{"rendered":"<p>Por Manuel Pared\u00f3n Noticias La Bas\u00edlica de Nuestra Se\u00f1ora de los Dolores de Soriano, abrir\u00e1 sus puertas \u2014con todas las medidas sanitarias\u2014,\u00a0 durante su fiesta grande\u00a0 a fin de que la visiten\u00a0 y veneren los\u00a0 fieles devotos. El a\u00f1o anterior, cuando la epidemia del COVID-19 cobraba mayor fuerza, no fue posible la celebraci\u00f3n de la [&hellip;]<\/p>\n","protected":false},"author":2,"featured_media":11153,"comment_status":"","ping_status":"","sticky":false,"template":"","format":"standard","meta":{"_monsterinsights_skip_tracking":false,"_monsterinsights_sitenote_active":false,"_monsterinsights_sitenote_note":"","_monsterinsights_sitenote_category":0,"footnotes":""},"categories":[4],"tags":[],"class_list":["post-11152","post","type-post","status-publish","format-standard","has-post-thumbnail","hentry","category-queretaro"],"_links":{"self":[{"href":"https:\/\/informebajio.com.mx\/index.php?rest_route=\/wp\/v2\/posts\/11152","targetHints":{"allow":["GET"]}}],"collection":[{"href":"https:\/\/informebajio.com.mx\/index.php?rest_route=\/wp\/v2\/posts"}],"about":[{"href":"https:\/\/informebajio.com.mx\/index.php?rest_route=\/wp\/v2\/types\/post"}],"author":[{"embeddable":true,"href":"https:\/\/informebajio.com.mx\/index.php?rest_route=\/wp\/v2\/users\/2"}],"replies":[{"embeddable":true,"href":"https:\/\/informebajio.com.mx\/index.php?rest_route=%2Fwp%2Fv2%2Fcomments&post=11152"}],"version-history":[{"count":0,"href":"https:\/\/informebajio.com.mx\/index.php?rest_route=\/wp\/v2\/posts\/11152\/revisions"}],"wp:featuredmedia":[{"embeddable":true,"href":"https:\/\/informebajio.com.mx\/index.php?rest_route=\/wp\/v2\/media\/11153"}],"wp:attachment":[{"href":"https:\/\/informebajio.com.mx\/index.php?rest_route=%2Fwp%2Fv2%2Fmedia&parent=11152"}],"wp:term":[{"taxonomy":"category","embeddable":true,"href":"https:\/\/informebajio.com.mx\/index.php?rest_route=%2Fwp%2Fv2%2Fcategories&post=11152"},{"taxonomy":"post_tag","embeddable":true,"href":"https:\/\/informebajio.com.mx\/index.php?rest_route=%2Fwp%2Fv2%2Ftags&post=11152"}],"curies":[{"name":"wp","href":"https:\/\/api.w.org\/{rel}","templated":true}]}}