{"id":11154,"date":"2023-06-01T06:06:41","date_gmt":"2023-06-01T11:06:41","guid":{"rendered":"https:\/\/informebajio.com.mx\/?p=11154"},"modified":"2023-06-01T06:06:41","modified_gmt":"2023-06-01T11:06:41","slug":"proyectan-construccion-de-un-humedal-en-tequisquiapan","status":"publish","type":"post","link":"https:\/\/informebajio.com.mx\/?p=11154","title":{"rendered":"Proyectan construcci\u00f3n de un humedal en Tequisquiapan"},"content":{"rendered":"<div id=\"content-body-5851641-10143236\">\n<p>El presidente municipal de Tequisquiapan, <b>Jos\u00e9 Antonio Mej\u00eda Lira<\/b> dio a conocer que se<b> tiene previst<\/b>o para esta localidad, la <b>construcci\u00f3n de un humedal <\/b>que permita el <b>tratamiento y la reutilizaci\u00f3n del agua.<\/b><\/p>\n<p>Aunque no precis\u00f3 el monto de inversi\u00f3n para este proyecto, el alcalde dijo que <b>ser\u00e1 en coordinaci\u00f3n con el gobierno del estado<\/b>, para ello se trabaja en la construcci\u00f3n de este sistema similar a la operatividad de <b>una planta tratadora de aguas<\/b>, cuyo objetivo es aprovechar de mejor manera el recurso natural.<\/p>\n<p>Adelant\u00f3 que<b> en la comunidad de La Trinidad<\/b> es en donde se tiene previsto concretar el proyecto, es por ello, que se tienen en curso el dise\u00f1o de este mismo y todo lo que implica su edificaci\u00f3n para el <b>tratamiento y reutilizaci\u00f3n del agua.<\/b><\/p>\n<p><i>\u201cA m\u00ed me parece que las plantas tratadoras son muy importantes y quienes somos municipios, en el caso particular de Tequisquiapan debemos aportar tambi\u00e9n a los humedales, que es un humedal?, pues un humedal es una especie de planta tratadora pero con m\u00e1s sostenibilidad, m\u00e1s sustentable, m\u00e1s econ\u00f3mica y que procesan el agua de una manera m\u00e1s pura\u201d.<\/i><\/p>\n<p>Asegur\u00f3 que <b>el Pueblo M\u00e1gico ser\u00e1 el primer sitio a nivel estatal<\/b> en donde se coloque <b>dicho sistema, <\/b>teniendo como objetivo ser asimismo un referente a nivel nacional, con la intenci\u00f3n de que los dem\u00e1s municipios y estados repliquen el proyecto de sustentabilidad.<\/p>\n<p><i>\u201cNosotros vamos a comenzar con el primer humedal en todo el estado y con la nueva normatividad nacional que puede ser referente a nivel nacional incluso, pronto lo tendremos y ser\u00e1 en la comunidad de La Trinidad, la inversi\u00f3n se realizar\u00e1 por parte de nosotros y la coordinaci\u00f3n excelente que tenemos con el gobernador Kuri, que lo vuelvo a reiterar, es muy tangible, ha sido un gobernador solidario, visionario, sensible y entendiendo los problemas municipalitas\u201d.<\/i><\/p>\n<p><b>\u27a1\ufe0f <\/b><a href=\"https:\/\/oem.us16.list-manage.com\/subscribe?u=c04a811ee61dc85305bf7133b&amp;id=f1b85ee5bb\"><b>Suscr\u00edbete a nuestro Newsletter y recibe las notas m\u00e1s relevantes en tu correo<\/b><\/a><b\/><\/p>\n<p>Finalmente dijo que pronto ser\u00e1n dados a conocer los pormenores de este m\u00e9todo sustentable que busca generar un mejor aprovechamiento del agua en la localidad, pues asegur\u00f3 que<b> se cuenta con las caracter\u00edsticas adecuadas para ello.<\/b><\/p>\n<\/div>\n<p><script>(function(d, s, id) {\nvar js, fjs = d.getElementsByTagName(s)[0];\nif (d.getElementById(id)) return;\njs = d.createElement(s); js.id = id;\njs.src = 'https:\/\/connect.facebook.net\/es_LA\/sdk.js#xfbml=1&version=v3.2&appId=232029482016746&autoLogAppEvents=1';\nfjs.parentNode.insertBefore(js, fjs);\n}(document, 'script', 'facebook-jssdk'));\n<\/script><\/p>\n","protected":false},"excerpt":{"rendered":"<p>El presidente municipal de Tequisquiapan, Jos\u00e9 Antonio Mej\u00eda Lira dio a conocer que se tiene previsto para esta localidad, la construcci\u00f3n de un humedal que permita el tratamiento y la reutilizaci\u00f3n del agua. Aunque no precis\u00f3 el monto de inversi\u00f3n para este proyecto, el alcalde dijo que ser\u00e1 en coordinaci\u00f3n con el gobierno del estado, [&hellip;]<\/p>\n","protected":false},"author":2,"featured_media":11155,"comment_status":"","ping_status":"","sticky":false,"template":"","format":"standard","meta":{"_monsterinsights_skip_tracking":false,"_monsterinsights_sitenote_active":false,"_monsterinsights_sitenote_note":"","_monsterinsights_sitenote_category":0,"footnotes":""},"categories":[6],"tags":[],"class_list":["post-11154","post","type-post","status-publish","format-standard","has-post-thumbnail","hentry","category-san-juan-del-rio"],"_links":{"self":[{"href":"https:\/\/informebajio.com.mx\/index.php?rest_route=\/wp\/v2\/posts\/11154","targetHints":{"allow":["GET"]}}],"collection":[{"href":"https:\/\/informebajio.com.mx\/index.php?rest_route=\/wp\/v2\/posts"}],"about":[{"href":"https:\/\/informebajio.com.mx\/index.php?rest_route=\/wp\/v2\/types\/post"}],"author":[{"embeddable":true,"href":"https:\/\/informebajio.com.mx\/index.php?rest_route=\/wp\/v2\/users\/2"}],"replies":[{"embeddable":true,"href":"https:\/\/informebajio.com.mx\/index.php?rest_route=%2Fwp%2Fv2%2Fcomments&post=11154"}],"version-history":[{"count":0,"href":"https:\/\/informebajio.com.mx\/index.php?rest_route=\/wp\/v2\/posts\/11154\/revisions"}],"wp:featuredmedia":[{"embeddable":true,"href":"https:\/\/informebajio.com.mx\/index.php?rest_route=\/wp\/v2\/media\/11155"}],"wp:attachment":[{"href":"https:\/\/informebajio.com.mx\/index.php?rest_route=%2Fwp%2Fv2%2Fmedia&parent=11154"}],"wp:term":[{"taxonomy":"category","embeddable":true,"href":"https:\/\/informebajio.com.mx\/index.php?rest_route=%2Fwp%2Fv2%2Fcategories&post=11154"},{"taxonomy":"post_tag","embeddable":true,"href":"https:\/\/informebajio.com.mx\/index.php?rest_route=%2Fwp%2Fv2%2Ftags&post=11154"}],"curies":[{"name":"wp","href":"https:\/\/api.w.org\/{rel}","templated":true}]}}