{"id":11162,"date":"2023-06-01T07:57:10","date_gmt":"2023-06-01T12:57:10","guid":{"rendered":"https:\/\/informebajio.com.mx\/?p=11162"},"modified":"2023-06-01T07:57:10","modified_gmt":"2023-06-01T12:57:10","slug":"derrumban-vestigio-del-siglo-xviii-en-salamanca","status":"publish","type":"post","link":"https:\/\/informebajio.com.mx\/?p=11162","title":{"rendered":"Derrumban vestigio del siglo XVIII en Salamanca"},"content":{"rendered":"<div id=\"content-body-5851641-10150340\">\n<p>Salamanca, Gto.- Las ruinas de la capilla del<b> cerro de la Cruz<\/b> fueron derrumbadas el pasado martes por la ma\u00f1ana, de acuerdo a la versi\u00f3n de las autoridades el hecho pudo estar relacionado con el robo de material para la construcci\u00f3n en espec\u00edfico varilla; la construcci\u00f3n de este centro de culto se remonta al siglo <b>esta capilla data del siglo XVIII.<\/b><\/p>\n<p><b><a href=\"http:\/\/oem.pressreader.com\/el-sol-de-bajio\" target=\"_self\" rel=\"Follow noopener\">\u27a1\ufe0fSuscr\u00edbete a nuestra edici\u00f3n digital<\/a><\/b><\/p>\n<p>Durante las primeras horas del mi\u00e9rcoles, a trav\u00e9s de redes sociales se inform\u00f3 que la capilla que se encontraba instalada en el <b>cerro de la Cruz<\/b>, hab\u00eda sido demolida durante la ma\u00f1ana del pasado martes, cerca de las 10 de la ma\u00f1ana.<\/p>\n<p>De acuerdo a informaci\u00f3n preliminar del director de Seguridad P\u00fablica,<b> Alejandro Flores Jim\u00e9nez<\/b>, se apunt\u00f3 a qu\u00e9 presuntamente este hecho se pudo derivar por la sustracci\u00f3n de material.<\/p>\n<p><i>\u201cCerca de las 8 de la ma\u00f1ana se recibi\u00f3 un reporte sobre el derrumbe, del cual desconoc\u00edamos, por lo cual proced\u00ed al sistema de emergencias 911 para saber si exist\u00eda alg\u00fan reporte, pero no se present\u00f3 ninguno, por lo cual nos trasladamos aqu\u00ed; aparentemente el d\u00eda 30 a las diez de la ma\u00f1ana fue a las diez de la ma\u00f1ana se derrumb\u00f3 la capilla. Desconocemos si fue provocado, ya que se encuentran marcas de un veh\u00edculo que estaba trabajando\u201d<\/i>, explic\u00f3.<\/p>\n<p><b>Te puede interesar:<a href=\"https:\/\/www.elsoldesalamanca.com.mx\/local\/ruinas-de-una-capilla-reliquia-salmantina-2742454.html\" target=\"_self\" rel=\"Follow noopener\"> <u>Ruinas de una capilla, reliquia salmantina<\/u><\/a><\/b><\/p>\n<p>En este mismo sentido, El director de Seguridad P\u00fablica, reiter\u00f3 que las \u00e1reas de cultura y Protecci\u00f3n Civil realicen un dictamen para poder determinar cu\u00e1les fueron las causas de este derrumbe.<\/p>\n<p><b>Esta capilla data de la construcci\u00f3n del siglo XVII y XIX.<\/b> La capilla ten\u00eda como nombre de la <b>Virgen de Lourdes<\/b>, en donde la ciudadan\u00eda salmantina acud\u00eda a este cerro todos los domingos para acudir a misa, adem\u00e1s tambi\u00e9n los salmantinos aprovechaban el lugar para realizar actividades de campo, sin embargo, ten\u00eda m\u00e1s de 20 a\u00f1os de estar en el abandono.<\/p>\n<\/div>\n<p><script>(function(d, s, id) {\nvar js, fjs = d.getElementsByTagName(s)[0];\nif (d.getElementById(id)) return;\njs = d.createElement(s); js.id = id;\njs.src = 'https:\/\/connect.facebook.net\/es_LA\/sdk.js#xfbml=1&version=v3.2&appId=899106460676237&autoLogAppEvents=1';\nfjs.parentNode.insertBefore(js, fjs);\n}(document, 'script', 'facebook-jssdk'));\n<\/script><\/p>\n","protected":false},"excerpt":{"rendered":"<p>Salamanca, Gto.- Las ruinas de la capilla del cerro de la Cruz fueron derrumbadas el pasado martes por la ma\u00f1ana, de acuerdo a la versi\u00f3n de las autoridades el hecho pudo estar relacionado con el robo de material para la construcci\u00f3n en espec\u00edfico varilla; la construcci\u00f3n de este centro de culto se remonta al siglo [&hellip;]<\/p>\n","protected":false},"author":2,"featured_media":11163,"comment_status":"","ping_status":"","sticky":false,"template":"","format":"standard","meta":{"_monsterinsights_skip_tracking":false,"_monsterinsights_sitenote_active":false,"_monsterinsights_sitenote_note":"","_monsterinsights_sitenote_category":0,"footnotes":""},"categories":[8],"tags":[],"class_list":["post-11162","post","type-post","status-publish","format-standard","has-post-thumbnail","hentry","category-guanajuato"],"_links":{"self":[{"href":"https:\/\/informebajio.com.mx\/index.php?rest_route=\/wp\/v2\/posts\/11162","targetHints":{"allow":["GET"]}}],"collection":[{"href":"https:\/\/informebajio.com.mx\/index.php?rest_route=\/wp\/v2\/posts"}],"about":[{"href":"https:\/\/informebajio.com.mx\/index.php?rest_route=\/wp\/v2\/types\/post"}],"author":[{"embeddable":true,"href":"https:\/\/informebajio.com.mx\/index.php?rest_route=\/wp\/v2\/users\/2"}],"replies":[{"embeddable":true,"href":"https:\/\/informebajio.com.mx\/index.php?rest_route=%2Fwp%2Fv2%2Fcomments&post=11162"}],"version-history":[{"count":0,"href":"https:\/\/informebajio.com.mx\/index.php?rest_route=\/wp\/v2\/posts\/11162\/revisions"}],"wp:featuredmedia":[{"embeddable":true,"href":"https:\/\/informebajio.com.mx\/index.php?rest_route=\/wp\/v2\/media\/11163"}],"wp:attachment":[{"href":"https:\/\/informebajio.com.mx\/index.php?rest_route=%2Fwp%2Fv2%2Fmedia&parent=11162"}],"wp:term":[{"taxonomy":"category","embeddable":true,"href":"https:\/\/informebajio.com.mx\/index.php?rest_route=%2Fwp%2Fv2%2Fcategories&post=11162"},{"taxonomy":"post_tag","embeddable":true,"href":"https:\/\/informebajio.com.mx\/index.php?rest_route=%2Fwp%2Fv2%2Ftags&post=11162"}],"curies":[{"name":"wp","href":"https:\/\/api.w.org\/{rel}","templated":true}]}}