{"id":11166,"date":"2023-06-01T09:37:08","date_gmt":"2023-06-01T14:37:08","guid":{"rendered":"https:\/\/informebajio.com.mx\/?p=11166"},"modified":"2023-06-01T09:37:08","modified_gmt":"2023-06-01T14:37:08","slug":"piden-adecuaciones-en-edificio-del-congreso-para-personas-con-discapacidad","status":"publish","type":"post","link":"https:\/\/informebajio.com.mx\/?p=11166","title":{"rendered":"Piden adecuaciones en edificio del Congreso para personas con discapacidad\u00a0"},"content":{"rendered":"<div id=\"content-body-225-10150790\">\n<p>Morelia, Michoac\u00e1n (OEM-Infomex).- Debido a que el edificio de<b>l Congreso local <\/b>no cuenta con las instalaciones adecuadas para la movilidad de las personas con alguna discapacidad, la diputada del<b> Revolucionario Institucional (PRI), Samantha Flores Adame<\/b> exigi\u00f3 a los integrantes de la Junta de Coordinaci\u00f3n Pol\u00edtica aprobar recursos para la adecuaci\u00f3n del edificio. <\/p>\n<p>La petici\u00f3n de la legisladora priista que hizo este martes en sesi\u00f3n extraordinaria del <b>Congreso<\/b>, se suma a la que desde el a\u00f1o pasado realiz\u00f3 el diputado del partido <b>Movimiento Regeneraci\u00f3n Nacional (Morena), V\u00edctor Zurita Ort\u00edz <\/b>a la presidencia de la<b> Mesa Directiva de la 75 Legislatura<\/b> para que en el edificio principal se coloque un elevador, sin embargo la solicitud no ha sido aceptada por sus hom\u00f3logos y el tema sigue pendiente. <\/p>\n<p>El diputado morenista, en entrevista record\u00f3 que el <b>elevador para personas con discapacidad motriz<\/b> debi\u00f3 inaugurarse en diciembre del a\u00f1o pasado, y como no ha tenido ning\u00fan eco favorable en el Congreso, consider\u00f3 que el tema de la inclusi\u00f3n para personas con discapacidad s\u00f3lo se queda en el discurso y plasmado en papel, porque no existe ninguna acci\u00f3n concreta del Poder Legislativo. <\/p>\n<p>Durante la exposici\u00f3n de motivos, la legisladora del PRI del distrito de P\u00e1tzcuaro, consider\u00f3 que la presente Legislatura le ha quedado a deber a las personas con discapacidad, que de acuerdo al \u00faltimo <b>Censo del Instituto Nacional de Estad\u00edstica y Geograf\u00eda (INEGI)<\/b> existen cerca de <b>807 mil 303 personas <\/b>que conforman este grupo y, quienes representan el 17 por ciento del total de la poblaci\u00f3n que hay en Michoac\u00e1n. <\/p>\n<p>Por lo anterior, desde tribuna del pleno de<b>l Congreso, la diputada Flores Adame r<\/b>eiter\u00f3 el llamado a los integrantes de la Jucopo el m\u00e1ximo \u00f3rgano del <b>Congreso local<\/b> para que a la brevedad se destinen los recursos econ\u00f3micos necesarios para la colocaci\u00f3n de rampas, se\u00f1al\u00e9tica t\u00e1ctil y en braille,as\u00ed como peraltes. <\/p>\n<p><i>\u201cSon varias las carencias que tienen las oficinas del Congreso, incluido el recinto Legislativo y que son visitados diariamente por muchas personas, incluidas las que tienen una discapacidad f\u00ecsica, lo cual se convierte en una barrera que en un tiempo es espacial, pero que termina siendo democr\u00e1tica\u201d<\/i>, destac\u00f3 la legisladora del <b>PRI. <\/b><\/p>\n<p>Urgi\u00f3 a que los diputados de la 75 Legislatura a que se invierta en instrumentos y mobiliario adaptable o removible para que se cumpla con lo indicado por el<b> Instituto Nacional de Antropolog\u00eda e Historia (INAH), <\/b>pero sobre todo con la intenci\u00f3n de que el Palacio Legislativo sea sea un espacio accesible para todos los grupos de poblaci\u00f3n de la entidad.<\/p>\n<\/div>\n<p><script>(function(d, s, id) {\nvar js, fjs = d.getElementsByTagName(s)[0];\nif (d.getElementById(id)) return;\njs = d.createElement(s); js.id = id;\njs.src = 'https:\/\/connect.facebook.net\/es_LA\/sdk.js#xfbml=1&version=v3.2&appId=2304818722879035&autoLogAppEvents=1';\nfjs.parentNode.insertBefore(js, fjs);\n}(document, 'script', 'facebook-jssdk'));\n<\/script><\/p>\n","protected":false},"excerpt":{"rendered":"<p>Morelia, Michoac\u00e1n (OEM-Infomex).- Debido a que el edificio del Congreso local no cuenta con las instalaciones adecuadas para la movilidad de las personas con alguna discapacidad, la diputada del Revolucionario Institucional (PRI), Samantha Flores Adame exigi\u00f3 a los integrantes de la Junta de Coordinaci\u00f3n Pol\u00edtica aprobar recursos para la adecuaci\u00f3n del edificio. La petici\u00f3n de [&hellip;]<\/p>\n","protected":false},"author":2,"featured_media":11167,"comment_status":"","ping_status":"","sticky":false,"template":"","format":"standard","meta":{"_monsterinsights_skip_tracking":false,"_monsterinsights_sitenote_active":false,"_monsterinsights_sitenote_note":"","_monsterinsights_sitenote_category":0,"footnotes":""},"categories":[7],"tags":[],"class_list":["post-11166","post","type-post","status-publish","format-standard","has-post-thumbnail","hentry","category-michoacan"],"_links":{"self":[{"href":"https:\/\/informebajio.com.mx\/index.php?rest_route=\/wp\/v2\/posts\/11166","targetHints":{"allow":["GET"]}}],"collection":[{"href":"https:\/\/informebajio.com.mx\/index.php?rest_route=\/wp\/v2\/posts"}],"about":[{"href":"https:\/\/informebajio.com.mx\/index.php?rest_route=\/wp\/v2\/types\/post"}],"author":[{"embeddable":true,"href":"https:\/\/informebajio.com.mx\/index.php?rest_route=\/wp\/v2\/users\/2"}],"replies":[{"embeddable":true,"href":"https:\/\/informebajio.com.mx\/index.php?rest_route=%2Fwp%2Fv2%2Fcomments&post=11166"}],"version-history":[{"count":0,"href":"https:\/\/informebajio.com.mx\/index.php?rest_route=\/wp\/v2\/posts\/11166\/revisions"}],"wp:featuredmedia":[{"embeddable":true,"href":"https:\/\/informebajio.com.mx\/index.php?rest_route=\/wp\/v2\/media\/11167"}],"wp:attachment":[{"href":"https:\/\/informebajio.com.mx\/index.php?rest_route=%2Fwp%2Fv2%2Fmedia&parent=11166"}],"wp:term":[{"taxonomy":"category","embeddable":true,"href":"https:\/\/informebajio.com.mx\/index.php?rest_route=%2Fwp%2Fv2%2Fcategories&post=11166"},{"taxonomy":"post_tag","embeddable":true,"href":"https:\/\/informebajio.com.mx\/index.php?rest_route=%2Fwp%2Fv2%2Ftags&post=11166"}],"curies":[{"name":"wp","href":"https:\/\/api.w.org\/{rel}","templated":true}]}}