{"id":11191,"date":"2023-06-01T18:31:47","date_gmt":"2023-06-01T23:31:47","guid":{"rendered":"https:\/\/informebajio.com.mx\/?p=11191"},"modified":"2023-06-01T18:31:47","modified_gmt":"2023-06-01T23:31:47","slug":"activan-a-40-mil-personas-en-el-dia-del-desafio","status":"publish","type":"post","link":"https:\/\/informebajio.com.mx\/?p=11191","title":{"rendered":"Activan a 40 mil personas en el D\u00eda del Desaf\u00edo"},"content":{"rendered":"<div id=\"content-body-5851641-10152440\">\n<p><b>CELAYA, Gto. (OEM-Informex).-<\/b> M\u00e1s de 40 mil personas de escuelas, empresas, dependencias de gobierno y clubes de servicio participaron este mi\u00e9rcoles en el D\u00eda del Desaf\u00edo, y en el caso del <b>estadio de b\u00e9isbol \u201cCiro Soto Lara\u201d,<\/b> se congregaron cerca de <b>cuatro mil estudiantes de primaria y secundaria,<\/b> as\u00ed como maestros y padres de familia, para realizar, por media hora, ejercicios desde saltos, estiramientos y movimientos r\u00edtmicos a la manera de danza moderna o rutinas de calentamiento.<\/p>\n<p><b><a href=\"http:\/\/oem.pressreader.com\/el-sol-de-bajio\" target=\"_self\" rel=\"Follow noopener\">\u27a1\ufe0fSuscr\u00edbete a nuestra edici\u00f3n digital<\/a><\/b><\/p>\n<p>El alcalde <b>Javier Mendoza M\u00e1rquez<\/b> inform\u00f3 ante la multitud que la finalidad del D\u00eda del Desaf\u00edo es generar entre la poblaci\u00f3n celayense una cultura f\u00edsica que concientice de la necesidad de mantenerse activos, y con ello fomentar estilos de vida saludable por medio del ejercicio.<\/p>\n<p>En sus palabras de bienvenida, el profesor <b>Andr\u00e9s Barrientos Gonz\u00e1lez,<\/b> director del Sistema de Cultura F\u00edsica y Deporte del municipio de Celaya (SIDEC), inform\u00f3 que con dicho acto, se refrenda el apoyo y respaldo por parte del Gobierno Municipal con los atletas y entrenadores, as\u00ed como reconocer sus logros obtenidos.<\/p>\n<p>Contextualiz\u00f3 que desde 2016 se implement\u00f3 el <b>D\u00eda del Desaf\u00edo a nivel internacional,<\/b> y <b>Celaya<\/b> ha tomado parte en este evento, logrando ser uno de los principales municipios en el estado de <b>Guanajuato<\/b> en lograr activar a la mayor cantidad de personas, promoviendo de este modo la cultura f\u00edsica, <b>previniendo as\u00ed el sobrepeso y la obesidad.<\/b><\/p>\n<p>Cabe se\u00f1alar que en la activaci\u00f3n c\u00edvica masiva, en el estadio de b\u00e9isbol se congregaron cerca de cuatro mil personas, entre estudiantes, maestros, padres de familia, y de <b>30 a 40 minutos<\/b> <b>realizaron ejercicios,<\/b> motivados por m\u00fasica y j\u00f3venes y jovencitas atletas.<\/p>\n<p>En el evento tambi\u00e9n estuvo Jorge <b>Arturo Medina P\u00e9rez, <\/b>coordinador General del Deporte Competitivo y Alto Rendimiento, quien en su participaci\u00f3n expuso que en todo <b>Guanajuato<\/b> se activa, y <b>Celaya<\/b> siempre ha mostrado un gran ejemplo, como lo hizo este mi\u00e9rcoles con 40 mil celayenses en escuelas y empresas.<\/p>\n<p><b>\u201cCelaya se activa, y el alcalde encabeza el arranque el D\u00eda del Desaf\u00edo con el gran trabajo que hace SIDEC\u201d,<\/b> dijo y la multitud inici\u00f3 con la activaci\u00f3n f\u00edsica, ni\u00f1os, j\u00f3venes, amas de casa, con vestimenta c\u00f3moda, zapatos tenis, y muchas ganas de mostrar la vida en movimiento.<\/p>\n<\/div>\n<p><script>(function(d, s, id) {\nvar js, fjs = d.getElementsByTagName(s)[0];\nif (d.getElementById(id)) return;\njs = d.createElement(s); js.id = id;\njs.src = 'https:\/\/connect.facebook.net\/es_LA\/sdk.js#xfbml=1&version=v3.2&appId=899106460676237&autoLogAppEvents=1';\nfjs.parentNode.insertBefore(js, fjs);\n}(document, 'script', 'facebook-jssdk'));\n<\/script><\/p>\n","protected":false},"excerpt":{"rendered":"<p>CELAYA, Gto. (OEM-Informex).- M\u00e1s de 40 mil personas de escuelas, empresas, dependencias de gobierno y clubes de servicio participaron este mi\u00e9rcoles en el D\u00eda del Desaf\u00edo, y en el caso del estadio de b\u00e9isbol \u201cCiro Soto Lara\u201d, se congregaron cerca de cuatro mil estudiantes de primaria y secundaria, as\u00ed como maestros y padres de familia, [&hellip;]<\/p>\n","protected":false},"author":2,"featured_media":11192,"comment_status":"","ping_status":"","sticky":false,"template":"","format":"standard","meta":{"_monsterinsights_skip_tracking":false,"_monsterinsights_sitenote_active":false,"_monsterinsights_sitenote_note":"","_monsterinsights_sitenote_category":0,"footnotes":""},"categories":[8],"tags":[],"class_list":["post-11191","post","type-post","status-publish","format-standard","has-post-thumbnail","hentry","category-guanajuato"],"_links":{"self":[{"href":"https:\/\/informebajio.com.mx\/index.php?rest_route=\/wp\/v2\/posts\/11191","targetHints":{"allow":["GET"]}}],"collection":[{"href":"https:\/\/informebajio.com.mx\/index.php?rest_route=\/wp\/v2\/posts"}],"about":[{"href":"https:\/\/informebajio.com.mx\/index.php?rest_route=\/wp\/v2\/types\/post"}],"author":[{"embeddable":true,"href":"https:\/\/informebajio.com.mx\/index.php?rest_route=\/wp\/v2\/users\/2"}],"replies":[{"embeddable":true,"href":"https:\/\/informebajio.com.mx\/index.php?rest_route=%2Fwp%2Fv2%2Fcomments&post=11191"}],"version-history":[{"count":0,"href":"https:\/\/informebajio.com.mx\/index.php?rest_route=\/wp\/v2\/posts\/11191\/revisions"}],"wp:featuredmedia":[{"embeddable":true,"href":"https:\/\/informebajio.com.mx\/index.php?rest_route=\/wp\/v2\/media\/11192"}],"wp:attachment":[{"href":"https:\/\/informebajio.com.mx\/index.php?rest_route=%2Fwp%2Fv2%2Fmedia&parent=11191"}],"wp:term":[{"taxonomy":"category","embeddable":true,"href":"https:\/\/informebajio.com.mx\/index.php?rest_route=%2Fwp%2Fv2%2Fcategories&post=11191"},{"taxonomy":"post_tag","embeddable":true,"href":"https:\/\/informebajio.com.mx\/index.php?rest_route=%2Fwp%2Fv2%2Ftags&post=11191"}],"curies":[{"name":"wp","href":"https:\/\/api.w.org\/{rel}","templated":true}]}}