{"id":11203,"date":"2023-06-01T20:23:39","date_gmt":"2023-06-02T01:23:39","guid":{"rendered":"https:\/\/informebajio.com.mx\/?p=11203"},"modified":"2023-06-01T20:23:39","modified_gmt":"2023-06-02T01:23:39","slug":"ofertan-empleos-para-jovenes-del-cecyte-plantel-san-juan-de-la-vega","status":"publish","type":"post","link":"https:\/\/informebajio.com.mx\/?p=11203","title":{"rendered":"Ofertan empleos para j\u00f3venes del CECyTE Plantel\u00a0San Juan\u00a0de La\u00a0Vega"},"content":{"rendered":"<div id=\"content-body-5851641-10152002\">\n<p><b>CELAYA, Gto. (OEM-Informex).-<\/b> Con la finalidad de <b>canalizar a los j\u00f3venes que no tienen elegida una universidad <\/b>para continuar sus estudios, pero que desean incursionar en el \u00e1mbito laboral, se llev\u00f3 a cabo la <b>\u201cFeria del Empleo 2023\u201d, <\/b>en las instalaciones del Colegio de Estudios Cient\u00edficos y Tecnol\u00f3gicos del Estado de Guanajuato <b>(CECyTE), Plantel San Juan de La Vega.<\/b><\/p>\n<p><b><a href=\"http:\/\/oem.pressreader.com\/el-sol-de-bajio\" target=\"_self\" rel=\"Follow noopener\">\u27a1\ufe0fSuscr\u00edbete a nuestra edici\u00f3n digital<\/a><\/b><\/p>\n<p>Durante la feria, se cont\u00f3 con la participaci\u00f3n <b>de seis empresas de la zona industrial, los Apaseos y Salvatierra, <\/b>quienes brindaron a los 311 estudiantes del sexto semestre la informaci\u00f3n que les solicitaban. <\/p>\n<p>Alejandra, quien pertenece al \u00e1rea de Vinculaci\u00f3n y es analista especializado, explic\u00f3 que cuando inici\u00f3 el a\u00f1o escolar se organiz\u00f3 para los alumnos de sexto semestre una <b>muestra profesiogr\u00e1fica,<\/b> con la finalidad de impulsarlos a que sigan estudiando.<\/p>\n<p><b>Te puede interesar:<\/b> <b><a href=\"https:\/\/www.elsoldelbajio.com.mx\/local\/alumnos-del-cedva-competiran-en-mundial-de-robotica-10140033.html\" target=\"_blank\" rel=\"Follow noopener\">Alumnos del CEDVA competir\u00e1n en mundial de rob\u00f3tica<\/a><\/b><\/p>\n<p>Sin embargo, al existir algunos que por el momento no est\u00e1n interesados en continuar con sus estudios, es que antes de finalizar el semestre se lleva a cabo la feria del empleo, ya que <b>\u201ca nosotros nos interesa que los j\u00f3venes desarrollen las competencias que adquirieron en la instituci\u00f3n y, sobre todo, que no est\u00e9n pensando en hacer otras actividades\u201d. <\/b><\/p>\n<p>Por otra parte, destac\u00f3 y agradeci\u00f3 el apoyo de Desarrollo Econ\u00f3mico, ya que cada a\u00f1o <b>\u201cbrinda talleres a los alumnos para que conozcan c\u00f3mo buscar empleo. Adem\u00e1s, resalt\u00f3 que la generaci\u00f3n 2023, ser\u00e1 encuestada hasta el siguiente a\u00f1o para conocer qu\u00e9 y c\u00f3mo se desarrollaron en el campo profesional o estudiantil, \u201cesto porque al ser vinculadores es importante para nosotros conocer c\u00f3mo van y encontrar estrategias de mejora para las nuevas generaciones\u201d,<\/b> concluy\u00f3. <\/p>\n<\/div>\n<p><script>(function(d, s, id) {\nvar js, fjs = d.getElementsByTagName(s)[0];\nif (d.getElementById(id)) return;\njs = d.createElement(s); js.id = id;\njs.src = 'https:\/\/connect.facebook.net\/es_LA\/sdk.js#xfbml=1&version=v3.2&appId=899106460676237&autoLogAppEvents=1';\nfjs.parentNode.insertBefore(js, fjs);\n}(document, 'script', 'facebook-jssdk'));\n<\/script><\/p>\n","protected":false},"excerpt":{"rendered":"<p>CELAYA, Gto. (OEM-Informex).- Con la finalidad de canalizar a los j\u00f3venes que no tienen elegida una universidad para continuar sus estudios, pero que desean incursionar en el \u00e1mbito laboral, se llev\u00f3 a cabo la \u201cFeria del Empleo 2023\u201d, en las instalaciones del Colegio de Estudios Cient\u00edficos y Tecnol\u00f3gicos del Estado de Guanajuato (CECyTE), Plantel San [&hellip;]<\/p>\n","protected":false},"author":2,"featured_media":11204,"comment_status":"","ping_status":"","sticky":false,"template":"","format":"standard","meta":{"_monsterinsights_skip_tracking":false,"_monsterinsights_sitenote_active":false,"_monsterinsights_sitenote_note":"","_monsterinsights_sitenote_category":0,"footnotes":""},"categories":[8],"tags":[],"class_list":["post-11203","post","type-post","status-publish","format-standard","has-post-thumbnail","hentry","category-guanajuato"],"_links":{"self":[{"href":"https:\/\/informebajio.com.mx\/index.php?rest_route=\/wp\/v2\/posts\/11203","targetHints":{"allow":["GET"]}}],"collection":[{"href":"https:\/\/informebajio.com.mx\/index.php?rest_route=\/wp\/v2\/posts"}],"about":[{"href":"https:\/\/informebajio.com.mx\/index.php?rest_route=\/wp\/v2\/types\/post"}],"author":[{"embeddable":true,"href":"https:\/\/informebajio.com.mx\/index.php?rest_route=\/wp\/v2\/users\/2"}],"replies":[{"embeddable":true,"href":"https:\/\/informebajio.com.mx\/index.php?rest_route=%2Fwp%2Fv2%2Fcomments&post=11203"}],"version-history":[{"count":0,"href":"https:\/\/informebajio.com.mx\/index.php?rest_route=\/wp\/v2\/posts\/11203\/revisions"}],"wp:featuredmedia":[{"embeddable":true,"href":"https:\/\/informebajio.com.mx\/index.php?rest_route=\/wp\/v2\/media\/11204"}],"wp:attachment":[{"href":"https:\/\/informebajio.com.mx\/index.php?rest_route=%2Fwp%2Fv2%2Fmedia&parent=11203"}],"wp:term":[{"taxonomy":"category","embeddable":true,"href":"https:\/\/informebajio.com.mx\/index.php?rest_route=%2Fwp%2Fv2%2Fcategories&post=11203"},{"taxonomy":"post_tag","embeddable":true,"href":"https:\/\/informebajio.com.mx\/index.php?rest_route=%2Fwp%2Fv2%2Ftags&post=11203"}],"curies":[{"name":"wp","href":"https:\/\/api.w.org\/{rel}","templated":true}]}}