{"id":11215,"date":"2023-06-02T00:23:01","date_gmt":"2023-06-02T05:23:01","guid":{"rendered":"https:\/\/informebajio.com.mx\/?p=11215"},"modified":"2023-06-02T00:23:01","modified_gmt":"2023-06-02T05:23:01","slug":"paristas-de-la-udeg-liberan-instalaciones-del-cucsh","status":"publish","type":"post","link":"https:\/\/informebajio.com.mx\/?p=11215","title":{"rendered":"Paristas de la UdeG liberan instalaciones del CUCSH"},"content":{"rendered":"<div>\n<p>Paristas liberaron las instalaciones del campus La Normal del Centro Universitario de Ciencias Sociales y Humanidades.<\/p>\n<p>(La Jornada)<\/p>\n<p>Guadalajara, Jal.\u00a0Bajo la consigna de \u201cnunca m\u00e1s tendr\u00e1n la comodidad de nuestro silencio\u201d, estudiantes del Centro Universitario de Ciencias Sociales y Humanidades (CUCSH) de la Universidad de Guadalajara liberaron las instalaciones del campus La Normal, tomadas el pasado 9 de mayo como protesta por la decisi\u00f3n de las autoridades universitarias de trasladarlos a las instalaciones de Belenes, en Zapopan, y para exigir que su sede actual sea dignificada tanto en infraestructura como en servicios.<\/p>\n<p>\u201cLos logros obtenidos en el paro (iniciado) el 9 de mayo en el CUCSH La Normal no se deben en lo absoluto a las actividades de la Federaci\u00f3n de Estudiantes Universitarios (FEU) que de forma oportunista intentaron colgarse de esta lucha, haci\u00e9ndole el juego a quienes han sido los responsables del abandono de los centros universitarios y el socavamiento del alumnado en disidencia\u201d, dijo el colectivo CUCSH No Se Mueve a trav\u00e9s de un comunicado.<\/p>\n<p>Recordaron que las denuncias sobre el mal estado de las instalaciones universitarias en especial en la divisi\u00f3n de Estudios Hist\u00f3ricos y Humanos, llevaban muchos a\u00f1os denunciadas tanto a directivos de la UdeG como a la FEU.<\/p>\n<div class=\"wp-block-image\">\n<figure class=\"aligncenter size-full\"><img loading=\"lazy\" decoding=\"async\" width=\"745\" height=\"496\" alt=\"\" srcset=\"https:\/\/laroja.com.mx\/wp-content\/uploads\/2023\/06\/image-9.png 745w, https:\/\/laroja.com.mx\/wp-content\/uploads\/2023\/06\/image-9-600x399.png 600w, https:\/\/laroja.com.mx\/wp-content\/uploads\/2023\/06\/image-9-150x100.png 150w\" src=\"https:\/\/laroja.com.mx\/wp-content\/uploads\/2023\/06\/image-9.png\" data-sizes=\"(max-width: 745px) 100vw, 745px\" class=\"wp-image-148712 lazyload\" bad-src=\"data:image\/gif;base64,R0lGODlhAQABAAAAACH5BAEKAAEALAAAAAABAAEAAAICTAEAOw==\"\/><noscript><img loading=\"lazy\" decoding=\"async\" width=\"745\" height=\"496\" src=\"https:\/\/laroja.com.mx\/wp-content\/uploads\/2023\/06\/image-9.png\" alt=\"\" class=\"wp-image-148712\" srcset=\"https:\/\/laroja.com.mx\/wp-content\/uploads\/2023\/06\/image-9.png 745w, https:\/\/laroja.com.mx\/wp-content\/uploads\/2023\/06\/image-9-600x399.png 600w, https:\/\/laroja.com.mx\/wp-content\/uploads\/2023\/06\/image-9-150x100.png 150w\" sizes=\"auto, (max-width: 745px) 100vw, 745px\"\/><\/noscript><figcaption class=\"wp-element-caption\">Foto: cortes\u00eda CUCSH No Se Mueve (La Jornada)<\/figcaption><\/figure>\n<\/div><\/div>\n<p><\/p>\n","protected":false},"excerpt":{"rendered":"<p>Paristas liberaron las instalaciones del campus La Normal del Centro Universitario de Ciencias Sociales y Humanidades. (La Jornada) Guadalajara, Jal.\u00a0Bajo la consigna de \u201cnunca m\u00e1s tendr\u00e1n la comodidad de nuestro silencio\u201d, estudiantes del Centro Universitario de Ciencias Sociales y Humanidades (CUCSH) de la Universidad de Guadalajara liberaron las instalaciones del campus La Normal, tomadas el [&hellip;]<\/p>\n","protected":false},"author":2,"featured_media":11216,"comment_status":"","ping_status":"","sticky":false,"template":"","format":"standard","meta":{"_monsterinsights_skip_tracking":false,"_monsterinsights_sitenote_active":false,"_monsterinsights_sitenote_note":"","_monsterinsights_sitenote_category":0,"footnotes":""},"categories":[5],"tags":[],"class_list":["post-11215","post","type-post","status-publish","format-standard","has-post-thumbnail","hentry","category-san-luis-potosi"],"_links":{"self":[{"href":"https:\/\/informebajio.com.mx\/index.php?rest_route=\/wp\/v2\/posts\/11215","targetHints":{"allow":["GET"]}}],"collection":[{"href":"https:\/\/informebajio.com.mx\/index.php?rest_route=\/wp\/v2\/posts"}],"about":[{"href":"https:\/\/informebajio.com.mx\/index.php?rest_route=\/wp\/v2\/types\/post"}],"author":[{"embeddable":true,"href":"https:\/\/informebajio.com.mx\/index.php?rest_route=\/wp\/v2\/users\/2"}],"replies":[{"embeddable":true,"href":"https:\/\/informebajio.com.mx\/index.php?rest_route=%2Fwp%2Fv2%2Fcomments&post=11215"}],"version-history":[{"count":0,"href":"https:\/\/informebajio.com.mx\/index.php?rest_route=\/wp\/v2\/posts\/11215\/revisions"}],"wp:featuredmedia":[{"embeddable":true,"href":"https:\/\/informebajio.com.mx\/index.php?rest_route=\/wp\/v2\/media\/11216"}],"wp:attachment":[{"href":"https:\/\/informebajio.com.mx\/index.php?rest_route=%2Fwp%2Fv2%2Fmedia&parent=11215"}],"wp:term":[{"taxonomy":"category","embeddable":true,"href":"https:\/\/informebajio.com.mx\/index.php?rest_route=%2Fwp%2Fv2%2Fcategories&post=11215"},{"taxonomy":"post_tag","embeddable":true,"href":"https:\/\/informebajio.com.mx\/index.php?rest_route=%2Fwp%2Fv2%2Ftags&post=11215"}],"curies":[{"name":"wp","href":"https:\/\/api.w.org\/{rel}","templated":true}]}}