{"id":11235,"date":"2023-06-02T06:11:18","date_gmt":"2023-06-02T11:11:18","guid":{"rendered":"https:\/\/informebajio.com.mx\/?p=11235"},"modified":"2023-06-02T06:11:18","modified_gmt":"2023-06-02T11:11:18","slug":"ambientalistas-reforestaran-avenida-paseo-central","status":"publish","type":"post","link":"https:\/\/informebajio.com.mx\/?p=11235","title":{"rendered":"Ambientalistas reforestar\u00e1n Avenida Paseo Central"},"content":{"rendered":"<div id=\"content-body-5851641-10142782\">\n<p>Durante este a\u00f1o se<b> iniciar\u00e1n los trabajos de<a href=\"https:\/\/www.elsoldesanjuandelrio.com.mx\/local\/habitantes-reforestan-cuadrilla-de-enmedio-8955905.html\" target=\"_self\" rel=\"Follow noopener\"> reforestaci\u00f3n<\/a><\/b> de la avenida <b>Paseo Central<\/b>, pues se ha identificado que sobre esta vialidad predomina el concreto, lo cual contribuye a los altos \u00edndices de calor que se est\u00e1n registrando en el municipio, dio a conocer el presidente de asociaci\u00f3n Concejo Ambiental, <b>Manuel \u00c1valos Casta\u00f1eda.<\/b><\/p>\n<p>Apunt\u00f3 que la zona de<b> Av. Paseo Central carece de \u00e1rboles suficientes <\/b>para regular las temperaturas, prueba de ello, dijo, son las cifras que se han marcado en el term\u00f3metro durante los \u00faltimos meses. Ante ello, dijo que se reforestar\u00e1n los camellones de la vialidad y sus partes laterales, contemplando la<b> colocaci\u00f3n de hasta 300 \u00e1rboles en el sitio<\/b>. <\/p>\n<p><i>\u201cEstamos viendo el proyecto como tal. Vamos a reforestar toda avenida Central, que sabemos que es una placa de cemento ah\u00ed que nada m\u00e1s nos trae altos \u00edndices de calor. Es lo que se est\u00e1 viendo ahorita, arreglar todo el camell\u00f3n de avenida central para darle una imagen diferente a San Juan del R\u00edo, que tengamos temperaturas m\u00e1s bajas, que es lo importante\u201d,<\/i> coment\u00f3. <\/p>\n<p>Refiri\u00f3 que las acciones podr\u00edan darse una vez que terminen las actividades correspondientes a la <b>Feria San Juan del R\u00edo 2023<\/b>; adem\u00e1s de que los trabajos se realizar\u00edan en coordinaci\u00f3n con la Secretar\u00eda de Desarrollo Sustentable Municipal (Sedesum), a trav\u00e9s de la <b>Direcci\u00f3n Municipal de Ecolog\u00eda y Medio Ambiente. <\/b><\/p>\n<p>Asimismo, refiri\u00f3 que<b> tendr\u00e1n acercamientos con las empresas asentadas sobre esta vialidad<\/b>, a fin de que haya un compromiso para el cuidado de los \u00e1rboles que ser\u00e1n colocados en el lugar. Inclusive, apunt\u00f3, se les instar\u00e1 para que en los jardines frontales de cada una de estas organizaciones se coloquen algunos aditamentos para <b>embellecer la imagen de esta zona de la demarcaci\u00f3n. <\/b><\/p>\n<p><i>\u201cEstamos pensando (hacerla) m\u00e1ximo, despu\u00e9s de la feria. Terminando lo de la feria abocarnos, yo creo que dos meses m\u00e1s. Estamos contemplando un promedio de entre 150 y 300 \u00e1rboles, porque no nada m\u00e1s es el camell\u00f3n, son las partes laterales y estamos buscando el compromiso de las empresas para que nos ayuden a regarlos con agua tratada y ver de qu\u00e9 manera pueden ellos ayudarnos con sus frentes (\u2026). Que puedan poderles tezontle o alg\u00fan tipo de aditamento que embellezca realmente al municipio de San Juan del R\u00edo\u201d, <\/i>mencion\u00f3. <\/p>\n<p><b>\u27a1\ufe0f <\/b><a href=\"https:\/\/oem.us16.list-manage.com\/subscribe?u=c04a811ee61dc85305bf7133b&amp;id=f1b85ee5bb\"><b>Suscr\u00edbete a nuestro Newsletter y recibe las notas m\u00e1s relevantes en tu correo<\/b><\/a><b\/><\/p>\n<p>Finalmente, afirm\u00f3 que hasta el momento la asociaci\u00f3n Concejo Ambiental <b>no ha recibido ning\u00fan reporte de tala inmoderada<\/b> de \u00e1rboles en San Juan del R\u00edo. Explic\u00f3 que en caso de presentarse una incidencia de este tipo, la agrupaci\u00f3n investigara para cerciorarse de que efectivamente se comenten actos en contra del medio ambiente.<\/p>\n<\/div>\n<p><script>(function(d, s, id) {\nvar js, fjs = d.getElementsByTagName(s)[0];\nif (d.getElementById(id)) return;\njs = d.createElement(s); js.id = id;\njs.src = 'https:\/\/connect.facebook.net\/es_LA\/sdk.js#xfbml=1&version=v3.2&appId=232029482016746&autoLogAppEvents=1';\nfjs.parentNode.insertBefore(js, fjs);\n}(document, 'script', 'facebook-jssdk'));\n<\/script><\/p>\n","protected":false},"excerpt":{"rendered":"<p>Durante este a\u00f1o se iniciar\u00e1n los trabajos de reforestaci\u00f3n de la avenida Paseo Central, pues se ha identificado que sobre esta vialidad predomina el concreto, lo cual contribuye a los altos \u00edndices de calor que se est\u00e1n registrando en el municipio, dio a conocer el presidente de asociaci\u00f3n Concejo Ambiental, Manuel \u00c1valos Casta\u00f1eda. Apunt\u00f3 que [&hellip;]<\/p>\n","protected":false},"author":2,"featured_media":11236,"comment_status":"","ping_status":"","sticky":false,"template":"","format":"standard","meta":{"_monsterinsights_skip_tracking":false,"_monsterinsights_sitenote_active":false,"_monsterinsights_sitenote_note":"","_monsterinsights_sitenote_category":0,"footnotes":""},"categories":[6],"tags":[],"class_list":["post-11235","post","type-post","status-publish","format-standard","has-post-thumbnail","hentry","category-san-juan-del-rio"],"_links":{"self":[{"href":"https:\/\/informebajio.com.mx\/index.php?rest_route=\/wp\/v2\/posts\/11235","targetHints":{"allow":["GET"]}}],"collection":[{"href":"https:\/\/informebajio.com.mx\/index.php?rest_route=\/wp\/v2\/posts"}],"about":[{"href":"https:\/\/informebajio.com.mx\/index.php?rest_route=\/wp\/v2\/types\/post"}],"author":[{"embeddable":true,"href":"https:\/\/informebajio.com.mx\/index.php?rest_route=\/wp\/v2\/users\/2"}],"replies":[{"embeddable":true,"href":"https:\/\/informebajio.com.mx\/index.php?rest_route=%2Fwp%2Fv2%2Fcomments&post=11235"}],"version-history":[{"count":0,"href":"https:\/\/informebajio.com.mx\/index.php?rest_route=\/wp\/v2\/posts\/11235\/revisions"}],"wp:featuredmedia":[{"embeddable":true,"href":"https:\/\/informebajio.com.mx\/index.php?rest_route=\/wp\/v2\/media\/11236"}],"wp:attachment":[{"href":"https:\/\/informebajio.com.mx\/index.php?rest_route=%2Fwp%2Fv2%2Fmedia&parent=11235"}],"wp:term":[{"taxonomy":"category","embeddable":true,"href":"https:\/\/informebajio.com.mx\/index.php?rest_route=%2Fwp%2Fv2%2Fcategories&post=11235"},{"taxonomy":"post_tag","embeddable":true,"href":"https:\/\/informebajio.com.mx\/index.php?rest_route=%2Fwp%2Fv2%2Ftags&post=11235"}],"curies":[{"name":"wp","href":"https:\/\/api.w.org\/{rel}","templated":true}]}}