{"id":11237,"date":"2023-06-02T06:42:23","date_gmt":"2023-06-02T11:42:23","guid":{"rendered":"https:\/\/informebajio.com.mx\/?p=11237"},"modified":"2023-06-02T06:42:23","modified_gmt":"2023-06-02T11:42:23","slug":"transfeminicidio-aun-es-un-tema-por-trabajar-en-el-estado-seimujer","status":"publish","type":"post","link":"https:\/\/informebajio.com.mx\/?p=11237","title":{"rendered":"Transfeminicidio a\u00fan es un tema por trabajar en el estado: Seimujer"},"content":{"rendered":"<div id=\"content-body-5851641-10156821\">\n<p>Morelia, Michoac\u00e1n (OEM-Infomex).- Ha incrementado el suicidio en infancias y adolescencias trans y todav\u00eda falta que se tipifiquen los cr\u00edmenes por transfeminicidio, mencion\u00f3 la titular de la Secretar\u00eda de Igualdad Sustantiva de las Mujeres Michoacanas (Seimujer), Carolina Rangel Gracida. <\/p>\n<p>Pero admiti\u00f3 que<b> no se ha reunido con legisladores para trabajar en la materia de transfeminicidio.<\/b> &#8220;Hasta el momento no, pero sabemos que es agenda pendiente (&#8230;) en su momento se trabaj\u00f3 en Bienestar la visibilizaci\u00f3n del transfeminicidio como crimen de odio y habr\u00eda que insistir en que se pueda hablar estos temas y legislarlos&#8221;. <\/p>\n<p>Para la atenci\u00f3n el problema de los suicidios, afirm\u00f3 que desde Seimujer han dado acompa\u00f1amiento a mujeres trans &#8220;sobre todo ha sido en el \u00e1rea psicol\u00f3gica, s\u00ed queremos trabajar en ello y <b>llamar\u00eda a que las mujeres trans se acerquen a la Seimujer<\/b>&#8220;. <\/p>\n<article class=\"local&#10;media col-md-4 inline-story \">\n<\/article>\n<p>Agreg\u00f3 que impulsar\u00e1n acciones de visibilidad y educaci\u00f3n en este mes de junio, pero no detall\u00f3 cuales, cu\u00e1ntas y d\u00f3nde se har\u00e1n. Rangel Gracida enfatiz\u00f3 que la dependencia a su cargo es de puertas abiertas a mujeres trans y cis.<\/p>\n<p>En cambio, hizo un llamado a l\u00edderes partidistas como el dirigente del PES, Eder L\u00f3pez, &#8220;a que se den cuenta de que la poblaci\u00f3n ya despert\u00f3 y <b>somos libres de amar y vernos como queramos<\/b>&#8220;. <\/p>\n<p>El l\u00edder pesista critic\u00f3 esta ma\u00f1ana el uso de recursos p\u00fablicos en promoci\u00f3n de la causa LGBT+ con la colocaci\u00f3n de banderas en espacios p\u00fablicos. &#8220;Quienes encabezan estos discursos de odio y los replican que se den cuenta de en qu\u00e9 \u00e9poca vivimos (&#8230;) no se hagan m\u00e1s discursos de odio porque justo generan esta confrontaci\u00f3n entre la poblaci\u00f3n&#8221;.<\/p>\n<\/div>\n<p><script>(function(d, s, id) {\nvar js, fjs = d.getElementsByTagName(s)[0];\nif (d.getElementById(id)) return;\njs = d.createElement(s); js.id = id;\njs.src = 'https:\/\/connect.facebook.net\/es_LA\/sdk.js#xfbml=1&version=v3.2&appId=2304818722879035&autoLogAppEvents=1';\nfjs.parentNode.insertBefore(js, fjs);\n}(document, 'script', 'facebook-jssdk'));\n<\/script><\/p>\n","protected":false},"excerpt":{"rendered":"<p>Morelia, Michoac\u00e1n (OEM-Infomex).- Ha incrementado el suicidio en infancias y adolescencias trans y todav\u00eda falta que se tipifiquen los cr\u00edmenes por transfeminicidio, mencion\u00f3 la titular de la Secretar\u00eda de Igualdad Sustantiva de las Mujeres Michoacanas (Seimujer), Carolina Rangel Gracida. Pero admiti\u00f3 que no se ha reunido con legisladores para trabajar en la materia de transfeminicidio. [&hellip;]<\/p>\n","protected":false},"author":2,"featured_media":11238,"comment_status":"","ping_status":"","sticky":false,"template":"","format":"standard","meta":{"_monsterinsights_skip_tracking":false,"_monsterinsights_sitenote_active":false,"_monsterinsights_sitenote_note":"","_monsterinsights_sitenote_category":0,"footnotes":""},"categories":[7],"tags":[],"class_list":["post-11237","post","type-post","status-publish","format-standard","has-post-thumbnail","hentry","category-michoacan"],"_links":{"self":[{"href":"https:\/\/informebajio.com.mx\/index.php?rest_route=\/wp\/v2\/posts\/11237","targetHints":{"allow":["GET"]}}],"collection":[{"href":"https:\/\/informebajio.com.mx\/index.php?rest_route=\/wp\/v2\/posts"}],"about":[{"href":"https:\/\/informebajio.com.mx\/index.php?rest_route=\/wp\/v2\/types\/post"}],"author":[{"embeddable":true,"href":"https:\/\/informebajio.com.mx\/index.php?rest_route=\/wp\/v2\/users\/2"}],"replies":[{"embeddable":true,"href":"https:\/\/informebajio.com.mx\/index.php?rest_route=%2Fwp%2Fv2%2Fcomments&post=11237"}],"version-history":[{"count":0,"href":"https:\/\/informebajio.com.mx\/index.php?rest_route=\/wp\/v2\/posts\/11237\/revisions"}],"wp:featuredmedia":[{"embeddable":true,"href":"https:\/\/informebajio.com.mx\/index.php?rest_route=\/wp\/v2\/media\/11238"}],"wp:attachment":[{"href":"https:\/\/informebajio.com.mx\/index.php?rest_route=%2Fwp%2Fv2%2Fmedia&parent=11237"}],"wp:term":[{"taxonomy":"category","embeddable":true,"href":"https:\/\/informebajio.com.mx\/index.php?rest_route=%2Fwp%2Fv2%2Fcategories&post=11237"},{"taxonomy":"post_tag","embeddable":true,"href":"https:\/\/informebajio.com.mx\/index.php?rest_route=%2Fwp%2Fv2%2Ftags&post=11237"}],"curies":[{"name":"wp","href":"https:\/\/api.w.org\/{rel}","templated":true}]}}