{"id":11251,"date":"2023-06-02T11:35:40","date_gmt":"2023-06-02T16:35:40","guid":{"rendered":"https:\/\/informebajio.com.mx\/?p=11251"},"modified":"2023-06-02T11:35:40","modified_gmt":"2023-06-02T16:35:40","slug":"ante-lideres-globales-de-la-politica-y-el-periodismo-arranco-el-primer-encuentro-iberoamericano-voces-por-la-paz","status":"publish","type":"post","link":"https:\/\/informebajio.com.mx\/?p=11251","title":{"rendered":"Ante l\u00edderes globales de la pol\u00edtica y el periodismo arranc\u00f3 el primer encuentro Iberoamericano Voces por la Paz"},"content":{"rendered":"<div id=\"content-body-5851641-10156872\">\n<p>Le\u00f3n, Gto.- Ante <b>l\u00edderes <\/b>globales de la pol\u00edtica y el periodismo y personalidades de <b>diferentes partes del mundo,<\/b> la ma\u00f1ana de este jueves se llev\u00f3 a cabo la inauguraci\u00f3n del<b> Primer Encuentro Iberoamericano Voces Por la Paz<\/b> que tiene sede en el municipio de Le\u00f3n. <\/p>\n<p>\u27a1 <u><a href=\"https:\/\/oem.pressreader.com\/el-sol-de-leon\" target=\"_blank\" rel=\"Follow noopener\"><b>Suscr\u00edbete a nuestra edici\u00f3n digital<\/b><\/a><\/u><\/p>\n<p>El evento se llev\u00f3 a cabo en el Teatro Bicentenario del Forum Cultural Guanajuato y permanecer\u00e1 hasta el pr\u00f3ximo s\u00e1bado. Estar\u00e1 conformado po<b>r conferencias magistrales, charlas paneles y talleres presentados por periodistas de diferentes pa\u00edses del mundo.<\/b><\/p>\n<p>Por su parte, el secretario de Gobierno de Guanajuato,<b> Jes\u00fas Oviedo Herrera, les dio la bienvenida a este evento<\/b> que tiene la finalidad de que sume a la <b>paz en M\u00e9xico.<\/b><\/p>\n<p>\u201cHoy recibimos con mucho gusto a las personalidades internacionales y l\u00edderes globales que estar\u00e1n participando, compartiendo su experiencia y su pensamiento<b> para promover una cultura de paz en M\u00e9xico y en todo el mundo<\/b>. De igual forma, a periodistas y l\u00edderes de opini\u00f3n que estar\u00e1n enriqueciendo este ejercicio\u201d.<\/p>\n<p>\u201cLas reflexiones que aqu\u00ed se expresen, nos lleven a dar un siguiente paso <b>para promover esta cultura de paz en todos los espacios posibles: en la familia, en el trabajo, en la escuela, en las calles<\/b> y plazas, y en nuestra actitud diaria con nuestros semejantes\u201d, dijo.<\/p>\n<p><b>Te puede interesar:<\/b> <b><u><a href=\"https:\/\/www.elsoldeleon.com.mx\/local\/invitan-a-primer-encuentro-iberoamericano-del-periodismo-por-la-paz-10036862.html\" target=\"_self\" rel=\"Follow noopener\">Invitan a primer encuentro Iberoamericano del Periodismo por la Paz<\/a><\/u><\/b><\/p>\n<p>Coment\u00f3 que <b>la paz no es s\u00f3lo es la ausencia de la guerra<\/b>, pues es el r<b>espeto a los dem\u00e1s, a la dignidad de las personas,<\/b> a sus derechos, a su individualidad: \u201cLa din\u00e1mica y el ajetreo de todos los d\u00edas, especialmente en las ciudades, nos lleva<b> a perder de vista que todos podemos aportar a la paz social,<\/b> simplemente cambiando nuestras actitudes\u201d.<\/p>\n<p>En esta ceremonia se cont\u00f3 con la participaci\u00f3n del Pr<b>esidente de Somos Iberoam\u00e9rica Periodismo por la Paz -SOIPAZ- Jorge Robledo Vega,<\/b> quien resalt\u00f3 que, en<b> Guanajuato durante tres d\u00edas, se escuchar\u00e1 la voz de l\u00edderes de opini\u00f3n para promover la paz en las naciones iberoamericanas.<\/b><\/p>\n<p>Al evento se espera la asistencia de 800 a 1 mil 200 personas<b>. El programa de actividades contempla la participaci\u00f3n de voces y periodistas por la paz de diferentes pa\u00edses <\/b>como <b>Alberto Pel\u00e1ez, de Espa\u00f1a,<\/b> quien es periodista, novelista, corresponsal de 20 guerras. <b>Ana Barrero, periodista<\/b>, directora de la Fundaci\u00f3n Cultura de Paz en Madrid. De Chile asistir\u00e1 <b>Gonzalo E. C\u00e1ceres, <\/b>CoFundador de Deutsche Welle TV Alemania. <\/p>\n<p>Adem\u00e1s de <b>Pablo Latap\u00ed, comunicador mexicano y director editorial del peri\u00f3dico El Economista.<\/b><\/p>\n<p>Luego de la ceremonia inaugural,<b> Shirin Ebadi, Premio Nobel de la Paz 2003, dict\u00f3 la conferencia magistral \u201cLa partic<\/b>ipaci\u00f3n de las mujeres en los procesos de Paz\u201d.<\/p>\n<p>En la inauguraci\u00f3n tambi\u00e9n se cont\u00f3 con la asistencia del Director Regional para M\u00e9xico, Centroam\u00e9rica y el Caribe de SEGIB -Secretar\u00eda General para Iberoam\u00e9rica-; la Alcaldesa de Le\u00f3n, Alejandra Guti\u00e9rrez Campos; la Presidenta del Supremo Tribunal de Justicia del Estado, Ma. Rosa Medina Rodr\u00edguez; el Comandante de la XVI Zona Militar, el General Brigadier DEM, Enrique Garc\u00eda Jaramillo; el Coordinador General de Comunicaci\u00f3n Social del Estado de Guanajuato, Alan Sahir M\u00e1rquez Becerra.<\/p>\n<\/div>\n<p><script>(function(d, s, id) {\nvar js, fjs = d.getElementsByTagName(s)[0];\nif (d.getElementById(id)) return;\njs = d.createElement(s); js.id = id;\njs.src = 'https:\/\/connect.facebook.net\/es_LA\/sdk.js#xfbml=1&version=v3.2&appId=899106460676237&autoLogAppEvents=1';\nfjs.parentNode.insertBefore(js, fjs);\n}(document, 'script', 'facebook-jssdk'));\n<\/script><\/p>\n","protected":false},"excerpt":{"rendered":"<p>Le\u00f3n, Gto.- Ante l\u00edderes globales de la pol\u00edtica y el periodismo y personalidades de diferentes partes del mundo, la ma\u00f1ana de este jueves se llev\u00f3 a cabo la inauguraci\u00f3n del Primer Encuentro Iberoamericano Voces Por la Paz que tiene sede en el municipio de Le\u00f3n. \u27a1 Suscr\u00edbete a nuestra edici\u00f3n digital El evento se llev\u00f3 [&hellip;]<\/p>\n","protected":false},"author":2,"featured_media":11252,"comment_status":"","ping_status":"","sticky":false,"template":"","format":"standard","meta":{"_monsterinsights_skip_tracking":false,"_monsterinsights_sitenote_active":false,"_monsterinsights_sitenote_note":"","_monsterinsights_sitenote_category":0,"footnotes":""},"categories":[8],"tags":[],"class_list":["post-11251","post","type-post","status-publish","format-standard","has-post-thumbnail","hentry","category-guanajuato"],"_links":{"self":[{"href":"https:\/\/informebajio.com.mx\/index.php?rest_route=\/wp\/v2\/posts\/11251","targetHints":{"allow":["GET"]}}],"collection":[{"href":"https:\/\/informebajio.com.mx\/index.php?rest_route=\/wp\/v2\/posts"}],"about":[{"href":"https:\/\/informebajio.com.mx\/index.php?rest_route=\/wp\/v2\/types\/post"}],"author":[{"embeddable":true,"href":"https:\/\/informebajio.com.mx\/index.php?rest_route=\/wp\/v2\/users\/2"}],"replies":[{"embeddable":true,"href":"https:\/\/informebajio.com.mx\/index.php?rest_route=%2Fwp%2Fv2%2Fcomments&post=11251"}],"version-history":[{"count":0,"href":"https:\/\/informebajio.com.mx\/index.php?rest_route=\/wp\/v2\/posts\/11251\/revisions"}],"wp:featuredmedia":[{"embeddable":true,"href":"https:\/\/informebajio.com.mx\/index.php?rest_route=\/wp\/v2\/media\/11252"}],"wp:attachment":[{"href":"https:\/\/informebajio.com.mx\/index.php?rest_route=%2Fwp%2Fv2%2Fmedia&parent=11251"}],"wp:term":[{"taxonomy":"category","embeddable":true,"href":"https:\/\/informebajio.com.mx\/index.php?rest_route=%2Fwp%2Fv2%2Fcategories&post=11251"},{"taxonomy":"post_tag","embeddable":true,"href":"https:\/\/informebajio.com.mx\/index.php?rest_route=%2Fwp%2Fv2%2Ftags&post=11251"}],"curies":[{"name":"wp","href":"https:\/\/api.w.org\/{rel}","templated":true}]}}