{"id":11253,"date":"2023-06-02T12:14:27","date_gmt":"2023-06-02T17:14:27","guid":{"rendered":"https:\/\/informebajio.com.mx\/?p=11253"},"modified":"2023-06-02T12:14:27","modified_gmt":"2023-06-02T17:14:27","slug":"sergio-rojas-solicito-licencia-temporal","status":"publish","type":"post","link":"https:\/\/informebajio.com.mx\/?p=11253","title":{"rendered":"Sergio Rojas solicit\u00f3 licencia temporal"},"content":{"rendered":"<div id=\"content-body-5851641-10142811\">\n<p><b>En Sesi\u00f3n Ordinaria de Cabildo<\/b>, integrantes del H. <b>Ayuntamiento de San Juan del R\u00edo<\/b> aprobaron por unanimidad la <b>solicitud<\/b> presentada por <b>Sergio Arturo Rojas Flores<\/b> que le otorga <b>licencia temporal por 90 d\u00edas,<\/b> toda vez que, se dijo, <b>ser\u00e1 sometido a un procedimiento m\u00e9dico<\/b>, por lo cual dejar\u00e1 la titularidad de la Secretar\u00eda de Ayuntamiento durante ese lapso.<\/p>\n<p>Fue durante el uso de la voz cuando el presidente municipal, <b>Roberto Cabrera Valencia<\/b>, inform\u00f3 a los regidores presentes que se recibi\u00f3 un oficio presentado por Rojas Flores mediante el cual solicitaba la autorizaci\u00f3n al cuerpo colegiado para contar con licencia temporal por 90 d\u00edas, la cua<b>l surte efectos a partir del 29 de mayo hasta el 26 de agosto de a\u00f1o<\/b>, esto debido a que dicho personaje se someter\u00e1 a una intervenci\u00f3n m\u00e9dica. <\/p>\n<p>Adem\u00e1s, agreg\u00f3 que el funcionario<b> se reintegrar\u00e1 a sus labores el 27 de agosto de este a\u00f1o<\/b>, esto de acuerdo a lo establecido en la Ley Org\u00e1nica Municipal del Estado de Quer\u00e9taro y del Reglamento Interior del Ayuntamiento de San Juan del R\u00edo. <\/p>\n<p>Asimismo, con ocho votos a favor, integrantes del H. Ayuntamiento <b>aprobaron<\/b> la propuesta del edil para que <b>Octaviano S\u00e1nchez Mart\u00ednez quede al frente de la Secretar\u00eda de Ayuntamiento durante ese periodo.<\/b> En ese sentido, el alcalde record\u00f3 que este \u00faltimo hab\u00eda brindado apoyo en la direcci\u00f3n de las \u00faltimas sesiones de cabildo. <\/p>\n<p><i>\u201cDe conformidad con lo establecido en el art\u00edculo 140 del Reglamento Interior del Municipio de San Juan del R\u00edo, Quer\u00e9taro, propongo a los presentes, para los efectos correspondientes, que ocupe la titularidad como secretario de Ayuntamiento por 90 d\u00edas, quien lo ocupe sea el licenciado Octaviano S\u00e1nchez Mart\u00ednez, aqu\u00ed presente y quien ha tenido a bien asistirnos en sesiones pasadas\u201d,<\/i> dijo el presidente municipal. <\/p>\n<p>Tras la votaci\u00f3n,<b> se tom\u00f3 protesta a S\u00e1nchez Mart\u00ednez como nuevo titular<\/b> de la Secretar\u00eda de Ayuntamiento de San Juan del R\u00edo. Una vez culminado el protocolo, el nuevo secretario se incorpor\u00f3 a la sesi\u00f3n de cabildo y se continu\u00f3 con el desahogo del orden del d\u00eda.<\/p>\n<p><b>\u27a1\ufe0f <\/b><a href=\"https:\/\/oem.us16.list-manage.com\/subscribe?u=c04a811ee61dc85305bf7133b&amp;id=f1b85ee5bb\"><b>Suscr\u00edbete a nuestro Newsletter y recibe las notas m\u00e1s relevantes en tu correo<\/b><\/a><b\/><\/p>\n<p>Sergio Arturo Rojas Flores dej\u00f3 de dirigir las sesiones de cabildo desde hace un par de meses. En su momento, <b>Cabrera Valencia asegur\u00f3 que el funcionario estaba pasando por complicaciones de salu<\/b>d, situaci\u00f3n que explicaba su ausencia. Tal y como subray\u00f3 el alcalde, ser\u00e1 el 27 de agosto cuando el secretario con licencia se reincorpore a sus funciones habituales dentro del actual Gobierno Municipal.<\/p>\n<\/div>\n<p><script>(function(d, s, id) {\nvar js, fjs = d.getElementsByTagName(s)[0];\nif (d.getElementById(id)) return;\njs = d.createElement(s); js.id = id;\njs.src = 'https:\/\/connect.facebook.net\/es_LA\/sdk.js#xfbml=1&version=v3.2&appId=232029482016746&autoLogAppEvents=1';\nfjs.parentNode.insertBefore(js, fjs);\n}(document, 'script', 'facebook-jssdk'));\n<\/script><\/p>\n","protected":false},"excerpt":{"rendered":"<p>En Sesi\u00f3n Ordinaria de Cabildo, integrantes del H. Ayuntamiento de San Juan del R\u00edo aprobaron por unanimidad la solicitud presentada por Sergio Arturo Rojas Flores que le otorga licencia temporal por 90 d\u00edas, toda vez que, se dijo, ser\u00e1 sometido a un procedimiento m\u00e9dico, por lo cual dejar\u00e1 la titularidad de la Secretar\u00eda de Ayuntamiento [&hellip;]<\/p>\n","protected":false},"author":2,"featured_media":11254,"comment_status":"","ping_status":"","sticky":false,"template":"","format":"standard","meta":{"_monsterinsights_skip_tracking":false,"_monsterinsights_sitenote_active":false,"_monsterinsights_sitenote_note":"","_monsterinsights_sitenote_category":0,"footnotes":""},"categories":[6],"tags":[],"class_list":["post-11253","post","type-post","status-publish","format-standard","has-post-thumbnail","hentry","category-san-juan-del-rio"],"_links":{"self":[{"href":"https:\/\/informebajio.com.mx\/index.php?rest_route=\/wp\/v2\/posts\/11253","targetHints":{"allow":["GET"]}}],"collection":[{"href":"https:\/\/informebajio.com.mx\/index.php?rest_route=\/wp\/v2\/posts"}],"about":[{"href":"https:\/\/informebajio.com.mx\/index.php?rest_route=\/wp\/v2\/types\/post"}],"author":[{"embeddable":true,"href":"https:\/\/informebajio.com.mx\/index.php?rest_route=\/wp\/v2\/users\/2"}],"replies":[{"embeddable":true,"href":"https:\/\/informebajio.com.mx\/index.php?rest_route=%2Fwp%2Fv2%2Fcomments&post=11253"}],"version-history":[{"count":0,"href":"https:\/\/informebajio.com.mx\/index.php?rest_route=\/wp\/v2\/posts\/11253\/revisions"}],"wp:featuredmedia":[{"embeddable":true,"href":"https:\/\/informebajio.com.mx\/index.php?rest_route=\/wp\/v2\/media\/11254"}],"wp:attachment":[{"href":"https:\/\/informebajio.com.mx\/index.php?rest_route=%2Fwp%2Fv2%2Fmedia&parent=11253"}],"wp:term":[{"taxonomy":"category","embeddable":true,"href":"https:\/\/informebajio.com.mx\/index.php?rest_route=%2Fwp%2Fv2%2Fcategories&post=11253"},{"taxonomy":"post_tag","embeddable":true,"href":"https:\/\/informebajio.com.mx\/index.php?rest_route=%2Fwp%2Fv2%2Ftags&post=11253"}],"curies":[{"name":"wp","href":"https:\/\/api.w.org\/{rel}","templated":true}]}}