{"id":11255,"date":"2023-06-02T13:42:47","date_gmt":"2023-06-02T18:42:47","guid":{"rendered":"https:\/\/informebajio.com.mx\/?p=11255"},"modified":"2023-06-02T13:42:47","modified_gmt":"2023-06-02T18:42:47","slug":"zayin-villavicencio-nueva-coordinadora-general-de-comunicacion-social","status":"publish","type":"post","link":"https:\/\/informebajio.com.mx\/?p=11255","title":{"rendered":"Zayin Villavicencio, nueva coordinadora general de Comunicaci\u00f3n Social"},"content":{"rendered":"<div id=\"content-body-225-10152631\">\n<p>Morelia, Michoac\u00e1n (OEM-Infomex).- Tras m\u00e1s de un <b>a\u00f1o y medio<\/b> al frente de la <b>Coordinaci\u00f3n General de Comunicaci\u00f3n Social<\/b>, <b>Carlos M\u00e1rquez<\/b> fue sustituido por<b> Zayin Villavicencio<\/b>.<\/p>\n<p>La periodista fung\u00eda como directiva del portal <b>Revoluci\u00f3n 3.0 <\/b>y es considerada del c\u00edrculo cercano del gobernador <b>Alfredo Ram\u00edrez Bedolla<\/b>.<\/p>\n<p>Incluso, durante la <b>campa\u00f1a electoral del 2021<\/b>, fue quien manej\u00f3 el \u00e1rea de prensa del otrora candidato.<\/p>\n<p>Egresada de la <b>Facultad de Periodismo de la Universidad de Morelia<\/b>, Villavicencio tendr\u00e1 ahora la responsabilidad de manejar la imagen y comunicaci\u00f3n de la autoridad estatal.<\/p>\n<p>El \u00faltimo evento p\u00fablico de Carlos M\u00e1rquez como coordinador general fue en el arranque del curso de pilotaje de drones, impulsado en conjunto con el <b>Centro de Estudios Cient\u00edficos y Tecnol\u00f3gicos <\/b>(CECyTE). <\/p>\n<\/div>\n<p><script>(function(d, s, id) {\nvar js, fjs = d.getElementsByTagName(s)[0];\nif (d.getElementById(id)) return;\njs = d.createElement(s); js.id = id;\njs.src = 'https:\/\/connect.facebook.net\/es_LA\/sdk.js#xfbml=1&version=v3.2&appId=2304818722879035&autoLogAppEvents=1';\nfjs.parentNode.insertBefore(js, fjs);\n}(document, 'script', 'facebook-jssdk'));\n<\/script><\/p>\n","protected":false},"excerpt":{"rendered":"<p>Morelia, Michoac\u00e1n (OEM-Infomex).- Tras m\u00e1s de un a\u00f1o y medio al frente de la Coordinaci\u00f3n General de Comunicaci\u00f3n Social, Carlos M\u00e1rquez fue sustituido por Zayin Villavicencio. La periodista fung\u00eda como directiva del portal Revoluci\u00f3n 3.0 y es considerada del c\u00edrculo cercano del gobernador Alfredo Ram\u00edrez Bedolla. Incluso, durante la campa\u00f1a electoral del 2021, fue quien [&hellip;]<\/p>\n","protected":false},"author":2,"featured_media":11256,"comment_status":"","ping_status":"","sticky":false,"template":"","format":"standard","meta":{"_monsterinsights_skip_tracking":false,"_monsterinsights_sitenote_active":false,"_monsterinsights_sitenote_note":"","_monsterinsights_sitenote_category":0,"footnotes":""},"categories":[7],"tags":[],"class_list":["post-11255","post","type-post","status-publish","format-standard","has-post-thumbnail","hentry","category-michoacan"],"_links":{"self":[{"href":"https:\/\/informebajio.com.mx\/index.php?rest_route=\/wp\/v2\/posts\/11255","targetHints":{"allow":["GET"]}}],"collection":[{"href":"https:\/\/informebajio.com.mx\/index.php?rest_route=\/wp\/v2\/posts"}],"about":[{"href":"https:\/\/informebajio.com.mx\/index.php?rest_route=\/wp\/v2\/types\/post"}],"author":[{"embeddable":true,"href":"https:\/\/informebajio.com.mx\/index.php?rest_route=\/wp\/v2\/users\/2"}],"replies":[{"embeddable":true,"href":"https:\/\/informebajio.com.mx\/index.php?rest_route=%2Fwp%2Fv2%2Fcomments&post=11255"}],"version-history":[{"count":0,"href":"https:\/\/informebajio.com.mx\/index.php?rest_route=\/wp\/v2\/posts\/11255\/revisions"}],"wp:featuredmedia":[{"embeddable":true,"href":"https:\/\/informebajio.com.mx\/index.php?rest_route=\/wp\/v2\/media\/11256"}],"wp:attachment":[{"href":"https:\/\/informebajio.com.mx\/index.php?rest_route=%2Fwp%2Fv2%2Fmedia&parent=11255"}],"wp:term":[{"taxonomy":"category","embeddable":true,"href":"https:\/\/informebajio.com.mx\/index.php?rest_route=%2Fwp%2Fv2%2Fcategories&post=11255"},{"taxonomy":"post_tag","embeddable":true,"href":"https:\/\/informebajio.com.mx\/index.php?rest_route=%2Fwp%2Fv2%2Ftags&post=11255"}],"curies":[{"name":"wp","href":"https:\/\/api.w.org\/{rel}","templated":true}]}}