{"id":11259,"date":"2023-06-02T15:49:59","date_gmt":"2023-06-02T20:49:59","guid":{"rendered":"https:\/\/informebajio.com.mx\/?p=11259"},"modified":"2023-06-02T15:49:59","modified_gmt":"2023-06-02T20:49:59","slug":"hay-insuficientes-defensores-publicos-en-materia-penal","status":"publish","type":"post","link":"https:\/\/informebajio.com.mx\/?p=11259","title":{"rendered":"Hay insuficientes defensores p\u00fablicos en materia penal"},"content":{"rendered":"<div id=\"content-body-5851641-10151873\">\n<p><b>CELAYA, Gto. (OEM-Informex).-<\/b> Actualmente en la ciudad \u201csolamente tenemos <b>10 abogados<\/b> <b>penalistas de la Defensor\u00eda P\u00fablica de Oficio<\/b> que est\u00e1n atendiendo a aproximadamente <b>130 y 140<\/b> <b>causas penales,<\/b> lo cual no permite concertarse, crear una teor\u00eda del caso, ni del delito para cada una de ellas, sino que se da cause a la gesti\u00f3n, vinculaci\u00f3n y la b\u00fasqueda de una salida alternativa sin ver los fondos de las situaciones\u201d, por tal motivo, el activista social <b>Leonardo Vidal Coria<\/b> <b>Jim\u00e9nez,<\/b> buscando que exista una adecuada defensa, inform\u00f3 que busca presentar este a\u00f1o ante el <b>Poder Legislativo<\/b> una propuesta para crear el <b>\u201cInstituto de la Defensor\u00eda P\u00fablica Penal\u201d.<\/b><\/p>\n<p><b><a href=\"http:\/\/oem.pressreader.com\/el-sol-de-bajio\" target=\"_self\" rel=\"Follow noopener\">\u27a1\ufe0fSuscr\u00edbete a nuestra edici\u00f3n digital<\/a><\/b><\/p>\n<p><b>Coria Jim\u00e9nez<\/b> explic\u00f3 que se encuentra por concluir la carrera en Derecho y como parte de su estad\u00eda profesional, desarroll\u00f3 este proyecto de investigaci\u00f3n, el cual le servir\u00e1 no solo para titularse, sino para <b>\u201chacer un cambio para el beneficio de la sociedad, porque la intenci\u00f3n es garantizar, proteger y tutelar los derechos humanos con realidades y no solamente con simulaciones, tal y como ya se ha visto. Por eso tengo contemplado acudir al Poder Legislativo antes de que finalice este a\u00f1o para buscar la comisi\u00f3n que empate con lo que estoy haciendo para incrustar mi propuesta ah\u00ed\u201d.<\/b><\/p>\n<p><b>Te puede interesar:<\/b> <b><a href=\"https:\/\/www.elsoldelbajio.com.mx\/local\/habra-reestructuracion-de-personal-en-las-areas-de-detencion-10145535.html\" target=\"_blank\" rel=\"Follow noopener\">Habr\u00e1 reestructuraci\u00f3n de personal en las \u00e1reas de detenci\u00f3n<\/a><\/b><\/p>\n<p>\u201cLo que queremos es que los defensores p\u00fablicos puedan tener m\u00e1s amplitud y menos trabajo para poder atender cada una de las causas penales, porque <b>es exagerado el trabajo que tienen.<\/b> Tenemos que garantizar que no se cuarteen los derechos que tenemos como ciudadanos como lo son la debida defensa, el debido procedimiento y <b>presunci\u00f3n de inocencia.<\/b><\/p>\n<p>Mencion\u00f3 que la intenci\u00f3n es hacer un llamado a las autoridades para ponerse m\u00e1s a la vanguardia, ya que asegur\u00f3, en muchos estados de la rep\u00fablica ya cuentan con <b>el Instituto de la Defensor\u00eda P\u00fablica Penal<\/b> y en<b> Celaya<\/b> a\u00fan no se cuenta con ello. <\/p>\n<p>\u201cNosotros a\u00fan estamos rezagados en una direcci\u00f3n de la defensor\u00eda penal que depende de la secretar\u00eda de gobierno. Estamos viendo, de alguna manera, muchas deficiencias, sabemos que en <b>Celaya<\/b> la violencia est\u00e1 suelta, por lo tanto, aumentan las causas penales que llegan tanto a la Fiscal\u00eda como al Poder Judicial\u201d.<\/p>\n<p>De igual forma, indic\u00f3 que el beneficio que se tendr\u00e1 con este instituto es que podr\u00e1 tener su propio recurso, adem\u00e1s de que no habr\u00eda posibilidad de acomodar gente <b>\u201ccomo se viene haciendo en la direcci\u00f3n de defensor\u00eda p\u00fablica\u201d. <\/b><\/p>\n<p>\u201cEl derecho a una adecuada defensa es un derecho humano, y tanto yo como activista social, estudiante y de <b>Pacto por el Barrio,<\/b> voy a presentar la propuesta de reforma a trav\u00e9s de v\u00edas jur\u00eddicas, lo cual nos llevar\u00e1 a proteger el debido proceso y la debida defensa para la gente imputada que a\u00fan no sea sentenciada\u201d. <\/p>\n<p>Para concluir, destac\u00f3 que tambi\u00e9n es importante contar con un verdadero defensor de los derechos humanos, por lo que, se buscar\u00e1 que quien est\u00e9 a la cabeza sea independiente, ya que su principal funci\u00f3n <b>es proteger a los ciudadanos cuando sus derechos humanos sean transgredidos por parte de las autoridades. <\/b><\/p>\n<\/div>\n<p><script>(function(d, s, id) {\nvar js, fjs = d.getElementsByTagName(s)[0];\nif (d.getElementById(id)) return;\njs = d.createElement(s); js.id = id;\njs.src = 'https:\/\/connect.facebook.net\/es_LA\/sdk.js#xfbml=1&version=v3.2&appId=899106460676237&autoLogAppEvents=1';\nfjs.parentNode.insertBefore(js, fjs);\n}(document, 'script', 'facebook-jssdk'));\n<\/script><\/p>\n","protected":false},"excerpt":{"rendered":"<p>CELAYA, Gto. (OEM-Informex).- Actualmente en la ciudad \u201csolamente tenemos 10 abogados penalistas de la Defensor\u00eda P\u00fablica de Oficio que est\u00e1n atendiendo a aproximadamente 130 y 140 causas penales, lo cual no permite concertarse, crear una teor\u00eda del caso, ni del delito para cada una de ellas, sino que se da cause a la gesti\u00f3n, vinculaci\u00f3n [&hellip;]<\/p>\n","protected":false},"author":2,"featured_media":11260,"comment_status":"","ping_status":"","sticky":false,"template":"","format":"standard","meta":{"_monsterinsights_skip_tracking":false,"_monsterinsights_sitenote_active":false,"_monsterinsights_sitenote_note":"","_monsterinsights_sitenote_category":0,"footnotes":""},"categories":[8],"tags":[],"class_list":["post-11259","post","type-post","status-publish","format-standard","has-post-thumbnail","hentry","category-guanajuato"],"_links":{"self":[{"href":"https:\/\/informebajio.com.mx\/index.php?rest_route=\/wp\/v2\/posts\/11259","targetHints":{"allow":["GET"]}}],"collection":[{"href":"https:\/\/informebajio.com.mx\/index.php?rest_route=\/wp\/v2\/posts"}],"about":[{"href":"https:\/\/informebajio.com.mx\/index.php?rest_route=\/wp\/v2\/types\/post"}],"author":[{"embeddable":true,"href":"https:\/\/informebajio.com.mx\/index.php?rest_route=\/wp\/v2\/users\/2"}],"replies":[{"embeddable":true,"href":"https:\/\/informebajio.com.mx\/index.php?rest_route=%2Fwp%2Fv2%2Fcomments&post=11259"}],"version-history":[{"count":0,"href":"https:\/\/informebajio.com.mx\/index.php?rest_route=\/wp\/v2\/posts\/11259\/revisions"}],"wp:featuredmedia":[{"embeddable":true,"href":"https:\/\/informebajio.com.mx\/index.php?rest_route=\/wp\/v2\/media\/11260"}],"wp:attachment":[{"href":"https:\/\/informebajio.com.mx\/index.php?rest_route=%2Fwp%2Fv2%2Fmedia&parent=11259"}],"wp:term":[{"taxonomy":"category","embeddable":true,"href":"https:\/\/informebajio.com.mx\/index.php?rest_route=%2Fwp%2Fv2%2Fcategories&post=11259"},{"taxonomy":"post_tag","embeddable":true,"href":"https:\/\/informebajio.com.mx\/index.php?rest_route=%2Fwp%2Fv2%2Ftags&post=11259"}],"curies":[{"name":"wp","href":"https:\/\/api.w.org\/{rel}","templated":true}]}}