{"id":11263,"date":"2023-06-02T16:32:15","date_gmt":"2023-06-02T21:32:15","guid":{"rendered":"https:\/\/informebajio.com.mx\/?p=11263"},"modified":"2023-06-02T16:32:15","modified_gmt":"2023-06-02T21:32:15","slug":"los-jovenes-transforman-el-estado-con-su-trabajo","status":"publish","type":"post","link":"https:\/\/informebajio.com.mx\/?p=11263","title":{"rendered":"Los j\u00f3venes transforman el estado con su trabajo"},"content":{"rendered":"<div id=\"content-body-5851641-10152290\">\n<p><b>GUANAJUATO, Gto.- El gobierno del estado le apuesta y abre las puertas a la juventud de Guanajuato, afirm\u00f3 la secretaria de Desarrollo Social y Humano, Libia Denisse Garc\u00eda Mu\u00f1oz Ledo, durante en el encuentro estatal de l\u00edderes de Grandeza a quienes les tom\u00f3 la protesta en un evento realizado en el Centro de Convenciones de la capital al que asistieron cerca de dos mil j\u00f3venes.<\/b><\/p>\n<p>\u27a1 <a href=\"https:\/\/oem.pressreader.com\/el-sol-de-irapuato\" target=\"_blank\" rel=\"noopener\"><b>Suscr\u00edbete a nuestra edici\u00f3n digital<\/b><\/a><\/p>\n<p><b>En un evento organizado por el director de Desarrollo y Atenci\u00f3n de las Juventudes<\/b>, Antonio de Jes\u00fas Navarro Padilla, <b>la titular de la SEDESHU<\/b>, asisti\u00f3 en representaci\u00f3n del gobernador de Guanajuato, <b>Diego Sinhu\u00e9 Rodr\u00edguez Vallejo<\/b> para transmitirles un mensaje a las y los j\u00f3venes.<\/p>\n<p><b>Antes se present\u00f3 un performance<\/b> que anim\u00f3 a los muchachos y muchachas que asistieron de varios municipios del estado, <b>quienes tomaron la protesta de rigor y se comprometieron a trabajar<\/b> en una agenda com\u00fan para realizar diversas actividades que beneficien a este<b> sector de la poblaci\u00f3n.<\/b><\/p>\n<p><b>Libia Garc\u00ed<\/b>a manifest\u00f3 \u201choy los j\u00f3venes est\u00e1n dando <b>el ejemplo de c\u00f3mo debemos hacer las cosas<\/b>, con pasi\u00f3n, con talento y <b>con mucha capacidad y compromiso\u201d.<\/b><\/p>\n<p>Enseguida extern\u00f3<b> \u201cchavos de Guanajuato, el estado conf\u00eda en ustedes<\/b>, conf\u00eda en su talento, en su capacidad, porque en el mundo quienes<b> han transformado las cosas<\/b>, siempre han sido los j\u00f3venes, <b>por eso hoy, estoy aqu\u00ed con ustedes\u201d.<\/b><\/p>\n<p><b>La funcionaria estatal invit\u00f3 a que los j\u00f3venes<\/b> nunca dejen de so\u00f1ar, \u201cnunca dejen de luchar por sus sue\u00f1os\u201d.<\/p>\n<p>\u201c<b>Estoy segura que aqu\u00ed hay muchas j\u00f3venes<\/b>, muchos j\u00f3venes que est\u00e1n destinados a cambiar la historia de Guanajuato. Hoy nosotros creemos en ustedes y<b> estoy aqu\u00ed para decirles que nosotros le apostamos<\/b> a la juventud de Guanajuato\u201d, puntualiz\u00f3.<\/p>\n<p>Extern\u00f3<b> \u201cchavos, chavas, no dejen que nunca nadie les diga que no se puede<\/b>, ustedes son capaces de transformar no solo su entorno,<b> sino de transformar el estado con su trabajo<\/b>, hoy Guanajuato los necesita fuertes, estudiando, trabajando para lograr <b>construir juntos ese Guanajuato<\/b> del que nos sentimos orgullosos\u201d.<\/p>\n<p>Finalmente, dijo que<b> los j\u00f3venes cuentan con el apoyo de esta secretar\u00eda<\/b> \u201ctienen en mi a una aliada para trabajar por los j\u00f3venes de Guanajuato, <b>porque no hay mayor fuerza que la que viene de ustedes\u201d.<\/b><\/p>\n<\/div>\n<p><script>(function(d, s, id) {\nvar js, fjs = d.getElementsByTagName(s)[0];\nif (d.getElementById(id)) return;\njs = d.createElement(s); js.id = id;\njs.src = 'https:\/\/connect.facebook.net\/es_LA\/sdk.js#xfbml=1&version=v3.2&appId=899106460676237&autoLogAppEvents=1';\nfjs.parentNode.insertBefore(js, fjs);\n}(document, 'script', 'facebook-jssdk'));\n<\/script><\/p>\n","protected":false},"excerpt":{"rendered":"<p>GUANAJUATO, Gto.- El gobierno del estado le apuesta y abre las puertas a la juventud de Guanajuato, afirm\u00f3 la secretaria de Desarrollo Social y Humano, Libia Denisse Garc\u00eda Mu\u00f1oz Ledo, durante en el encuentro estatal de l\u00edderes de Grandeza a quienes les tom\u00f3 la protesta en un evento realizado en el Centro de Convenciones de [&hellip;]<\/p>\n","protected":false},"author":2,"featured_media":11264,"comment_status":"","ping_status":"","sticky":false,"template":"","format":"standard","meta":{"_monsterinsights_skip_tracking":false,"_monsterinsights_sitenote_active":false,"_monsterinsights_sitenote_note":"","_monsterinsights_sitenote_category":0,"footnotes":""},"categories":[8],"tags":[],"class_list":["post-11263","post","type-post","status-publish","format-standard","has-post-thumbnail","hentry","category-guanajuato"],"_links":{"self":[{"href":"https:\/\/informebajio.com.mx\/index.php?rest_route=\/wp\/v2\/posts\/11263","targetHints":{"allow":["GET"]}}],"collection":[{"href":"https:\/\/informebajio.com.mx\/index.php?rest_route=\/wp\/v2\/posts"}],"about":[{"href":"https:\/\/informebajio.com.mx\/index.php?rest_route=\/wp\/v2\/types\/post"}],"author":[{"embeddable":true,"href":"https:\/\/informebajio.com.mx\/index.php?rest_route=\/wp\/v2\/users\/2"}],"replies":[{"embeddable":true,"href":"https:\/\/informebajio.com.mx\/index.php?rest_route=%2Fwp%2Fv2%2Fcomments&post=11263"}],"version-history":[{"count":0,"href":"https:\/\/informebajio.com.mx\/index.php?rest_route=\/wp\/v2\/posts\/11263\/revisions"}],"wp:featuredmedia":[{"embeddable":true,"href":"https:\/\/informebajio.com.mx\/index.php?rest_route=\/wp\/v2\/media\/11264"}],"wp:attachment":[{"href":"https:\/\/informebajio.com.mx\/index.php?rest_route=%2Fwp%2Fv2%2Fmedia&parent=11263"}],"wp:term":[{"taxonomy":"category","embeddable":true,"href":"https:\/\/informebajio.com.mx\/index.php?rest_route=%2Fwp%2Fv2%2Fcategories&post=11263"},{"taxonomy":"post_tag","embeddable":true,"href":"https:\/\/informebajio.com.mx\/index.php?rest_route=%2Fwp%2Fv2%2Ftags&post=11263"}],"curies":[{"name":"wp","href":"https:\/\/api.w.org\/{rel}","templated":true}]}}