{"id":11269,"date":"2023-06-02T18:47:33","date_gmt":"2023-06-02T23:47:33","guid":{"rendered":"https:\/\/informebajio.com.mx\/?p=11269"},"modified":"2023-06-02T18:47:33","modified_gmt":"2023-06-02T23:47:33","slug":"deja-medellin-la-secretaria-particular-recibe-la-oficina-victor-aguilera","status":"publish","type":"post","link":"https:\/\/informebajio.com.mx\/?p=11269","title":{"rendered":"Deja Medell\u00edn la secretaria particular, recibe la oficina V\u00edctor Aguilera"},"content":{"rendered":"<div id=\"content-body-5851641-10160158\">\n<p><b>CELAYA, Gto.- (OEM-Informex).-<\/b> <b>Ram\u00f3n Gerardo Medell\u00edn present\u00f3 su renuncia<\/b> como secretario particular y qued\u00f3 como encargado de Despacho, <b>V\u00edctor Aguilera,<\/b> actual titular de <b>Comunicaci\u00f3n Social,<\/b> mientras se elige a un nuevo encargado de dicha \u00e1rea.<\/p>\n<p>En rueda de prensa, <b>V\u00edctor Aguilera<\/b> inform\u00f3 que por la ma\u00f1ana del viernes se hizo el tr\u00e1mite de entrega recepci\u00f3n de <b>Ram\u00f3n Medell\u00edn,<\/b> como secretario particular de la oficina del presidente municipal <b>Javier Mendoza M\u00e1rquez.<\/b><\/p>\n<p><b>\u201cSe me asign\u00f3 hacer el tr\u00e1mite de entrega recepci\u00f3n de todos los pendientes que ten\u00eda a su cargo el maestro Medell\u00edn. En estos d\u00edas estar\u00e9 cumpliendo la funci\u00f3n como encargado de Despacho, mientras llega la persona que se quedar\u00e1 al frente de la secretar\u00eda particular\u201d,<\/b> mencion\u00f3.<\/p>\n<p>Seg\u00fan el alcalde, elegir a un nuevo encargado de la secretar\u00eda particular podr\u00eda estar eligi\u00e9ndose en unos <b>15 d\u00edas,<\/b> por lo que ya se est\u00e1 analizando perfiles y se est\u00e1 entrevistando a distintas personas.<\/p>\n<p>Consider\u00f3 que, como encargado de despacho, es importante su labor, desde la trinchera en la que se encuentra, porque la finalidad suya y de todos los que conforman la administraci\u00f3n, es trabajar por el bien de <b>Celaya.<\/b><\/p>\n<p>Explic\u00f3 que como <b>encargado de Despacho,<\/b> sus actividades ser\u00e1n ponerse al tanto de los pendientes que existen, el contacto con el <b>gabinete,<\/b> seguir las reuniones como secretario particular.<\/p>\n<p>Aclar\u00f3 que la <b>Contralor\u00eda realiz\u00f3 la entrega recepci\u00f3n,<\/b> y sigue ver los pendientes de la dependencia, entre ellas mantener la reuni\u00f3n con los integrantes del gabinete.<\/p>\n<p><b>Te puede interesar:<\/b> <a href=\"https:\/\/www.elsoldelbajio.com.mx\/local\/inicia-entrega-de-becas-municipales-en-el-municipio-10158419.html\"><b>Inicia entrega de Becas Municipales<\/b><\/a><\/p>\n<p>Explic\u00f3 que <b>el movimiento de Ram\u00f3n Medell\u00edn es una renuncia, por causas personales<\/b>, y dicha renuncia caus\u00f3 sorpresa al alcalde, aunque era una noticia que ya se ven\u00eda manejando desde la semana pasado, pero este viernes se confirma.<\/p>\n<p>Para concluir, dijo que no se le ha entregado su <b>finiquito,<\/b> pero se har\u00e1 en su momento, seg\u00fan lo marca la ley.<\/p>\n<\/div>\n<p><script>(function(d, s, id) {\nvar js, fjs = d.getElementsByTagName(s)[0];\nif (d.getElementById(id)) return;\njs = d.createElement(s); js.id = id;\njs.src = 'https:\/\/connect.facebook.net\/es_LA\/sdk.js#xfbml=1&version=v3.2&appId=899106460676237&autoLogAppEvents=1';\nfjs.parentNode.insertBefore(js, fjs);\n}(document, 'script', 'facebook-jssdk'));\n<\/script><\/p>\n","protected":false},"excerpt":{"rendered":"<p>CELAYA, Gto.- (OEM-Informex).- Ram\u00f3n Gerardo Medell\u00edn present\u00f3 su renuncia como secretario particular y qued\u00f3 como encargado de Despacho, V\u00edctor Aguilera, actual titular de Comunicaci\u00f3n Social, mientras se elige a un nuevo encargado de dicha \u00e1rea. En rueda de prensa, V\u00edctor Aguilera inform\u00f3 que por la ma\u00f1ana del viernes se hizo el tr\u00e1mite de entrega recepci\u00f3n [&hellip;]<\/p>\n","protected":false},"author":2,"featured_media":11270,"comment_status":"","ping_status":"","sticky":false,"template":"","format":"standard","meta":{"_monsterinsights_skip_tracking":false,"_monsterinsights_sitenote_active":false,"_monsterinsights_sitenote_note":"","_monsterinsights_sitenote_category":0,"footnotes":""},"categories":[8],"tags":[],"class_list":["post-11269","post","type-post","status-publish","format-standard","has-post-thumbnail","hentry","category-guanajuato"],"_links":{"self":[{"href":"https:\/\/informebajio.com.mx\/index.php?rest_route=\/wp\/v2\/posts\/11269","targetHints":{"allow":["GET"]}}],"collection":[{"href":"https:\/\/informebajio.com.mx\/index.php?rest_route=\/wp\/v2\/posts"}],"about":[{"href":"https:\/\/informebajio.com.mx\/index.php?rest_route=\/wp\/v2\/types\/post"}],"author":[{"embeddable":true,"href":"https:\/\/informebajio.com.mx\/index.php?rest_route=\/wp\/v2\/users\/2"}],"replies":[{"embeddable":true,"href":"https:\/\/informebajio.com.mx\/index.php?rest_route=%2Fwp%2Fv2%2Fcomments&post=11269"}],"version-history":[{"count":0,"href":"https:\/\/informebajio.com.mx\/index.php?rest_route=\/wp\/v2\/posts\/11269\/revisions"}],"wp:featuredmedia":[{"embeddable":true,"href":"https:\/\/informebajio.com.mx\/index.php?rest_route=\/wp\/v2\/media\/11270"}],"wp:attachment":[{"href":"https:\/\/informebajio.com.mx\/index.php?rest_route=%2Fwp%2Fv2%2Fmedia&parent=11269"}],"wp:term":[{"taxonomy":"category","embeddable":true,"href":"https:\/\/informebajio.com.mx\/index.php?rest_route=%2Fwp%2Fv2%2Fcategories&post=11269"},{"taxonomy":"post_tag","embeddable":true,"href":"https:\/\/informebajio.com.mx\/index.php?rest_route=%2Fwp%2Fv2%2Ftags&post=11269"}],"curies":[{"name":"wp","href":"https:\/\/api.w.org\/{rel}","templated":true}]}}