{"id":11273,"date":"2023-06-02T20:17:57","date_gmt":"2023-06-03T01:17:57","guid":{"rendered":"https:\/\/informebajio.com.mx\/?p=11273"},"modified":"2023-06-02T20:17:57","modified_gmt":"2023-06-03T01:17:57","slug":"detectan-presencia-de-centroamericanos-pertenecientes-a-grupos-criminales-en-juventino-rosas","status":"publish","type":"post","link":"https:\/\/informebajio.com.mx\/?p=11273","title":{"rendered":"Detectan presencia de centroamericanos pertenecientes a grupos criminales en Juventino Rosas"},"content":{"rendered":"<div id=\"content-body-5851641-10157327\">\n<p>Le\u00f3n, Gto.- Tras el ataque y homicidio de <b>un elemento de la Polic\u00eda Estatal en Juventino Rosas<\/b>, el presidente municipal, <b>Fernando Gasca Almanza, <\/b>dijo que obedece a una lesi\u00f3n al crimen organizado donde incluso <b>detectaron la presencia de centroamericanos como parte de un grupo delincuencial que opera en ese municipio. <\/b><\/p>\n<p>\u27a1 <u><a href=\"https:\/\/oem.pressreader.com\/el-sol-de-leon\" target=\"_blank\" rel=\"Follow noopener\"><b>Suscr\u00edbete a nuestra edici\u00f3n digital<\/b><\/a><\/u><\/p>\n<p>Luego de los m\u00faltiples <b>ataques a polic\u00edas de Celaya, <\/b>este jueves se dio a conocer que un elemento del Mando \u00danico que operaba en Juventino Rosas <b>fue asesinado supuestamente luego de que la Fiscal\u00eda de Guanajuato realizar\u00e1 un cateo<\/b> en un domicilio donde tambi\u00e9n decomisaron armas de fuego.<\/p>\n<p> \u201cHace poco detectaron la presencia de centroamericanos n<b>o s\u00e9 si sean mismos parte de los de El Marro o no, pero obviamente fue muy reciente,<\/b> fue ayer cuando se detect\u00f3 en una casa particular armamento y yo creo que es una respuesta de ellos\u201d\u201d, dijo.<\/p>\n<p><b>Te puede interesar: <u><a href=\"https:\/\/www.noticiasvespertinas.com.mx\/policiaca\/asesinan-a-dos-elementos-de-las-fuerzas-de-seguridad-publica-en-celaya-10153870.html\" target=\"_self\" rel=\"noFollow noopener\">Asesinan a elemento de las Fuerzas de Seguridad P\u00fablica en Juventino Rosas<\/a><\/u><\/b><\/p>\n<p>El homicidio del elemento se llev\u00f3 a cabo en el libramiento sur que conecta con Celaya. Sin embargo, el alcalde defendi\u00f3 que este tipo de delitos ya iban a la baja.<\/p>\n<p> \u201cHasta la fecha se hab\u00edan mantenido muy bajos los niveles de cr\u00edmenes de alto impacto, aunque espor\u00e1dicamente se presentaban, pero <b>ya muy por debajo de la media que se ten\u00eda en los a\u00f1os anteriores,<\/b> obviamente se han lesionado sus intereses del crimen organizado y se deriv\u00f3 en esta situaci\u00f3n\u201d, agreg\u00f3.<\/p>\n<p>El alcalde dijo que ya se hab\u00eda acordado con el estado que iba a haber m\u00e1s presencia y vigilancia de la Polic\u00eda Estatal ya que ha sido dif\u00edcil reclutar a los elementos municipales porque temen por la inseguridad que se est\u00e1n viviendo. <\/p>\n<p><b>Te puede interesar: <u><a href=\"https:\/\/www.noticiasvespertinas.com.mx\/policiaca\/acribillan-a-cuatro-personas-en-un-taller-de-herreria-en-apaseo-el-alto-10152617.html\" target=\"_self\" rel=\"noFollow noopener\">Acribillan a cuatro personas en un taller de herrer\u00eda en Apaseo el Alto<\/a><\/u><\/b><\/p>\n<p>\u201cSiguen reclutando pues <b>no hay la afluencia que esperaban, tienen m\u00e1s de 20 solicitudes de las cuales 12 se van a mandar a examen<\/b> y que se complete la documentaci\u00f3n para hacer otro grupo. No hay esa afluencia que esper\u00e1bamos por los hechos delictivos del crimen organizado y por seguridad yo creo, es una profesi\u00f3n de alto riesgo\u201d, a\u00f1adi\u00f3.<\/p>\n<p>En este tenor, <b>Fernando Gasca asegur\u00f3 que el Mando \u00danico todav\u00eda permanecer\u00e1 en el municipio por un tiempo prolongado hasta que se defina la situaci\u00f3n de la polic\u00eda local <\/b>de Juventino Rosas.<\/p>\n<\/div>\n<p><script>(function(d, s, id) {\nvar js, fjs = d.getElementsByTagName(s)[0];\nif (d.getElementById(id)) return;\njs = d.createElement(s); js.id = id;\njs.src = 'https:\/\/connect.facebook.net\/es_LA\/sdk.js#xfbml=1&version=v3.2&appId=899106460676237&autoLogAppEvents=1';\nfjs.parentNode.insertBefore(js, fjs);\n}(document, 'script', 'facebook-jssdk'));\n<\/script><\/p>\n","protected":false},"excerpt":{"rendered":"<p>Le\u00f3n, Gto.- Tras el ataque y homicidio de un elemento de la Polic\u00eda Estatal en Juventino Rosas, el presidente municipal, Fernando Gasca Almanza, dijo que obedece a una lesi\u00f3n al crimen organizado donde incluso detectaron la presencia de centroamericanos como parte de un grupo delincuencial que opera en ese municipio. \u27a1 Suscr\u00edbete a nuestra edici\u00f3n [&hellip;]<\/p>\n","protected":false},"author":2,"featured_media":11274,"comment_status":"","ping_status":"","sticky":false,"template":"","format":"standard","meta":{"_monsterinsights_skip_tracking":false,"_monsterinsights_sitenote_active":false,"_monsterinsights_sitenote_note":"","_monsterinsights_sitenote_category":0,"footnotes":""},"categories":[8],"tags":[],"class_list":["post-11273","post","type-post","status-publish","format-standard","has-post-thumbnail","hentry","category-guanajuato"],"_links":{"self":[{"href":"https:\/\/informebajio.com.mx\/index.php?rest_route=\/wp\/v2\/posts\/11273","targetHints":{"allow":["GET"]}}],"collection":[{"href":"https:\/\/informebajio.com.mx\/index.php?rest_route=\/wp\/v2\/posts"}],"about":[{"href":"https:\/\/informebajio.com.mx\/index.php?rest_route=\/wp\/v2\/types\/post"}],"author":[{"embeddable":true,"href":"https:\/\/informebajio.com.mx\/index.php?rest_route=\/wp\/v2\/users\/2"}],"replies":[{"embeddable":true,"href":"https:\/\/informebajio.com.mx\/index.php?rest_route=%2Fwp%2Fv2%2Fcomments&post=11273"}],"version-history":[{"count":0,"href":"https:\/\/informebajio.com.mx\/index.php?rest_route=\/wp\/v2\/posts\/11273\/revisions"}],"wp:featuredmedia":[{"embeddable":true,"href":"https:\/\/informebajio.com.mx\/index.php?rest_route=\/wp\/v2\/media\/11274"}],"wp:attachment":[{"href":"https:\/\/informebajio.com.mx\/index.php?rest_route=%2Fwp%2Fv2%2Fmedia&parent=11273"}],"wp:term":[{"taxonomy":"category","embeddable":true,"href":"https:\/\/informebajio.com.mx\/index.php?rest_route=%2Fwp%2Fv2%2Fcategories&post=11273"},{"taxonomy":"post_tag","embeddable":true,"href":"https:\/\/informebajio.com.mx\/index.php?rest_route=%2Fwp%2Fv2%2Ftags&post=11273"}],"curies":[{"name":"wp","href":"https:\/\/api.w.org\/{rel}","templated":true}]}}